
{"id":7880,"date":"2025-05-11T12:32:09","date_gmt":"2025-05-11T09:32:09","guid":{"rendered":"https:\/\/fecha.gr\/7880\/mariposas-negras-cine-vox-jueves-5-de-junio\/"},"modified":"2025-05-11T12:32:11","modified_gmt":"2025-05-11T09:32:11","slug":"mariposas-negras-cine-vox-jueves-5-de-junio","status":"publish","type":"post","link":"https:\/\/fecha.gr\/es\/7880\/mariposas-negras-cine-vox-jueves-5-de-junio\/","title":{"rendered":"\u00abMariposas Negras\u00bb | Cine Vox | jueves 5 de junio"},"content":{"rendered":"\n<p>El jueves 5 de junio se presentar\u00e1 con entrada gratuita en el cine VOX de verano (Themistocleous 82, Atenas) la pel\u00edcula ganadora del premio GOYA \u201cMariposas Negras\u201d a las 21:30.<\/p>\n\n<p>Con subt\u00edtulos en griego.<\/p>\n\n<p><strong>Mariposas Negras<\/strong><br\/>David Baute (Espa\u00f1a- Panam\u00e1, 2024, 83\u2019)<\/p>\n\n<figure class=\"wp-block-image size-large is-resized\"><img loading=\"lazy\" decoding=\"async\" width=\"1024\" height=\"599\" src=\"https:\/\/fecha.gr\/wp-content\/uploads\/2025\/05\/mariposas_negras_3-copia-1024x599.jpg\" alt=\"\" class=\"wp-image-7811\" style=\"width:600px\" srcset=\"https:\/\/fecha.gr\/wp-content\/uploads\/2025\/05\/mariposas_negras_3-copia-1024x599.jpg 1024w, https:\/\/fecha.gr\/wp-content\/uploads\/2025\/05\/mariposas_negras_3-copia-300x176.jpg 300w, https:\/\/fecha.gr\/wp-content\/uploads\/2025\/05\/mariposas_negras_3-copia-1536x899.jpg 1536w, https:\/\/fecha.gr\/wp-content\/uploads\/2025\/05\/mariposas_negras_3-copia.jpg 1846w\" sizes=\"auto, (max-width: 1024px) 100vw, 1024px\" \/><\/figure>\n\n<p><em>Premio Goya 2025 a la Mejor Pel\u00edcula de Animaci\u00f3n<\/em><br\/>Inspirada por mujeres reales, propone un viaje desde \u00c1frica, el Caribe y Asia hacia un incierto futuro para la humanidad. El cambio clima\u0301tico impacta en las vidas de Tanit, Valeria y Shaila, tres mujeres de puntos muy distintos del planeta pero con algo en comu\u0301n: las tres lo pierden todo por el efecto del calentamiento global y se ven forzadas a migrar.<\/p>\n\n<p>Al finalizar la proyecci\u00f3n habr\u00e1 una charla sobre el cambio clim\u00e1tico.<\/p>\n\n<p>Con el apoyo de la Fundaci\u00f3n Rosa Luxemburg y la colaboraci\u00f3n de Animasyros.<\/p>\n","protected":false},"excerpt":{"rendered":"<p>El jueves 5 de junio se presentar\u00e1 con entrada gratuita en el cine VOX de verano (Themistocleous 82, Atenas) la pel\u00edcula ganadora del premio GOYA \u201cMariposas Negras\u201d a las 21:30. Con subt\u00edtulos en griego. Mariposas NegrasDavid Baute (Espa\u00f1a- Panam\u00e1, 2024, 83\u2019) Premio Goya 2025 a la Mejor Pel\u00edcula de Animaci\u00f3nInspirada por mujeres reales, propone un viaje desde \u00c1frica, el Caribe&hellip;<\/p>\n","protected":false},"author":2,"featured_media":7816,"comment_status":"closed","ping_status":"closed","sticky":false,"template":"","format":"standard","meta":{"powered_cache_disable_cache":false,"footnotes":""},"categories":[31,161],"tags":[],"class_list":["post-7880","post","type-post","status-publish","format-standard","has-post-thumbnail","hentry","category-noticias","category-noticias-2025"],"yoast_head":"<!-- This site is optimized with the Yoast SEO plugin v27.5 - https:\/\/yoast.com\/product\/yoast-seo-wordpress\/ -->\n<title>&quot;Mariposas Negras&quot; | Cine Vox | jueves 5 de junio - FeCHA - Festival de Cine Hispan\u00f3fono de Atenas \/ Hispanic Film Festival of Athens<\/title>\n<meta name=\"robots\" content=\"index, follow, max-snippet:-1, max-image-preview:large, max-video-preview:-1\" \/>\n<link rel=\"canonical\" href=\"https:\/\/fecha.gr\/es\/7880\/mariposas-negras-cine-vox-jueves-5-de-junio\/\" \/>\n<meta property=\"og:locale\" content=\"es_ES\" \/>\n<meta property=\"og:type\" content=\"article\" \/>\n<meta property=\"og:title\" content=\"&quot;Mariposas Negras&quot; | Cine Vox | jueves 5 de junio - FeCHA - Festival de Cine Hispan\u00f3fono de Atenas \/ Hispanic Film Festival of Athens\" \/>\n<meta property=\"og:description\" content=\"El jueves 5 de junio se presentar\u00e1 con entrada gratuita en el cine VOX de verano (Themistocleous 82, Atenas) la pel\u00edcula ganadora del premio GOYA \u201cMariposas Negras\u201d a las 21:30. Con subt\u00edtulos en griego. Mariposas NegrasDavid Baute (Espa\u00f1a- Panam\u00e1, 2024, 83\u2019) Premio Goya 2025 a la Mejor Pel\u00edcula de Animaci\u00f3nInspirada por mujeres reales, propone un viaje desde \u00c1frica, el Caribe&hellip;\" \/>\n<meta property=\"og:url\" content=\"https:\/\/fecha.gr\/es\/7880\/mariposas-negras-cine-vox-jueves-5-de-junio\/\" \/>\n<meta property=\"og:site_name\" content=\"FeCHA - Festival de Cine Hispan\u00f3fono de Atenas \/ Hispanic Film Festival of Athens\" \/>\n<meta property=\"article:published_time\" content=\"2025-05-11T09:32:09+00:00\" \/>\n<meta property=\"article:modified_time\" content=\"2025-05-11T09:32:11+00:00\" \/>\n<meta property=\"og:image\" content=\"https:\/\/fecha.gr\/wp-content\/uploads\/2025\/05\/Mariposas-negras-de-Tinglado-Films.jpg\" \/>\n\t<meta property=\"og:image:width\" content=\"2048\" \/>\n\t<meta property=\"og:image:height\" content=\"1080\" \/>\n\t<meta property=\"og:image:type\" content=\"image\/jpeg\" \/>\n<meta name=\"author\" content=\"fes\" \/>\n<meta name=\"twitter:card\" content=\"summary_large_image\" \/>\n<script type=\"application\/ld+json\" class=\"yoast-schema-graph\">{\"@context\":\"https:\\\/\\\/schema.org\",\"@graph\":[{\"@type\":\"Article\",\"@id\":\"https:\\\/\\\/fecha.gr\\\/es\\\/7880\\\/mariposas-negras-cine-vox-jueves-5-de-junio\\\/#article\",\"isPartOf\":{\"@id\":\"https:\\\/\\\/fecha.gr\\\/es\\\/7880\\\/mariposas-negras-cine-vox-jueves-5-de-junio\\\/\"},\"author\":{\"name\":\"fes\",\"@id\":\"https:\\\/\\\/fecha.gr\\\/#\\\/schema\\\/person\\\/7aeeb4cb445b980097bd9e97d4cc2e8d\"},\"headline\":\"\u00abMariposas Negras\u00bb | Cine Vox | jueves 5 de junio\",\"datePublished\":\"2025-05-11T09:32:09+00:00\",\"dateModified\":\"2025-05-11T09:32:11+00:00\",\"mainEntityOfPage\":{\"@id\":\"https:\\\/\\\/fecha.gr\\\/es\\\/7880\\\/mariposas-negras-cine-vox-jueves-5-de-junio\\\/\"},\"wordCount\":149,\"publisher\":{\"@id\":\"https:\\\/\\\/fecha.gr\\\/#organization\"},\"image\":{\"@id\":\"https:\\\/\\\/fecha.gr\\\/es\\\/7880\\\/mariposas-negras-cine-vox-jueves-5-de-junio\\\/#primaryimage\"},\"thumbnailUrl\":\"https:\\\/\\\/fecha.gr\\\/wp-content\\\/uploads\\\/2025\\\/05\\\/Mariposas-negras-de-Tinglado-Films.jpg\",\"articleSection\":[\"Noticias\",\"Noticias 2025\"],\"inLanguage\":\"es\"},{\"@type\":\"WebPage\",\"@id\":\"https:\\\/\\\/fecha.gr\\\/es\\\/7880\\\/mariposas-negras-cine-vox-jueves-5-de-junio\\\/\",\"url\":\"https:\\\/\\\/fecha.gr\\\/es\\\/7880\\\/mariposas-negras-cine-vox-jueves-5-de-junio\\\/\",\"name\":\"\\\"Mariposas Negras\\\" | Cine Vox | jueves 5 de junio - FeCHA - Festival de Cine Hispan\u00f3fono de Atenas \\\/ Hispanic Film Festival of Athens\",\"isPartOf\":{\"@id\":\"https:\\\/\\\/fecha.gr\\\/#website\"},\"primaryImageOfPage\":{\"@id\":\"https:\\\/\\\/fecha.gr\\\/es\\\/7880\\\/mariposas-negras-cine-vox-jueves-5-de-junio\\\/#primaryimage\"},\"image\":{\"@id\":\"https:\\\/\\\/fecha.gr\\\/es\\\/7880\\\/mariposas-negras-cine-vox-jueves-5-de-junio\\\/#primaryimage\"},\"thumbnailUrl\":\"https:\\\/\\\/fecha.gr\\\/wp-content\\\/uploads\\\/2025\\\/05\\\/Mariposas-negras-de-Tinglado-Films.jpg\",\"datePublished\":\"2025-05-11T09:32:09+00:00\",\"dateModified\":\"2025-05-11T09:32:11+00:00\",\"breadcrumb\":{\"@id\":\"https:\\\/\\\/fecha.gr\\\/es\\\/7880\\\/mariposas-negras-cine-vox-jueves-5-de-junio\\\/#breadcrumb\"},\"inLanguage\":\"es\",\"potentialAction\":[{\"@type\":\"ReadAction\",\"target\":[\"https:\\\/\\\/fecha.gr\\\/es\\\/7880\\\/mariposas-negras-cine-vox-jueves-5-de-junio\\\/\"]}]},{\"@type\":\"ImageObject\",\"inLanguage\":\"es\",\"@id\":\"https:\\\/\\\/fecha.gr\\\/es\\\/7880\\\/mariposas-negras-cine-vox-jueves-5-de-junio\\\/#primaryimage\",\"url\":\"https:\\\/\\\/fecha.gr\\\/wp-content\\\/uploads\\\/2025\\\/05\\\/Mariposas-negras-de-Tinglado-Films.jpg\",\"contentUrl\":\"https:\\\/\\\/fecha.gr\\\/wp-content\\\/uploads\\\/2025\\\/05\\\/Mariposas-negras-de-Tinglado-Films.jpg\",\"width\":2048,\"height\":1080},{\"@type\":\"BreadcrumbList\",\"@id\":\"https:\\\/\\\/fecha.gr\\\/es\\\/7880\\\/mariposas-negras-cine-vox-jueves-5-de-junio\\\/#breadcrumb\",\"itemListElement\":[{\"@type\":\"ListItem\",\"position\":1,\"name\":\"Home\",\"item\":\"https:\\\/\\\/fecha.gr\\\/es\\\/coming-soon\\\/\"},{\"@type\":\"ListItem\",\"position\":2,\"name\":\"\u00abMariposas Negras\u00bb | Cine Vox | jueves 5 de junio\"}]},{\"@type\":\"WebSite\",\"@id\":\"https:\\\/\\\/fecha.gr\\\/#website\",\"url\":\"https:\\\/\\\/fecha.gr\\\/\",\"name\":\"FeCHA - Festival de Cine Hispan\u00f3fono de Atenas \\\/ Hispanic Film Festival of Athens\",\"description\":\"\",\"publisher\":{\"@id\":\"https:\\\/\\\/fecha.gr\\\/#organization\"},\"potentialAction\":[{\"@type\":\"SearchAction\",\"target\":{\"@type\":\"EntryPoint\",\"urlTemplate\":\"https:\\\/\\\/fecha.gr\\\/?s={search_term_string}\"},\"query-input\":{\"@type\":\"PropertyValueSpecification\",\"valueRequired\":true,\"valueName\":\"search_term_string\"}}],\"inLanguage\":\"es\"},{\"@type\":\"Organization\",\"@id\":\"https:\\\/\\\/fecha.gr\\\/#organization\",\"name\":\"FeCHA - Festival de Cine Hispan\u00f3fono de Atenas\",\"url\":\"https:\\\/\\\/fecha.gr\\\/\",\"logo\":{\"@type\":\"ImageObject\",\"inLanguage\":\"es\",\"@id\":\"https:\\\/\\\/fecha.gr\\\/#\\\/schema\\\/logo\\\/image\\\/\",\"url\":\"https:\\\/\\\/fecha.gr\\\/wp-content\\\/uploads\\\/2016\\\/05\\\/favicon-fecha.png\",\"contentUrl\":\"https:\\\/\\\/fecha.gr\\\/wp-content\\\/uploads\\\/2016\\\/05\\\/favicon-fecha.png\",\"width\":1000,\"height\":1000,\"caption\":\"FeCHA - Festival de Cine Hispan\u00f3fono de Atenas\"},\"image\":{\"@id\":\"https:\\\/\\\/fecha.gr\\\/#\\\/schema\\\/logo\\\/image\\\/\"}},{\"@type\":\"Person\",\"@id\":\"https:\\\/\\\/fecha.gr\\\/#\\\/schema\\\/person\\\/7aeeb4cb445b980097bd9e97d4cc2e8d\",\"name\":\"fes\",\"url\":\"https:\\\/\\\/fecha.gr\\\/es\\\/author\\\/fes\\\/\"}]}<\/script>\n<!-- \/ Yoast SEO plugin. -->","yoast_head_json":{"title":"\"Mariposas Negras\" | Cine Vox | jueves 5 de junio - FeCHA - Festival de Cine Hispan\u00f3fono de Atenas \/ Hispanic Film Festival of Athens","robots":{"index":"index","follow":"follow","max-snippet":"max-snippet:-1","max-image-preview":"max-image-preview:large","max-video-preview":"max-video-preview:-1"},"canonical":"https:\/\/fecha.gr\/es\/7880\/mariposas-negras-cine-vox-jueves-5-de-junio\/","og_locale":"es_ES","og_type":"article","og_title":"\"Mariposas Negras\" | Cine Vox | jueves 5 de junio - FeCHA - Festival de Cine Hispan\u00f3fono de Atenas \/ Hispanic Film Festival of Athens","og_description":"El jueves 5 de junio se presentar\u00e1 con entrada gratuita en el cine VOX de verano (Themistocleous 82, Atenas) la pel\u00edcula ganadora del premio GOYA \u201cMariposas Negras\u201d a las 21:30. Con subt\u00edtulos en griego. Mariposas NegrasDavid Baute (Espa\u00f1a- Panam\u00e1, 2024, 83\u2019) Premio Goya 2025 a la Mejor Pel\u00edcula de Animaci\u00f3nInspirada por mujeres reales, propone un viaje desde \u00c1frica, el Caribe&hellip;","og_url":"https:\/\/fecha.gr\/es\/7880\/mariposas-negras-cine-vox-jueves-5-de-junio\/","og_site_name":"FeCHA - Festival de Cine Hispan\u00f3fono de Atenas \/ Hispanic Film Festival of Athens","article_published_time":"2025-05-11T09:32:09+00:00","article_modified_time":"2025-05-11T09:32:11+00:00","og_image":[{"width":2048,"height":1080,"url":"https:\/\/fecha.gr\/wp-content\/uploads\/2025\/05\/Mariposas-negras-de-Tinglado-Films.jpg","type":"image\/jpeg"}],"author":"fes","twitter_card":"summary_large_image","schema":{"@context":"https:\/\/schema.org","@graph":[{"@type":"Article","@id":"https:\/\/fecha.gr\/es\/7880\/mariposas-negras-cine-vox-jueves-5-de-junio\/#article","isPartOf":{"@id":"https:\/\/fecha.gr\/es\/7880\/mariposas-negras-cine-vox-jueves-5-de-junio\/"},"author":{"name":"fes","@id":"https:\/\/fecha.gr\/#\/schema\/person\/7aeeb4cb445b980097bd9e97d4cc2e8d"},"headline":"\u00abMariposas Negras\u00bb | Cine Vox | jueves 5 de junio","datePublished":"2025-05-11T09:32:09+00:00","dateModified":"2025-05-11T09:32:11+00:00","mainEntityOfPage":{"@id":"https:\/\/fecha.gr\/es\/7880\/mariposas-negras-cine-vox-jueves-5-de-junio\/"},"wordCount":149,"publisher":{"@id":"https:\/\/fecha.gr\/#organization"},"image":{"@id":"https:\/\/fecha.gr\/es\/7880\/mariposas-negras-cine-vox-jueves-5-de-junio\/#primaryimage"},"thumbnailUrl":"https:\/\/fecha.gr\/wp-content\/uploads\/2025\/05\/Mariposas-negras-de-Tinglado-Films.jpg","articleSection":["Noticias","Noticias 2025"],"inLanguage":"es"},{"@type":"WebPage","@id":"https:\/\/fecha.gr\/es\/7880\/mariposas-negras-cine-vox-jueves-5-de-junio\/","url":"https:\/\/fecha.gr\/es\/7880\/mariposas-negras-cine-vox-jueves-5-de-junio\/","name":"\"Mariposas Negras\" | Cine Vox | jueves 5 de junio - FeCHA - Festival de Cine Hispan\u00f3fono de Atenas \/ Hispanic Film Festival of Athens","isPartOf":{"@id":"https:\/\/fecha.gr\/#website"},"primaryImageOfPage":{"@id":"https:\/\/fecha.gr\/es\/7880\/mariposas-negras-cine-vox-jueves-5-de-junio\/#primaryimage"},"image":{"@id":"https:\/\/fecha.gr\/es\/7880\/mariposas-negras-cine-vox-jueves-5-de-junio\/#primaryimage"},"thumbnailUrl":"https:\/\/fecha.gr\/wp-content\/uploads\/2025\/05\/Mariposas-negras-de-Tinglado-Films.jpg","datePublished":"2025-05-11T09:32:09+00:00","dateModified":"2025-05-11T09:32:11+00:00","breadcrumb":{"@id":"https:\/\/fecha.gr\/es\/7880\/mariposas-negras-cine-vox-jueves-5-de-junio\/#breadcrumb"},"inLanguage":"es","potentialAction":[{"@type":"ReadAction","target":["https:\/\/fecha.gr\/es\/7880\/mariposas-negras-cine-vox-jueves-5-de-junio\/"]}]},{"@type":"ImageObject","inLanguage":"es","@id":"https:\/\/fecha.gr\/es\/7880\/mariposas-negras-cine-vox-jueves-5-de-junio\/#primaryimage","url":"https:\/\/fecha.gr\/wp-content\/uploads\/2025\/05\/Mariposas-negras-de-Tinglado-Films.jpg","contentUrl":"https:\/\/fecha.gr\/wp-content\/uploads\/2025\/05\/Mariposas-negras-de-Tinglado-Films.jpg","width":2048,"height":1080},{"@type":"BreadcrumbList","@id":"https:\/\/fecha.gr\/es\/7880\/mariposas-negras-cine-vox-jueves-5-de-junio\/#breadcrumb","itemListElement":[{"@type":"ListItem","position":1,"name":"Home","item":"https:\/\/fecha.gr\/es\/coming-soon\/"},{"@type":"ListItem","position":2,"name":"\u00abMariposas Negras\u00bb | Cine Vox | jueves 5 de junio"}]},{"@type":"WebSite","@id":"https:\/\/fecha.gr\/#website","url":"https:\/\/fecha.gr\/","name":"FeCHA - Festival de Cine Hispan\u00f3fono de Atenas \/ Hispanic Film Festival of Athens","description":"","publisher":{"@id":"https:\/\/fecha.gr\/#organization"},"potentialAction":[{"@type":"SearchAction","target":{"@type":"EntryPoint","urlTemplate":"https:\/\/fecha.gr\/?s={search_term_string}"},"query-input":{"@type":"PropertyValueSpecification","valueRequired":true,"valueName":"search_term_string"}}],"inLanguage":"es"},{"@type":"Organization","@id":"https:\/\/fecha.gr\/#organization","name":"FeCHA - Festival de Cine Hispan\u00f3fono de Atenas","url":"https:\/\/fecha.gr\/","logo":{"@type":"ImageObject","inLanguage":"es","@id":"https:\/\/fecha.gr\/#\/schema\/logo\/image\/","url":"https:\/\/fecha.gr\/wp-content\/uploads\/2016\/05\/favicon-fecha.png","contentUrl":"https:\/\/fecha.gr\/wp-content\/uploads\/2016\/05\/favicon-fecha.png","width":1000,"height":1000,"caption":"FeCHA - Festival de Cine Hispan\u00f3fono de Atenas"},"image":{"@id":"https:\/\/fecha.gr\/#\/schema\/logo\/image\/"}},{"@type":"Person","@id":"https:\/\/fecha.gr\/#\/schema\/person\/7aeeb4cb445b980097bd9e97d4cc2e8d","name":"fes","url":"https:\/\/fecha.gr\/es\/author\/fes\/"}]}},"_links":{"self":[{"href":"https:\/\/fecha.gr\/es\/wp-json\/wp\/v2\/posts\/7880","targetHints":{"allow":["GET"]}}],"collection":[{"href":"https:\/\/fecha.gr\/es\/wp-json\/wp\/v2\/posts"}],"about":[{"href":"https:\/\/fecha.gr\/es\/wp-json\/wp\/v2\/types\/post"}],"author":[{"embeddable":true,"href":"https:\/\/fecha.gr\/es\/wp-json\/wp\/v2\/users\/2"}],"replies":[{"embeddable":true,"href":"https:\/\/fecha.gr\/es\/wp-json\/wp\/v2\/comments?post=7880"}],"version-history":[{"count":0,"href":"https:\/\/fecha.gr\/es\/wp-json\/wp\/v2\/posts\/7880\/revisions"}],"wp:featuredmedia":[{"embeddable":true,"href":"https:\/\/fecha.gr\/es\/wp-json\/wp\/v2\/media\/7816"}],"wp:attachment":[{"href":"https:\/\/fecha.gr\/es\/wp-json\/wp\/v2\/media?parent=7880"}],"wp:term":[{"taxonomy":"category","embeddable":true,"href":"https:\/\/fecha.gr\/es\/wp-json\/wp\/v2\/categories?post=7880"},{"taxonomy":"post_tag","embeddable":true,"href":"https:\/\/fecha.gr\/es\/wp-json\/wp\/v2\/tags?post=7880"}],"curies":[{"name":"wp","href":"https:\/\/api.w.org\/{rel}","templated":true}]}}