
{"id":7874,"date":"2025-05-11T12:11:20","date_gmt":"2025-05-11T09:11:20","guid":{"rendered":"https:\/\/fecha.gr\/7874\/cortofecha-2025-cortometrajes\/"},"modified":"2025-05-11T12:11:21","modified_gmt":"2025-05-11T09:11:21","slug":"cortofecha-2025-cortometrajes","status":"publish","type":"post","link":"https:\/\/fecha.gr\/es\/7874\/cortofecha-2025-cortometrajes\/","title":{"rendered":"cortoFeCHA 2025: cortometrajes"},"content":{"rendered":"\n<p>El 9\u00ba Festival de Cine Hispan\u00f3fono de Atenas \u2013 FeCHA, presentar\u00e1 \u00abcortoFeCHA 2025\u00bb, cortometrajes de Espa\u00f1a y Latinoam\u00e9rica, con entrada gratuita en la Uni\u00f3n Heleno \u2013 Americana (Massalias 22, Atenas) el martes 27 de mayo a 18:15.<\/p>\n\n<p>Con subt\u00edtulos en griego.<\/p>\n\n<p>Las pel\u00edculas tambi\u00e9n estar\u00e1n disponibles en toda Grecia de manera gratuita en l\u00ednea en una plataforma especial (<a href=\"https:\/\/video.fecha.gr\/\" target=\"_blank\" rel=\"noreferrer noopener\">https:\/\/video.fecha.gr\/<\/a>), entre el 6 y el 8\/6\/2025.<\/p>\n\n<p>Las pel\u00edculas:<\/p>\n\n<p><strong>29 De Febrero<\/strong><br\/>Diego Fandos (Espa\u00f1a, 2024, 23\u2019)<\/p>\n\n<figure class=\"wp-block-image size-large is-resized\"><img loading=\"lazy\" decoding=\"async\" width=\"1024\" height=\"523\" src=\"https:\/\/fecha.gr\/wp-content\/uploads\/2025\/05\/29-febrero-1024x523.jpg\" alt=\"\" class=\"wp-image-7612\" style=\"width:600px\" srcset=\"https:\/\/fecha.gr\/wp-content\/uploads\/2025\/05\/29-febrero-1024x523.jpg 1024w, https:\/\/fecha.gr\/wp-content\/uploads\/2025\/05\/29-febrero-300x153.jpg 300w, https:\/\/fecha.gr\/wp-content\/uploads\/2025\/05\/29-febrero-1536x784.jpg 1536w, https:\/\/fecha.gr\/wp-content\/uploads\/2025\/05\/29-febrero.jpg 2000w\" sizes=\"auto, (max-width: 1024px) 100vw, 1024px\" \/><\/figure>\n\n<p>Anciano y solo, Tom\u00e1s quiere celebrar su cumplea\u00f1os pero no tiene a qui\u00e9n invitar. Excepto a su m\u00e1s amado enemigo. Una comedia triste, un drama esperanzador sobre la situaci\u00f3n de muchos de nuestros mayores.  <\/p>\n\n<p><strong>El D\u00eda De Mi Independencia<\/strong><br\/>Constanza Majluf (Chile, 2024, 19\u2019)<\/p>\n\n<figure class=\"wp-block-image size-large is-resized\"><img loading=\"lazy\" decoding=\"async\" width=\"1024\" height=\"682\" src=\"https:\/\/fecha.gr\/wp-content\/uploads\/2025\/05\/El_Dia_Independecia-still-1-1024x682.jpg\" alt=\"\" class=\"wp-image-7633\" style=\"width:600px\" srcset=\"https:\/\/fecha.gr\/wp-content\/uploads\/2025\/05\/El_Dia_Independecia-still-1-1024x682.jpg 1024w, https:\/\/fecha.gr\/wp-content\/uploads\/2025\/05\/El_Dia_Independecia-still-1-300x200.jpg 300w, https:\/\/fecha.gr\/wp-content\/uploads\/2025\/05\/El_Dia_Independecia-still-1-1536x1024.jpg 1536w, https:\/\/fecha.gr\/wp-content\/uploads\/2025\/05\/El_Dia_Independecia-still-1.jpg 2000w\" sizes=\"auto, (max-width: 1024px) 100vw, 1024px\" \/><\/figure>\n\n<p>Manuela (7), sue\u00f1a con la celebraci\u00f3n del d\u00eda de la Independencia en su escuela y la posibilidad de ganar el concurso del \u201cmejor vestido folcl\u00f3rico\u201d. Mientras, su hermano GABO (16), enfrenta el riesgo de protestar en las calles esperando acabar con la dictadura del Chile de 1988. <\/p>\n\n<p><strong>Obra de arte<\/strong><br\/>Rafael Nieto (Espa\u00f1a, 2024, 11\u2019)<\/p>\n\n<figure class=\"wp-block-image size-large is-resized\"><img loading=\"lazy\" decoding=\"async\" width=\"1024\" height=\"560\" src=\"https:\/\/fecha.gr\/wp-content\/uploads\/2025\/05\/3-frame1_Obra-de-arte-1024x560.jpg\" alt=\"\" class=\"wp-image-7606\" style=\"width:600px\" srcset=\"https:\/\/fecha.gr\/wp-content\/uploads\/2025\/05\/3-frame1_Obra-de-arte-1024x560.jpg 1024w, https:\/\/fecha.gr\/wp-content\/uploads\/2025\/05\/3-frame1_Obra-de-arte-300x164.jpg 300w, https:\/\/fecha.gr\/wp-content\/uploads\/2025\/05\/3-frame1_Obra-de-arte-1536x840.jpg 1536w, https:\/\/fecha.gr\/wp-content\/uploads\/2025\/05\/3-frame1_Obra-de-arte.jpg 1975w\" sizes=\"auto, (max-width: 1024px) 100vw, 1024px\" \/><\/figure>\n\n<p>Una noche, la limpiadora de un conocido museo de arte contempor\u00e1neo tir\u00f3 a la basura una instalaci\u00f3n. Lo que sucedi\u00f3 al d\u00eda siguiente en el despacho de la directora nunca se supo. Hasta ahora.  <\/p>\n\n<p><strong>QUINQUI<\/strong><br\/>Luis Saavedra (Espa\u00f1a, 2024, 10\u2019)<\/p>\n\n<figure class=\"wp-block-image size-large is-resized\"><img loading=\"lazy\" decoding=\"async\" width=\"1024\" height=\"576\" src=\"https:\/\/fecha.gr\/wp-content\/uploads\/2025\/05\/38-banner_Quinqui-1024x576.jpg\" alt=\"\" class=\"wp-image-7615\" style=\"width:600px\" srcset=\"https:\/\/fecha.gr\/wp-content\/uploads\/2025\/05\/38-banner_Quinqui-1024x576.jpg 1024w, https:\/\/fecha.gr\/wp-content\/uploads\/2025\/05\/38-banner_Quinqui-300x169.jpg 300w, https:\/\/fecha.gr\/wp-content\/uploads\/2025\/05\/38-banner_Quinqui-1536x864.jpg 1536w, https:\/\/fecha.gr\/wp-content\/uploads\/2025\/05\/38-banner_Quinqui.jpg 2000w\" sizes=\"auto, (max-width: 1024px) 100vw, 1024px\" \/><\/figure>\n\n<p>Una chica decide atracar la ferreteria de su barrio para emular a sus \u00eddolos del cine quinqui.<\/p>\n\n<p><strong>Cuarentena<br\/><\/strong>Celia De Molina (Espa\u00f1a, 2024, 7\u2019)<\/p>\n\n<figure class=\"wp-block-image size-large is-resized\"><img loading=\"lazy\" decoding=\"async\" width=\"1024\" height=\"575\" src=\"https:\/\/fecha.gr\/wp-content\/uploads\/2025\/05\/CUARENTENA_STILL-2-LOW-1024x575.jpg\" alt=\"\" class=\"wp-image-7627\" style=\"width:600px\" srcset=\"https:\/\/fecha.gr\/wp-content\/uploads\/2025\/05\/CUARENTENA_STILL-2-LOW-1024x575.jpg 1024w, https:\/\/fecha.gr\/wp-content\/uploads\/2025\/05\/CUARENTENA_STILL-2-LOW-300x168.jpg 300w, https:\/\/fecha.gr\/wp-content\/uploads\/2025\/05\/CUARENTENA_STILL-2-LOW.jpg 1440w\" sizes=\"auto, (max-width: 1024px) 100vw, 1024px\" \/><\/figure>\n\n<p>Despu\u00e9s de 40 d\u00edas, Marina por fin ve la luz. Una cafeter\u00eda, un batido, un croissant y mucha mala leche. <\/p>\n\n<p><strong>Depredador<br\/><\/strong>Javier Fesser (Espa\u00f1a, 2024, 10\u2019)<\/p>\n\n<figure class=\"wp-block-image size-large is-resized\"><img loading=\"lazy\" decoding=\"async\" width=\"1024\" height=\"576\" src=\"https:\/\/fecha.gr\/wp-content\/uploads\/2025\/05\/predator_Frame1-1024x576.jpg\" alt=\"\" class=\"wp-image-7645\" style=\"width:600px\" srcset=\"https:\/\/fecha.gr\/wp-content\/uploads\/2025\/05\/predator_Frame1-1024x576.jpg 1024w, https:\/\/fecha.gr\/wp-content\/uploads\/2025\/05\/predator_Frame1-300x169.jpg 300w, https:\/\/fecha.gr\/wp-content\/uploads\/2025\/05\/predator_Frame1-1536x864.jpg 1536w, https:\/\/fecha.gr\/wp-content\/uploads\/2025\/05\/predator_Frame1.jpg 2000w\" sizes=\"auto, (max-width: 1024px) 100vw, 1024px\" \/><\/figure>\n\n<p>Dos amigas viajan por un lugar solitario, cuando su coche sufre una tr\u00e1gica aver\u00eda. <\/p>\n\n<p><strong>La Piscina Vac\u00eda<\/strong><br\/>Pablo Conde (Espa\u00f1a, 2024, 12\u2019)<\/p>\n\n<figure class=\"wp-block-image size-large is-resized\"><img loading=\"lazy\" decoding=\"async\" width=\"1024\" height=\"576\" src=\"https:\/\/fecha.gr\/wp-content\/uploads\/2025\/05\/Lapiscinavacia1-1024x576.jpeg\" alt=\"\" class=\"wp-image-7636\" style=\"width:600px\" srcset=\"https:\/\/fecha.gr\/wp-content\/uploads\/2025\/05\/Lapiscinavacia1-1024x576.jpeg 1024w, https:\/\/fecha.gr\/wp-content\/uploads\/2025\/05\/Lapiscinavacia1-300x169.jpeg 300w, https:\/\/fecha.gr\/wp-content\/uploads\/2025\/05\/Lapiscinavacia1-1536x864.jpeg 1536w, https:\/\/fecha.gr\/wp-content\/uploads\/2025\/05\/Lapiscinavacia1.jpeg 2000w\" sizes=\"auto, (max-width: 1024px) 100vw, 1024px\" \/><\/figure>\n\n<p>Alba va a comer a casa de sus padres, que acaban de construirse una piscina en el patio. Necesita dinero para pagar la entrada de un piso y tiene que ped\u00edrselo a su padre, con quien no se lleva muy bien. Alba es una \u00abprogre\u00bb y su padre un \u00abfacha\u00bb. La madre y el novio de Alba tratan de intermediar entre ambos, pero la comida se complica\u2026   <\/p>\n","protected":false},"excerpt":{"rendered":"<p>El 9\u00ba Festival de Cine Hispan\u00f3fono de Atenas \u2013 FeCHA, presentar\u00e1 \u00abcortoFeCHA 2025\u00bb, cortometrajes de Espa\u00f1a y Latinoam\u00e9rica, con entrada gratuita en la Uni\u00f3n Heleno \u2013 Americana (Massalias 22, Atenas) el martes 27 de mayo a 18:15. Con subt\u00edtulos en griego. Las pel\u00edculas tambi\u00e9n estar\u00e1n disponibles en toda Grecia de manera gratuita en l\u00ednea en una plataforma especial (https:\/\/video.fecha.gr\/), entre&hellip;<\/p>\n","protected":false},"author":2,"featured_media":7638,"comment_status":"closed","ping_status":"closed","sticky":false,"template":"","format":"standard","meta":{"powered_cache_disable_cache":false,"footnotes":""},"categories":[31,161],"tags":[],"class_list":["post-7874","post","type-post","status-publish","format-standard","has-post-thumbnail","hentry","category-noticias","category-noticias-2025"],"yoast_head":"<!-- This site is optimized with the Yoast SEO plugin v27.5 - https:\/\/yoast.com\/product\/yoast-seo-wordpress\/ -->\n<title>cortoFeCHA 2025: cortometrajes - FeCHA - Festival de Cine Hispan\u00f3fono de Atenas \/ Hispanic Film Festival of Athens<\/title>\n<meta name=\"robots\" content=\"index, follow, max-snippet:-1, max-image-preview:large, max-video-preview:-1\" \/>\n<link rel=\"canonical\" href=\"https:\/\/fecha.gr\/es\/7874\/cortofecha-2025-cortometrajes\/\" \/>\n<meta property=\"og:locale\" content=\"es_ES\" \/>\n<meta property=\"og:type\" content=\"article\" \/>\n<meta property=\"og:title\" content=\"cortoFeCHA 2025: cortometrajes - FeCHA - Festival de Cine Hispan\u00f3fono de Atenas \/ Hispanic Film Festival of Athens\" \/>\n<meta property=\"og:description\" content=\"El 9\u00ba Festival de Cine Hispan\u00f3fono de Atenas \u2013 FeCHA, presentar\u00e1 \u00abcortoFeCHA 2025\u00bb, cortometrajes de Espa\u00f1a y Latinoam\u00e9rica, con entrada gratuita en la Uni\u00f3n Heleno \u2013 Americana (Massalias 22, Atenas) el martes 27 de mayo a 18:15. Con subt\u00edtulos en griego. Las pel\u00edculas tambi\u00e9n estar\u00e1n disponibles en toda Grecia de manera gratuita en l\u00ednea en una plataforma especial (https:\/\/video.fecha.gr\/), entre&hellip;\" \/>\n<meta property=\"og:url\" content=\"https:\/\/fecha.gr\/es\/7874\/cortofecha-2025-cortometrajes\/\" \/>\n<meta property=\"og:site_name\" content=\"FeCHA - Festival de Cine Hispan\u00f3fono de Atenas \/ Hispanic Film Festival of Athens\" \/>\n<meta property=\"article:published_time\" content=\"2025-05-11T09:11:20+00:00\" \/>\n<meta property=\"article:modified_time\" content=\"2025-05-11T09:11:21+00:00\" \/>\n<meta property=\"og:image\" content=\"https:\/\/fecha.gr\/wp-content\/uploads\/2025\/05\/Lapiscinavacia1.jpeg\" \/>\n\t<meta property=\"og:image:width\" content=\"2000\" \/>\n\t<meta property=\"og:image:height\" content=\"1125\" \/>\n\t<meta property=\"og:image:type\" content=\"image\/jpeg\" \/>\n<meta name=\"author\" content=\"fes\" \/>\n<meta name=\"twitter:card\" content=\"summary_large_image\" \/>\n<script type=\"application\/ld+json\" class=\"yoast-schema-graph\">{\"@context\":\"https:\\\/\\\/schema.org\",\"@graph\":[{\"@type\":\"Article\",\"@id\":\"https:\\\/\\\/fecha.gr\\\/es\\\/7874\\\/cortofecha-2025-cortometrajes\\\/#article\",\"isPartOf\":{\"@id\":\"https:\\\/\\\/fecha.gr\\\/es\\\/7874\\\/cortofecha-2025-cortometrajes\\\/\"},\"author\":{\"name\":\"fes\",\"@id\":\"https:\\\/\\\/fecha.gr\\\/#\\\/schema\\\/person\\\/7aeeb4cb445b980097bd9e97d4cc2e8d\"},\"headline\":\"cortoFeCHA 2025: cortometrajes\",\"datePublished\":\"2025-05-11T09:11:20+00:00\",\"dateModified\":\"2025-05-11T09:11:21+00:00\",\"mainEntityOfPage\":{\"@id\":\"https:\\\/\\\/fecha.gr\\\/es\\\/7874\\\/cortofecha-2025-cortometrajes\\\/\"},\"wordCount\":366,\"publisher\":{\"@id\":\"https:\\\/\\\/fecha.gr\\\/#organization\"},\"image\":{\"@id\":\"https:\\\/\\\/fecha.gr\\\/es\\\/7874\\\/cortofecha-2025-cortometrajes\\\/#primaryimage\"},\"thumbnailUrl\":\"https:\\\/\\\/fecha.gr\\\/wp-content\\\/uploads\\\/2025\\\/05\\\/Lapiscinavacia1.jpeg\",\"articleSection\":[\"Noticias\",\"Noticias 2025\"],\"inLanguage\":\"es\"},{\"@type\":\"WebPage\",\"@id\":\"https:\\\/\\\/fecha.gr\\\/es\\\/7874\\\/cortofecha-2025-cortometrajes\\\/\",\"url\":\"https:\\\/\\\/fecha.gr\\\/es\\\/7874\\\/cortofecha-2025-cortometrajes\\\/\",\"name\":\"cortoFeCHA 2025: cortometrajes - FeCHA - Festival de Cine Hispan\u00f3fono de Atenas \\\/ Hispanic Film Festival of Athens\",\"isPartOf\":{\"@id\":\"https:\\\/\\\/fecha.gr\\\/#website\"},\"primaryImageOfPage\":{\"@id\":\"https:\\\/\\\/fecha.gr\\\/es\\\/7874\\\/cortofecha-2025-cortometrajes\\\/#primaryimage\"},\"image\":{\"@id\":\"https:\\\/\\\/fecha.gr\\\/es\\\/7874\\\/cortofecha-2025-cortometrajes\\\/#primaryimage\"},\"thumbnailUrl\":\"https:\\\/\\\/fecha.gr\\\/wp-content\\\/uploads\\\/2025\\\/05\\\/Lapiscinavacia1.jpeg\",\"datePublished\":\"2025-05-11T09:11:20+00:00\",\"dateModified\":\"2025-05-11T09:11:21+00:00\",\"breadcrumb\":{\"@id\":\"https:\\\/\\\/fecha.gr\\\/es\\\/7874\\\/cortofecha-2025-cortometrajes\\\/#breadcrumb\"},\"inLanguage\":\"es\",\"potentialAction\":[{\"@type\":\"ReadAction\",\"target\":[\"https:\\\/\\\/fecha.gr\\\/es\\\/7874\\\/cortofecha-2025-cortometrajes\\\/\"]}]},{\"@type\":\"ImageObject\",\"inLanguage\":\"es\",\"@id\":\"https:\\\/\\\/fecha.gr\\\/es\\\/7874\\\/cortofecha-2025-cortometrajes\\\/#primaryimage\",\"url\":\"https:\\\/\\\/fecha.gr\\\/wp-content\\\/uploads\\\/2025\\\/05\\\/Lapiscinavacia1.jpeg\",\"contentUrl\":\"https:\\\/\\\/fecha.gr\\\/wp-content\\\/uploads\\\/2025\\\/05\\\/Lapiscinavacia1.jpeg\",\"width\":2000,\"height\":1125},{\"@type\":\"BreadcrumbList\",\"@id\":\"https:\\\/\\\/fecha.gr\\\/es\\\/7874\\\/cortofecha-2025-cortometrajes\\\/#breadcrumb\",\"itemListElement\":[{\"@type\":\"ListItem\",\"position\":1,\"name\":\"Home\",\"item\":\"https:\\\/\\\/fecha.gr\\\/es\\\/coming-soon\\\/\"},{\"@type\":\"ListItem\",\"position\":2,\"name\":\"cortoFeCHA 2025: cortometrajes\"}]},{\"@type\":\"WebSite\",\"@id\":\"https:\\\/\\\/fecha.gr\\\/#website\",\"url\":\"https:\\\/\\\/fecha.gr\\\/\",\"name\":\"FeCHA - Festival de Cine Hispan\u00f3fono de Atenas \\\/ Hispanic Film Festival of Athens\",\"description\":\"\",\"publisher\":{\"@id\":\"https:\\\/\\\/fecha.gr\\\/#organization\"},\"potentialAction\":[{\"@type\":\"SearchAction\",\"target\":{\"@type\":\"EntryPoint\",\"urlTemplate\":\"https:\\\/\\\/fecha.gr\\\/?s={search_term_string}\"},\"query-input\":{\"@type\":\"PropertyValueSpecification\",\"valueRequired\":true,\"valueName\":\"search_term_string\"}}],\"inLanguage\":\"es\"},{\"@type\":\"Organization\",\"@id\":\"https:\\\/\\\/fecha.gr\\\/#organization\",\"name\":\"FeCHA - Festival de Cine Hispan\u00f3fono de Atenas\",\"url\":\"https:\\\/\\\/fecha.gr\\\/\",\"logo\":{\"@type\":\"ImageObject\",\"inLanguage\":\"es\",\"@id\":\"https:\\\/\\\/fecha.gr\\\/#\\\/schema\\\/logo\\\/image\\\/\",\"url\":\"https:\\\/\\\/fecha.gr\\\/wp-content\\\/uploads\\\/2016\\\/05\\\/favicon-fecha.png\",\"contentUrl\":\"https:\\\/\\\/fecha.gr\\\/wp-content\\\/uploads\\\/2016\\\/05\\\/favicon-fecha.png\",\"width\":1000,\"height\":1000,\"caption\":\"FeCHA - Festival de Cine Hispan\u00f3fono de Atenas\"},\"image\":{\"@id\":\"https:\\\/\\\/fecha.gr\\\/#\\\/schema\\\/logo\\\/image\\\/\"}},{\"@type\":\"Person\",\"@id\":\"https:\\\/\\\/fecha.gr\\\/#\\\/schema\\\/person\\\/7aeeb4cb445b980097bd9e97d4cc2e8d\",\"name\":\"fes\",\"url\":\"https:\\\/\\\/fecha.gr\\\/es\\\/author\\\/fes\\\/\"}]}<\/script>\n<!-- \/ Yoast SEO plugin. -->","yoast_head_json":{"title":"cortoFeCHA 2025: cortometrajes - FeCHA - Festival de Cine Hispan\u00f3fono de Atenas \/ Hispanic Film Festival of Athens","robots":{"index":"index","follow":"follow","max-snippet":"max-snippet:-1","max-image-preview":"max-image-preview:large","max-video-preview":"max-video-preview:-1"},"canonical":"https:\/\/fecha.gr\/es\/7874\/cortofecha-2025-cortometrajes\/","og_locale":"es_ES","og_type":"article","og_title":"cortoFeCHA 2025: cortometrajes - FeCHA - Festival de Cine Hispan\u00f3fono de Atenas \/ Hispanic Film Festival of Athens","og_description":"El 9\u00ba Festival de Cine Hispan\u00f3fono de Atenas \u2013 FeCHA, presentar\u00e1 \u00abcortoFeCHA 2025\u00bb, cortometrajes de Espa\u00f1a y Latinoam\u00e9rica, con entrada gratuita en la Uni\u00f3n Heleno \u2013 Americana (Massalias 22, Atenas) el martes 27 de mayo a 18:15. Con subt\u00edtulos en griego. Las pel\u00edculas tambi\u00e9n estar\u00e1n disponibles en toda Grecia de manera gratuita en l\u00ednea en una plataforma especial (https:\/\/video.fecha.gr\/), entre&hellip;","og_url":"https:\/\/fecha.gr\/es\/7874\/cortofecha-2025-cortometrajes\/","og_site_name":"FeCHA - Festival de Cine Hispan\u00f3fono de Atenas \/ Hispanic Film Festival of Athens","article_published_time":"2025-05-11T09:11:20+00:00","article_modified_time":"2025-05-11T09:11:21+00:00","og_image":[{"width":2000,"height":1125,"url":"https:\/\/fecha.gr\/wp-content\/uploads\/2025\/05\/Lapiscinavacia1.jpeg","type":"image\/jpeg"}],"author":"fes","twitter_card":"summary_large_image","schema":{"@context":"https:\/\/schema.org","@graph":[{"@type":"Article","@id":"https:\/\/fecha.gr\/es\/7874\/cortofecha-2025-cortometrajes\/#article","isPartOf":{"@id":"https:\/\/fecha.gr\/es\/7874\/cortofecha-2025-cortometrajes\/"},"author":{"name":"fes","@id":"https:\/\/fecha.gr\/#\/schema\/person\/7aeeb4cb445b980097bd9e97d4cc2e8d"},"headline":"cortoFeCHA 2025: cortometrajes","datePublished":"2025-05-11T09:11:20+00:00","dateModified":"2025-05-11T09:11:21+00:00","mainEntityOfPage":{"@id":"https:\/\/fecha.gr\/es\/7874\/cortofecha-2025-cortometrajes\/"},"wordCount":366,"publisher":{"@id":"https:\/\/fecha.gr\/#organization"},"image":{"@id":"https:\/\/fecha.gr\/es\/7874\/cortofecha-2025-cortometrajes\/#primaryimage"},"thumbnailUrl":"https:\/\/fecha.gr\/wp-content\/uploads\/2025\/05\/Lapiscinavacia1.jpeg","articleSection":["Noticias","Noticias 2025"],"inLanguage":"es"},{"@type":"WebPage","@id":"https:\/\/fecha.gr\/es\/7874\/cortofecha-2025-cortometrajes\/","url":"https:\/\/fecha.gr\/es\/7874\/cortofecha-2025-cortometrajes\/","name":"cortoFeCHA 2025: cortometrajes - FeCHA - Festival de Cine Hispan\u00f3fono de Atenas \/ Hispanic Film Festival of Athens","isPartOf":{"@id":"https:\/\/fecha.gr\/#website"},"primaryImageOfPage":{"@id":"https:\/\/fecha.gr\/es\/7874\/cortofecha-2025-cortometrajes\/#primaryimage"},"image":{"@id":"https:\/\/fecha.gr\/es\/7874\/cortofecha-2025-cortometrajes\/#primaryimage"},"thumbnailUrl":"https:\/\/fecha.gr\/wp-content\/uploads\/2025\/05\/Lapiscinavacia1.jpeg","datePublished":"2025-05-11T09:11:20+00:00","dateModified":"2025-05-11T09:11:21+00:00","breadcrumb":{"@id":"https:\/\/fecha.gr\/es\/7874\/cortofecha-2025-cortometrajes\/#breadcrumb"},"inLanguage":"es","potentialAction":[{"@type":"ReadAction","target":["https:\/\/fecha.gr\/es\/7874\/cortofecha-2025-cortometrajes\/"]}]},{"@type":"ImageObject","inLanguage":"es","@id":"https:\/\/fecha.gr\/es\/7874\/cortofecha-2025-cortometrajes\/#primaryimage","url":"https:\/\/fecha.gr\/wp-content\/uploads\/2025\/05\/Lapiscinavacia1.jpeg","contentUrl":"https:\/\/fecha.gr\/wp-content\/uploads\/2025\/05\/Lapiscinavacia1.jpeg","width":2000,"height":1125},{"@type":"BreadcrumbList","@id":"https:\/\/fecha.gr\/es\/7874\/cortofecha-2025-cortometrajes\/#breadcrumb","itemListElement":[{"@type":"ListItem","position":1,"name":"Home","item":"https:\/\/fecha.gr\/es\/coming-soon\/"},{"@type":"ListItem","position":2,"name":"cortoFeCHA 2025: cortometrajes"}]},{"@type":"WebSite","@id":"https:\/\/fecha.gr\/#website","url":"https:\/\/fecha.gr\/","name":"FeCHA - Festival de Cine Hispan\u00f3fono de Atenas \/ Hispanic Film Festival of Athens","description":"","publisher":{"@id":"https:\/\/fecha.gr\/#organization"},"potentialAction":[{"@type":"SearchAction","target":{"@type":"EntryPoint","urlTemplate":"https:\/\/fecha.gr\/?s={search_term_string}"},"query-input":{"@type":"PropertyValueSpecification","valueRequired":true,"valueName":"search_term_string"}}],"inLanguage":"es"},{"@type":"Organization","@id":"https:\/\/fecha.gr\/#organization","name":"FeCHA - Festival de Cine Hispan\u00f3fono de Atenas","url":"https:\/\/fecha.gr\/","logo":{"@type":"ImageObject","inLanguage":"es","@id":"https:\/\/fecha.gr\/#\/schema\/logo\/image\/","url":"https:\/\/fecha.gr\/wp-content\/uploads\/2016\/05\/favicon-fecha.png","contentUrl":"https:\/\/fecha.gr\/wp-content\/uploads\/2016\/05\/favicon-fecha.png","width":1000,"height":1000,"caption":"FeCHA - Festival de Cine Hispan\u00f3fono de Atenas"},"image":{"@id":"https:\/\/fecha.gr\/#\/schema\/logo\/image\/"}},{"@type":"Person","@id":"https:\/\/fecha.gr\/#\/schema\/person\/7aeeb4cb445b980097bd9e97d4cc2e8d","name":"fes","url":"https:\/\/fecha.gr\/es\/author\/fes\/"}]}},"_links":{"self":[{"href":"https:\/\/fecha.gr\/es\/wp-json\/wp\/v2\/posts\/7874","targetHints":{"allow":["GET"]}}],"collection":[{"href":"https:\/\/fecha.gr\/es\/wp-json\/wp\/v2\/posts"}],"about":[{"href":"https:\/\/fecha.gr\/es\/wp-json\/wp\/v2\/types\/post"}],"author":[{"embeddable":true,"href":"https:\/\/fecha.gr\/es\/wp-json\/wp\/v2\/users\/2"}],"replies":[{"embeddable":true,"href":"https:\/\/fecha.gr\/es\/wp-json\/wp\/v2\/comments?post=7874"}],"version-history":[{"count":0,"href":"https:\/\/fecha.gr\/es\/wp-json\/wp\/v2\/posts\/7874\/revisions"}],"wp:featuredmedia":[{"embeddable":true,"href":"https:\/\/fecha.gr\/es\/wp-json\/wp\/v2\/media\/7638"}],"wp:attachment":[{"href":"https:\/\/fecha.gr\/es\/wp-json\/wp\/v2\/media?parent=7874"}],"wp:term":[{"taxonomy":"category","embeddable":true,"href":"https:\/\/fecha.gr\/es\/wp-json\/wp\/v2\/categories?post=7874"},{"taxonomy":"post_tag","embeddable":true,"href":"https:\/\/fecha.gr\/es\/wp-json\/wp\/v2\/tags?post=7874"}],"curies":[{"name":"wp","href":"https:\/\/api.w.org\/{rel}","templated":true}]}}