
{"id":7786,"date":"2025-05-06T23:01:24","date_gmt":"2025-05-06T20:01:24","guid":{"rendered":"https:\/\/fecha.gr\/7786\/la-infiltrada\/"},"modified":"2025-05-06T23:01:26","modified_gmt":"2025-05-06T20:01:26","slug":"la-infiltrada","status":"publish","type":"post","link":"https:\/\/fecha.gr\/es\/7786\/la-infiltrada\/","title":{"rendered":"La Infiltrada"},"content":{"rendered":"\n<p>Basada en la historia real de Aranzazu Berradre Mar\u00edn, pseud\u00f3nimo con el que se infiltr\u00f3 una agente de la Polic\u00eda nacional en la banda terrorista ETA durante 8 a\u00f1os. Cuando contaba apenas 20 a\u00f1os, la joven consigui\u00f3 adentrarse en la izquierda abertzale, siendo la \u00fanica mujer que convivi\u00f3 en un piso con dirigentes de ETA. Durante su infiltraci\u00f3n se vio obligada a cortar totalmente lazos familiares, todo para poder desarticular el comando Donosti en un momento crucial en el que la banda declaraba falsamente estar en tregua. Es la historia de una mujer valiente, que cambi\u00f3 su vida para intentar salvar la de otros.     <\/p>\n\n<p>T\u00edtulo: <strong>La Infiltrada<\/strong><\/p>\n\n<p>Direcci\u00f3n: Arantxa Echevarr\u00eda<\/p>\n\n<p>Pa\u00eds: Espa\u00f1a<\/p>\n\n<p>A\u00f1o: 2024<\/p>\n\n<p>Duraci\u00f3n: 118\u2032<\/p>\n\n<figure class=\"wp-block-embed is-type-video is-provider-youtube wp-block-embed-youtube wp-embed-aspect-16-9 wp-has-aspect-ratio\"><div class=\"wp-block-embed__wrapper\">\n<div class=\"x-resp-embed x-is-video x-is-youtube\"><iframe loading=\"lazy\" title=\"\u0394\u0399\u03a0\u039b\u0397 \u03a4\u0391\u03a5\u03a4\u039f\u03a4\u0397\u03a4\u0391 (LA INFILTRADA | UNDERCOVER) - Trailer Greek Subs\" width=\"500\" height=\"281\" src=\"https:\/\/www.youtube.com\/embed\/FUYvDSftJO8?feature=oembed\" frameborder=\"0\" allow=\"accelerometer; autoplay; clipboard-write; encrypted-media; gyroscope; picture-in-picture; web-share\" referrerpolicy=\"strict-origin-when-cross-origin\" allowfullscreen><\/iframe><\/div>\n<\/div><\/figure>\n","protected":false},"excerpt":{"rendered":"<p>Basada en la historia real de Aranzazu Berradre Mar\u00edn, pseud\u00f3nimo con el que se infiltr\u00f3 una agente de la Polic\u00eda nacional en la banda terrorista ETA durante 8 a\u00f1os. Cuando contaba apenas 20 a\u00f1os, la joven consigui\u00f3 adentrarse en la izquierda abertzale, siendo la \u00fanica mujer que convivi\u00f3 en un piso con dirigentes de ETA. Durante su infiltraci\u00f3n se vio&hellip;<\/p>\n","protected":false},"author":2,"featured_media":7506,"comment_status":"closed","ping_status":"closed","sticky":false,"template":"","format":"standard","meta":{"powered_cache_disable_cache":false,"footnotes":""},"categories":[20,163],"tags":[],"class_list":["post-7786","post","type-post","status-publish","format-standard","has-post-thumbnail","hentry","category-pelicula","category-peliculas-2025"],"yoast_head":"<!-- This site is optimized with the Yoast SEO plugin v27.5 - https:\/\/yoast.com\/product\/yoast-seo-wordpress\/ -->\n<title>La Infiltrada - FeCHA - Festival de Cine Hispan\u00f3fono de Atenas \/ Hispanic Film Festival of Athens<\/title>\n<meta name=\"robots\" content=\"index, follow, max-snippet:-1, max-image-preview:large, max-video-preview:-1\" \/>\n<link rel=\"canonical\" href=\"https:\/\/fecha.gr\/es\/7786\/la-infiltrada\/\" \/>\n<meta property=\"og:locale\" content=\"es_ES\" \/>\n<meta property=\"og:type\" content=\"article\" \/>\n<meta property=\"og:title\" content=\"La Infiltrada - FeCHA - Festival de Cine Hispan\u00f3fono de Atenas \/ Hispanic Film Festival of Athens\" \/>\n<meta property=\"og:description\" content=\"Basada en la historia real de Aranzazu Berradre Mar\u00edn, pseud\u00f3nimo con el que se infiltr\u00f3 una agente de la Polic\u00eda nacional en la banda terrorista ETA durante 8 a\u00f1os. Cuando contaba apenas 20 a\u00f1os, la joven consigui\u00f3 adentrarse en la izquierda abertzale, siendo la \u00fanica mujer que convivi\u00f3 en un piso con dirigentes de ETA. Durante su infiltraci\u00f3n se vio&hellip;\" \/>\n<meta property=\"og:url\" content=\"https:\/\/fecha.gr\/es\/7786\/la-infiltrada\/\" \/>\n<meta property=\"og:site_name\" content=\"FeCHA - Festival de Cine Hispan\u00f3fono de Atenas \/ Hispanic Film Festival of Athens\" \/>\n<meta property=\"article:published_time\" content=\"2025-05-06T20:01:24+00:00\" \/>\n<meta property=\"article:modified_time\" content=\"2025-05-06T20:01:26+00:00\" \/>\n<meta property=\"og:image\" content=\"https:\/\/fecha.gr\/wp-content\/uploads\/2025\/05\/La-infiltrada-1.jpg\" \/>\n\t<meta property=\"og:image:width\" content=\"2560\" \/>\n\t<meta property=\"og:image:height\" content=\"1707\" \/>\n\t<meta property=\"og:image:type\" content=\"image\/jpeg\" \/>\n<meta name=\"author\" content=\"fes\" \/>\n<meta name=\"twitter:card\" content=\"summary_large_image\" \/>\n<script type=\"application\/ld+json\" class=\"yoast-schema-graph\">{\"@context\":\"https:\\\/\\\/schema.org\",\"@graph\":[{\"@type\":\"Article\",\"@id\":\"https:\\\/\\\/fecha.gr\\\/es\\\/7786\\\/la-infiltrada\\\/#article\",\"isPartOf\":{\"@id\":\"https:\\\/\\\/fecha.gr\\\/es\\\/7786\\\/la-infiltrada\\\/\"},\"author\":{\"name\":\"fes\",\"@id\":\"https:\\\/\\\/fecha.gr\\\/#\\\/schema\\\/person\\\/7aeeb4cb445b980097bd9e97d4cc2e8d\"},\"headline\":\"La Infiltrada\",\"datePublished\":\"2025-05-06T20:01:24+00:00\",\"dateModified\":\"2025-05-06T20:01:26+00:00\",\"mainEntityOfPage\":{\"@id\":\"https:\\\/\\\/fecha.gr\\\/es\\\/7786\\\/la-infiltrada\\\/\"},\"wordCount\":133,\"publisher\":{\"@id\":\"https:\\\/\\\/fecha.gr\\\/#organization\"},\"image\":{\"@id\":\"https:\\\/\\\/fecha.gr\\\/es\\\/7786\\\/la-infiltrada\\\/#primaryimage\"},\"thumbnailUrl\":\"https:\\\/\\\/fecha.gr\\\/wp-content\\\/uploads\\\/2025\\\/05\\\/La-infiltrada-1.jpg\",\"articleSection\":[\"Pel\u00edcula\",\"Pel\u00edculas 2025\"],\"inLanguage\":\"es\"},{\"@type\":\"WebPage\",\"@id\":\"https:\\\/\\\/fecha.gr\\\/es\\\/7786\\\/la-infiltrada\\\/\",\"url\":\"https:\\\/\\\/fecha.gr\\\/es\\\/7786\\\/la-infiltrada\\\/\",\"name\":\"La Infiltrada - FeCHA - Festival de Cine Hispan\u00f3fono de Atenas \\\/ Hispanic Film Festival of Athens\",\"isPartOf\":{\"@id\":\"https:\\\/\\\/fecha.gr\\\/#website\"},\"primaryImageOfPage\":{\"@id\":\"https:\\\/\\\/fecha.gr\\\/es\\\/7786\\\/la-infiltrada\\\/#primaryimage\"},\"image\":{\"@id\":\"https:\\\/\\\/fecha.gr\\\/es\\\/7786\\\/la-infiltrada\\\/#primaryimage\"},\"thumbnailUrl\":\"https:\\\/\\\/fecha.gr\\\/wp-content\\\/uploads\\\/2025\\\/05\\\/La-infiltrada-1.jpg\",\"datePublished\":\"2025-05-06T20:01:24+00:00\",\"dateModified\":\"2025-05-06T20:01:26+00:00\",\"breadcrumb\":{\"@id\":\"https:\\\/\\\/fecha.gr\\\/es\\\/7786\\\/la-infiltrada\\\/#breadcrumb\"},\"inLanguage\":\"es\",\"potentialAction\":[{\"@type\":\"ReadAction\",\"target\":[\"https:\\\/\\\/fecha.gr\\\/es\\\/7786\\\/la-infiltrada\\\/\"]}]},{\"@type\":\"ImageObject\",\"inLanguage\":\"es\",\"@id\":\"https:\\\/\\\/fecha.gr\\\/es\\\/7786\\\/la-infiltrada\\\/#primaryimage\",\"url\":\"https:\\\/\\\/fecha.gr\\\/wp-content\\\/uploads\\\/2025\\\/05\\\/La-infiltrada-1.jpg\",\"contentUrl\":\"https:\\\/\\\/fecha.gr\\\/wp-content\\\/uploads\\\/2025\\\/05\\\/La-infiltrada-1.jpg\",\"width\":2560,\"height\":1707},{\"@type\":\"BreadcrumbList\",\"@id\":\"https:\\\/\\\/fecha.gr\\\/es\\\/7786\\\/la-infiltrada\\\/#breadcrumb\",\"itemListElement\":[{\"@type\":\"ListItem\",\"position\":1,\"name\":\"Home\",\"item\":\"https:\\\/\\\/fecha.gr\\\/es\\\/coming-soon\\\/\"},{\"@type\":\"ListItem\",\"position\":2,\"name\":\"La Infiltrada\"}]},{\"@type\":\"WebSite\",\"@id\":\"https:\\\/\\\/fecha.gr\\\/#website\",\"url\":\"https:\\\/\\\/fecha.gr\\\/\",\"name\":\"FeCHA - Festival de Cine Hispan\u00f3fono de Atenas \\\/ Hispanic Film Festival of Athens\",\"description\":\"\",\"publisher\":{\"@id\":\"https:\\\/\\\/fecha.gr\\\/#organization\"},\"potentialAction\":[{\"@type\":\"SearchAction\",\"target\":{\"@type\":\"EntryPoint\",\"urlTemplate\":\"https:\\\/\\\/fecha.gr\\\/?s={search_term_string}\"},\"query-input\":{\"@type\":\"PropertyValueSpecification\",\"valueRequired\":true,\"valueName\":\"search_term_string\"}}],\"inLanguage\":\"es\"},{\"@type\":\"Organization\",\"@id\":\"https:\\\/\\\/fecha.gr\\\/#organization\",\"name\":\"FeCHA - Festival de Cine Hispan\u00f3fono de Atenas\",\"url\":\"https:\\\/\\\/fecha.gr\\\/\",\"logo\":{\"@type\":\"ImageObject\",\"inLanguage\":\"es\",\"@id\":\"https:\\\/\\\/fecha.gr\\\/#\\\/schema\\\/logo\\\/image\\\/\",\"url\":\"https:\\\/\\\/fecha.gr\\\/wp-content\\\/uploads\\\/2016\\\/05\\\/favicon-fecha.png\",\"contentUrl\":\"https:\\\/\\\/fecha.gr\\\/wp-content\\\/uploads\\\/2016\\\/05\\\/favicon-fecha.png\",\"width\":1000,\"height\":1000,\"caption\":\"FeCHA - Festival de Cine Hispan\u00f3fono de Atenas\"},\"image\":{\"@id\":\"https:\\\/\\\/fecha.gr\\\/#\\\/schema\\\/logo\\\/image\\\/\"}},{\"@type\":\"Person\",\"@id\":\"https:\\\/\\\/fecha.gr\\\/#\\\/schema\\\/person\\\/7aeeb4cb445b980097bd9e97d4cc2e8d\",\"name\":\"fes\",\"url\":\"https:\\\/\\\/fecha.gr\\\/es\\\/author\\\/fes\\\/\"}]}<\/script>\n<!-- \/ Yoast SEO plugin. -->","yoast_head_json":{"title":"La Infiltrada - FeCHA - Festival de Cine Hispan\u00f3fono de Atenas \/ Hispanic Film Festival of Athens","robots":{"index":"index","follow":"follow","max-snippet":"max-snippet:-1","max-image-preview":"max-image-preview:large","max-video-preview":"max-video-preview:-1"},"canonical":"https:\/\/fecha.gr\/es\/7786\/la-infiltrada\/","og_locale":"es_ES","og_type":"article","og_title":"La Infiltrada - FeCHA - Festival de Cine Hispan\u00f3fono de Atenas \/ Hispanic Film Festival of Athens","og_description":"Basada en la historia real de Aranzazu Berradre Mar\u00edn, pseud\u00f3nimo con el que se infiltr\u00f3 una agente de la Polic\u00eda nacional en la banda terrorista ETA durante 8 a\u00f1os. Cuando contaba apenas 20 a\u00f1os, la joven consigui\u00f3 adentrarse en la izquierda abertzale, siendo la \u00fanica mujer que convivi\u00f3 en un piso con dirigentes de ETA. Durante su infiltraci\u00f3n se vio&hellip;","og_url":"https:\/\/fecha.gr\/es\/7786\/la-infiltrada\/","og_site_name":"FeCHA - Festival de Cine Hispan\u00f3fono de Atenas \/ Hispanic Film Festival of Athens","article_published_time":"2025-05-06T20:01:24+00:00","article_modified_time":"2025-05-06T20:01:26+00:00","og_image":[{"width":2560,"height":1707,"url":"https:\/\/fecha.gr\/wp-content\/uploads\/2025\/05\/La-infiltrada-1.jpg","type":"image\/jpeg"}],"author":"fes","twitter_card":"summary_large_image","schema":{"@context":"https:\/\/schema.org","@graph":[{"@type":"Article","@id":"https:\/\/fecha.gr\/es\/7786\/la-infiltrada\/#article","isPartOf":{"@id":"https:\/\/fecha.gr\/es\/7786\/la-infiltrada\/"},"author":{"name":"fes","@id":"https:\/\/fecha.gr\/#\/schema\/person\/7aeeb4cb445b980097bd9e97d4cc2e8d"},"headline":"La Infiltrada","datePublished":"2025-05-06T20:01:24+00:00","dateModified":"2025-05-06T20:01:26+00:00","mainEntityOfPage":{"@id":"https:\/\/fecha.gr\/es\/7786\/la-infiltrada\/"},"wordCount":133,"publisher":{"@id":"https:\/\/fecha.gr\/#organization"},"image":{"@id":"https:\/\/fecha.gr\/es\/7786\/la-infiltrada\/#primaryimage"},"thumbnailUrl":"https:\/\/fecha.gr\/wp-content\/uploads\/2025\/05\/La-infiltrada-1.jpg","articleSection":["Pel\u00edcula","Pel\u00edculas 2025"],"inLanguage":"es"},{"@type":"WebPage","@id":"https:\/\/fecha.gr\/es\/7786\/la-infiltrada\/","url":"https:\/\/fecha.gr\/es\/7786\/la-infiltrada\/","name":"La Infiltrada - FeCHA - Festival de Cine Hispan\u00f3fono de Atenas \/ Hispanic Film Festival of Athens","isPartOf":{"@id":"https:\/\/fecha.gr\/#website"},"primaryImageOfPage":{"@id":"https:\/\/fecha.gr\/es\/7786\/la-infiltrada\/#primaryimage"},"image":{"@id":"https:\/\/fecha.gr\/es\/7786\/la-infiltrada\/#primaryimage"},"thumbnailUrl":"https:\/\/fecha.gr\/wp-content\/uploads\/2025\/05\/La-infiltrada-1.jpg","datePublished":"2025-05-06T20:01:24+00:00","dateModified":"2025-05-06T20:01:26+00:00","breadcrumb":{"@id":"https:\/\/fecha.gr\/es\/7786\/la-infiltrada\/#breadcrumb"},"inLanguage":"es","potentialAction":[{"@type":"ReadAction","target":["https:\/\/fecha.gr\/es\/7786\/la-infiltrada\/"]}]},{"@type":"ImageObject","inLanguage":"es","@id":"https:\/\/fecha.gr\/es\/7786\/la-infiltrada\/#primaryimage","url":"https:\/\/fecha.gr\/wp-content\/uploads\/2025\/05\/La-infiltrada-1.jpg","contentUrl":"https:\/\/fecha.gr\/wp-content\/uploads\/2025\/05\/La-infiltrada-1.jpg","width":2560,"height":1707},{"@type":"BreadcrumbList","@id":"https:\/\/fecha.gr\/es\/7786\/la-infiltrada\/#breadcrumb","itemListElement":[{"@type":"ListItem","position":1,"name":"Home","item":"https:\/\/fecha.gr\/es\/coming-soon\/"},{"@type":"ListItem","position":2,"name":"La Infiltrada"}]},{"@type":"WebSite","@id":"https:\/\/fecha.gr\/#website","url":"https:\/\/fecha.gr\/","name":"FeCHA - Festival de Cine Hispan\u00f3fono de Atenas \/ Hispanic Film Festival of Athens","description":"","publisher":{"@id":"https:\/\/fecha.gr\/#organization"},"potentialAction":[{"@type":"SearchAction","target":{"@type":"EntryPoint","urlTemplate":"https:\/\/fecha.gr\/?s={search_term_string}"},"query-input":{"@type":"PropertyValueSpecification","valueRequired":true,"valueName":"search_term_string"}}],"inLanguage":"es"},{"@type":"Organization","@id":"https:\/\/fecha.gr\/#organization","name":"FeCHA - Festival de Cine Hispan\u00f3fono de Atenas","url":"https:\/\/fecha.gr\/","logo":{"@type":"ImageObject","inLanguage":"es","@id":"https:\/\/fecha.gr\/#\/schema\/logo\/image\/","url":"https:\/\/fecha.gr\/wp-content\/uploads\/2016\/05\/favicon-fecha.png","contentUrl":"https:\/\/fecha.gr\/wp-content\/uploads\/2016\/05\/favicon-fecha.png","width":1000,"height":1000,"caption":"FeCHA - Festival de Cine Hispan\u00f3fono de Atenas"},"image":{"@id":"https:\/\/fecha.gr\/#\/schema\/logo\/image\/"}},{"@type":"Person","@id":"https:\/\/fecha.gr\/#\/schema\/person\/7aeeb4cb445b980097bd9e97d4cc2e8d","name":"fes","url":"https:\/\/fecha.gr\/es\/author\/fes\/"}]}},"_links":{"self":[{"href":"https:\/\/fecha.gr\/es\/wp-json\/wp\/v2\/posts\/7786","targetHints":{"allow":["GET"]}}],"collection":[{"href":"https:\/\/fecha.gr\/es\/wp-json\/wp\/v2\/posts"}],"about":[{"href":"https:\/\/fecha.gr\/es\/wp-json\/wp\/v2\/types\/post"}],"author":[{"embeddable":true,"href":"https:\/\/fecha.gr\/es\/wp-json\/wp\/v2\/users\/2"}],"replies":[{"embeddable":true,"href":"https:\/\/fecha.gr\/es\/wp-json\/wp\/v2\/comments?post=7786"}],"version-history":[{"count":0,"href":"https:\/\/fecha.gr\/es\/wp-json\/wp\/v2\/posts\/7786\/revisions"}],"wp:featuredmedia":[{"embeddable":true,"href":"https:\/\/fecha.gr\/es\/wp-json\/wp\/v2\/media\/7506"}],"wp:attachment":[{"href":"https:\/\/fecha.gr\/es\/wp-json\/wp\/v2\/media?parent=7786"}],"wp:term":[{"taxonomy":"category","embeddable":true,"href":"https:\/\/fecha.gr\/es\/wp-json\/wp\/v2\/categories?post=7786"},{"taxonomy":"post_tag","embeddable":true,"href":"https:\/\/fecha.gr\/es\/wp-json\/wp\/v2\/tags?post=7786"}],"curies":[{"name":"wp","href":"https:\/\/api.w.org\/{rel}","templated":true}]}}