
{"id":772,"date":"2016-05-11T20:11:04","date_gmt":"2016-05-11T17:11:04","guid":{"rendered":"http:\/\/fecha.gr\/es\/?p=772"},"modified":"2016-05-12T12:51:35","modified_gmt":"2016-05-12T09:51:35","slug":"festival-de-cine-hispanofono-de-atenas-2016","status":"publish","type":"post","link":"https:\/\/fecha.gr\/es\/772\/festival-de-cine-hispanofono-de-atenas-2016\/","title":{"rendered":"FeCHA &#8211; Festival de Cine Hispan\u00f3fono de Atenas 2016"},"content":{"rendered":"<h2 style=\"text-align: center;\">FeCHA<br \/>\nFestival de Cine Hispan\u00f3fono de Atenas<\/h2>\n<h3 style=\"text-align: center;\">2-8 de Junio<br \/>\nCine al aire libre \u201cLais\u201d de la Filmoteca de Grecia<br \/>\n(Avda. Iera Odos 48 &amp; Meg. Alexandrou, metro Keramikos).<\/h3>\n<p style=\"text-align: center;\"><em><strong>Este a\u00f1o, el verano est\u00e1 dedicado al cine en espa\u00f1ol.<\/strong><\/em><\/p>\n<p>El Festival de Cine Hispan\u00f3fono de Atenas (FeCHA) comienza la primera semana de junio y estrenar\u00e1 en Atenas 13 pel\u00edculas premiadas de Espa\u00f1a, Argentina, M\u00e9xico, Chile, Cuba, Per\u00fa, Venezuela, Colombia y Ecuador.<\/p>\n<p>Trece pel\u00edculas reci\u00e9n producidas, aclamadas por el p\u00fablico y los cr\u00edticos de cine de todo el mundo. Que han sido galardonadas en festivales, han recibido premios Goya y han sido propuestas por su pa\u00eds para competir en la categor\u00eda de la mejor pel\u00edcula de habla no inglesa en los premios \u00d3scar. De ellas se compone el programa del festival de este a\u00f1o, que busca convertirse en una buena tradici\u00f3n del cine veraniego de Atenas.<\/p>\n<p>\u0395l cine al aire libre \u201cLais\u201d de la Filmoteca de Grecia viaja desde Espa\u00f1a hasta Am\u00e9rica Latina, explorando la tradici\u00f3n cinematogr\u00e1fica de estos pa\u00edses y disfrutando de grandes nombres del panorama cinematogr\u00e1fico hispano como Ricardo Dar\u00edn, Luis Tosar, Maribel Verd\u00fa, entre otros.<\/p>\n<p>El programa del FeCHA incluye pel\u00edculas de varios tipos, desde las bien conocidas comedias rom\u00e1nticas y pel\u00edculas de terror y suspense, hasta las cintas latinoamericanas que abordan temas sociales y pol\u00edticos. Un programa que seguro va a satisfacer todos los gustos.<\/p>\n<p><strong>La pel\u00edcula de apertura del festival es la pel\u00edcula \u00abTruman\u00bb que ha triunfado en los premios Goya y sin duda va a ser la pel\u00edcula del verano.<\/strong><\/p>\n<p>Al acabar la proyecci\u00f3n vamos a disfrutar sabores mexicanos del restaurante \u00abMexicano\u00bb y cervezas Sol en la terraza del Lais.<\/p>\n<p>Se pondr\u00e1 a la venta un n\u00famero limitado (100) de pases completos del festival. Estar\u00e1n a la venta a partir del 16\/5 en la Filmoteca de Grecia.<\/p>\n<p>Precios:<br \/>\nEntrada general: 7 euros. Estudiantes \u2013 Desempleados \u2013 personas con discapacidad \u2013 estudiantes del Instituto Cervantes \u2013 club de la Filmoteca: 5 euros<br \/>\nPase completo: 50 euros<\/p>\n","protected":false},"excerpt":{"rendered":"<p>FeCHA Festival de Cine Hispan\u00f3fono de Atenas 2-8 de Junio Cine al aire libre \u201cLais\u201d de la Filmoteca de Grecia (Avda. Iera Odos 48 &amp; Meg. Alexandrou, metro Keramikos). Este a\u00f1o, el verano est\u00e1 dedicado al cine en espa\u00f1ol. El Festival de Cine Hispan\u00f3fono de Atenas (FeCHA) comienza la primera semana de junio y estrenar\u00e1 en Atenas 13 pel\u00edculas premiadas&hellip;<\/p>\n","protected":false},"author":2,"featured_media":829,"comment_status":"closed","ping_status":"closed","sticky":false,"template":"","format":"standard","meta":{"powered_cache_disable_cache":false,"footnotes":""},"categories":[31,32],"tags":[],"class_list":["post-772","post","type-post","status-publish","format-standard","has-post-thumbnail","hentry","category-noticias","category-noticias-2016"],"yoast_head":"<!-- This site is optimized with the Yoast SEO plugin v27.5 - https:\/\/yoast.com\/product\/yoast-seo-wordpress\/ -->\n<title>FeCHA - Festival de Cine Hispan\u00f3fono de Atenas 2016 - FeCHA - Festival de Cine Hispan\u00f3fono de Atenas \/ Hispanic Film Festival of Athens<\/title>\n<meta name=\"robots\" content=\"index, follow, max-snippet:-1, max-image-preview:large, max-video-preview:-1\" \/>\n<link rel=\"canonical\" href=\"https:\/\/fecha.gr\/es\/772\/festival-de-cine-hispanofono-de-atenas-2016\/\" \/>\n<meta property=\"og:locale\" content=\"es_ES\" \/>\n<meta property=\"og:type\" content=\"article\" \/>\n<meta property=\"og:title\" content=\"FeCHA - Festival de Cine Hispan\u00f3fono de Atenas 2016 - FeCHA - Festival de Cine Hispan\u00f3fono de Atenas \/ Hispanic Film Festival of Athens\" \/>\n<meta property=\"og:description\" content=\"FeCHA Festival de Cine Hispan\u00f3fono de Atenas 2-8 de Junio Cine al aire libre \u201cLais\u201d de la Filmoteca de Grecia (Avda. Iera Odos 48 &amp; Meg. Alexandrou, metro Keramikos). Este a\u00f1o, el verano est\u00e1 dedicado al cine en espa\u00f1ol. El Festival de Cine Hispan\u00f3fono de Atenas (FeCHA) comienza la primera semana de junio y estrenar\u00e1 en Atenas 13 pel\u00edculas premiadas&hellip;\" \/>\n<meta property=\"og:url\" content=\"https:\/\/fecha.gr\/es\/772\/festival-de-cine-hispanofono-de-atenas-2016\/\" \/>\n<meta property=\"og:site_name\" content=\"FeCHA - Festival de Cine Hispan\u00f3fono de Atenas \/ Hispanic Film Festival of Athens\" \/>\n<meta property=\"article:published_time\" content=\"2016-05-11T17:11:04+00:00\" \/>\n<meta property=\"article:modified_time\" content=\"2016-05-12T09:51:35+00:00\" \/>\n<meta property=\"og:image\" content=\"https:\/\/fecha.gr\/wp-content\/uploads\/2016\/05\/truman-e1464598480497.jpg\" \/>\n\t<meta property=\"og:image:width\" content=\"1500\" \/>\n\t<meta property=\"og:image:height\" content=\"811\" \/>\n\t<meta property=\"og:image:type\" content=\"image\/jpeg\" \/>\n<meta name=\"author\" content=\"fes\" \/>\n<meta name=\"twitter:card\" content=\"summary_large_image\" \/>\n<script type=\"application\/ld+json\" class=\"yoast-schema-graph\">{\"@context\":\"https:\\\/\\\/schema.org\",\"@graph\":[{\"@type\":\"Article\",\"@id\":\"https:\\\/\\\/fecha.gr\\\/es\\\/772\\\/festival-de-cine-hispanofono-de-atenas-2016\\\/#article\",\"isPartOf\":{\"@id\":\"https:\\\/\\\/fecha.gr\\\/es\\\/772\\\/festival-de-cine-hispanofono-de-atenas-2016\\\/\"},\"author\":{\"name\":\"fes\",\"@id\":\"https:\\\/\\\/fecha.gr\\\/#\\\/schema\\\/person\\\/7aeeb4cb445b980097bd9e97d4cc2e8d\"},\"headline\":\"FeCHA &#8211; Festival de Cine Hispan\u00f3fono de Atenas 2016\",\"datePublished\":\"2016-05-11T17:11:04+00:00\",\"dateModified\":\"2016-05-12T09:51:35+00:00\",\"mainEntityOfPage\":{\"@id\":\"https:\\\/\\\/fecha.gr\\\/es\\\/772\\\/festival-de-cine-hispanofono-de-atenas-2016\\\/\"},\"wordCount\":361,\"publisher\":{\"@id\":\"https:\\\/\\\/fecha.gr\\\/#organization\"},\"image\":{\"@id\":\"https:\\\/\\\/fecha.gr\\\/es\\\/772\\\/festival-de-cine-hispanofono-de-atenas-2016\\\/#primaryimage\"},\"thumbnailUrl\":\"https:\\\/\\\/fecha.gr\\\/wp-content\\\/uploads\\\/2016\\\/05\\\/truman-e1464598480497.jpg\",\"articleSection\":[\"Noticias\",\"Noticias 2016\"],\"inLanguage\":\"es\"},{\"@type\":\"WebPage\",\"@id\":\"https:\\\/\\\/fecha.gr\\\/es\\\/772\\\/festival-de-cine-hispanofono-de-atenas-2016\\\/\",\"url\":\"https:\\\/\\\/fecha.gr\\\/es\\\/772\\\/festival-de-cine-hispanofono-de-atenas-2016\\\/\",\"name\":\"FeCHA - Festival de Cine Hispan\u00f3fono de Atenas 2016 - FeCHA - Festival de Cine Hispan\u00f3fono de Atenas \\\/ Hispanic Film Festival of Athens\",\"isPartOf\":{\"@id\":\"https:\\\/\\\/fecha.gr\\\/#website\"},\"primaryImageOfPage\":{\"@id\":\"https:\\\/\\\/fecha.gr\\\/es\\\/772\\\/festival-de-cine-hispanofono-de-atenas-2016\\\/#primaryimage\"},\"image\":{\"@id\":\"https:\\\/\\\/fecha.gr\\\/es\\\/772\\\/festival-de-cine-hispanofono-de-atenas-2016\\\/#primaryimage\"},\"thumbnailUrl\":\"https:\\\/\\\/fecha.gr\\\/wp-content\\\/uploads\\\/2016\\\/05\\\/truman-e1464598480497.jpg\",\"datePublished\":\"2016-05-11T17:11:04+00:00\",\"dateModified\":\"2016-05-12T09:51:35+00:00\",\"breadcrumb\":{\"@id\":\"https:\\\/\\\/fecha.gr\\\/es\\\/772\\\/festival-de-cine-hispanofono-de-atenas-2016\\\/#breadcrumb\"},\"inLanguage\":\"es\",\"potentialAction\":[{\"@type\":\"ReadAction\",\"target\":[\"https:\\\/\\\/fecha.gr\\\/es\\\/772\\\/festival-de-cine-hispanofono-de-atenas-2016\\\/\"]}]},{\"@type\":\"ImageObject\",\"inLanguage\":\"es\",\"@id\":\"https:\\\/\\\/fecha.gr\\\/es\\\/772\\\/festival-de-cine-hispanofono-de-atenas-2016\\\/#primaryimage\",\"url\":\"https:\\\/\\\/fecha.gr\\\/wp-content\\\/uploads\\\/2016\\\/05\\\/truman-e1464598480497.jpg\",\"contentUrl\":\"https:\\\/\\\/fecha.gr\\\/wp-content\\\/uploads\\\/2016\\\/05\\\/truman-e1464598480497.jpg\",\"width\":1500,\"height\":811},{\"@type\":\"BreadcrumbList\",\"@id\":\"https:\\\/\\\/fecha.gr\\\/es\\\/772\\\/festival-de-cine-hispanofono-de-atenas-2016\\\/#breadcrumb\",\"itemListElement\":[{\"@type\":\"ListItem\",\"position\":1,\"name\":\"Home\",\"item\":\"https:\\\/\\\/fecha.gr\\\/es\\\/coming-soon\\\/\"},{\"@type\":\"ListItem\",\"position\":2,\"name\":\"FeCHA &#8211; Festival de Cine Hispan\u00f3fono de Atenas 2016\"}]},{\"@type\":\"WebSite\",\"@id\":\"https:\\\/\\\/fecha.gr\\\/#website\",\"url\":\"https:\\\/\\\/fecha.gr\\\/\",\"name\":\"FeCHA - Festival de Cine Hispan\u00f3fono de Atenas \\\/ Hispanic Film Festival of Athens\",\"description\":\"\",\"publisher\":{\"@id\":\"https:\\\/\\\/fecha.gr\\\/#organization\"},\"potentialAction\":[{\"@type\":\"SearchAction\",\"target\":{\"@type\":\"EntryPoint\",\"urlTemplate\":\"https:\\\/\\\/fecha.gr\\\/?s={search_term_string}\"},\"query-input\":{\"@type\":\"PropertyValueSpecification\",\"valueRequired\":true,\"valueName\":\"search_term_string\"}}],\"inLanguage\":\"es\"},{\"@type\":\"Organization\",\"@id\":\"https:\\\/\\\/fecha.gr\\\/#organization\",\"name\":\"FeCHA - Festival de Cine Hispan\u00f3fono de Atenas\",\"url\":\"https:\\\/\\\/fecha.gr\\\/\",\"logo\":{\"@type\":\"ImageObject\",\"inLanguage\":\"es\",\"@id\":\"https:\\\/\\\/fecha.gr\\\/#\\\/schema\\\/logo\\\/image\\\/\",\"url\":\"https:\\\/\\\/fecha.gr\\\/wp-content\\\/uploads\\\/2016\\\/05\\\/favicon-fecha.png\",\"contentUrl\":\"https:\\\/\\\/fecha.gr\\\/wp-content\\\/uploads\\\/2016\\\/05\\\/favicon-fecha.png\",\"width\":1000,\"height\":1000,\"caption\":\"FeCHA - Festival de Cine Hispan\u00f3fono de Atenas\"},\"image\":{\"@id\":\"https:\\\/\\\/fecha.gr\\\/#\\\/schema\\\/logo\\\/image\\\/\"}},{\"@type\":\"Person\",\"@id\":\"https:\\\/\\\/fecha.gr\\\/#\\\/schema\\\/person\\\/7aeeb4cb445b980097bd9e97d4cc2e8d\",\"name\":\"fes\",\"url\":\"https:\\\/\\\/fecha.gr\\\/es\\\/author\\\/fes\\\/\"}]}<\/script>\n<!-- \/ Yoast SEO plugin. -->","yoast_head_json":{"title":"FeCHA - Festival de Cine Hispan\u00f3fono de Atenas 2016 - FeCHA - Festival de Cine Hispan\u00f3fono de Atenas \/ Hispanic Film Festival of Athens","robots":{"index":"index","follow":"follow","max-snippet":"max-snippet:-1","max-image-preview":"max-image-preview:large","max-video-preview":"max-video-preview:-1"},"canonical":"https:\/\/fecha.gr\/es\/772\/festival-de-cine-hispanofono-de-atenas-2016\/","og_locale":"es_ES","og_type":"article","og_title":"FeCHA - Festival de Cine Hispan\u00f3fono de Atenas 2016 - FeCHA - Festival de Cine Hispan\u00f3fono de Atenas \/ Hispanic Film Festival of Athens","og_description":"FeCHA Festival de Cine Hispan\u00f3fono de Atenas 2-8 de Junio Cine al aire libre \u201cLais\u201d de la Filmoteca de Grecia (Avda. Iera Odos 48 &amp; Meg. Alexandrou, metro Keramikos). Este a\u00f1o, el verano est\u00e1 dedicado al cine en espa\u00f1ol. El Festival de Cine Hispan\u00f3fono de Atenas (FeCHA) comienza la primera semana de junio y estrenar\u00e1 en Atenas 13 pel\u00edculas premiadas&hellip;","og_url":"https:\/\/fecha.gr\/es\/772\/festival-de-cine-hispanofono-de-atenas-2016\/","og_site_name":"FeCHA - Festival de Cine Hispan\u00f3fono de Atenas \/ Hispanic Film Festival of Athens","article_published_time":"2016-05-11T17:11:04+00:00","article_modified_time":"2016-05-12T09:51:35+00:00","og_image":[{"width":1500,"height":811,"url":"https:\/\/fecha.gr\/wp-content\/uploads\/2016\/05\/truman-e1464598480497.jpg","type":"image\/jpeg"}],"author":"fes","twitter_card":"summary_large_image","schema":{"@context":"https:\/\/schema.org","@graph":[{"@type":"Article","@id":"https:\/\/fecha.gr\/es\/772\/festival-de-cine-hispanofono-de-atenas-2016\/#article","isPartOf":{"@id":"https:\/\/fecha.gr\/es\/772\/festival-de-cine-hispanofono-de-atenas-2016\/"},"author":{"name":"fes","@id":"https:\/\/fecha.gr\/#\/schema\/person\/7aeeb4cb445b980097bd9e97d4cc2e8d"},"headline":"FeCHA &#8211; Festival de Cine Hispan\u00f3fono de Atenas 2016","datePublished":"2016-05-11T17:11:04+00:00","dateModified":"2016-05-12T09:51:35+00:00","mainEntityOfPage":{"@id":"https:\/\/fecha.gr\/es\/772\/festival-de-cine-hispanofono-de-atenas-2016\/"},"wordCount":361,"publisher":{"@id":"https:\/\/fecha.gr\/#organization"},"image":{"@id":"https:\/\/fecha.gr\/es\/772\/festival-de-cine-hispanofono-de-atenas-2016\/#primaryimage"},"thumbnailUrl":"https:\/\/fecha.gr\/wp-content\/uploads\/2016\/05\/truman-e1464598480497.jpg","articleSection":["Noticias","Noticias 2016"],"inLanguage":"es"},{"@type":"WebPage","@id":"https:\/\/fecha.gr\/es\/772\/festival-de-cine-hispanofono-de-atenas-2016\/","url":"https:\/\/fecha.gr\/es\/772\/festival-de-cine-hispanofono-de-atenas-2016\/","name":"FeCHA - Festival de Cine Hispan\u00f3fono de Atenas 2016 - FeCHA - Festival de Cine Hispan\u00f3fono de Atenas \/ Hispanic Film Festival of Athens","isPartOf":{"@id":"https:\/\/fecha.gr\/#website"},"primaryImageOfPage":{"@id":"https:\/\/fecha.gr\/es\/772\/festival-de-cine-hispanofono-de-atenas-2016\/#primaryimage"},"image":{"@id":"https:\/\/fecha.gr\/es\/772\/festival-de-cine-hispanofono-de-atenas-2016\/#primaryimage"},"thumbnailUrl":"https:\/\/fecha.gr\/wp-content\/uploads\/2016\/05\/truman-e1464598480497.jpg","datePublished":"2016-05-11T17:11:04+00:00","dateModified":"2016-05-12T09:51:35+00:00","breadcrumb":{"@id":"https:\/\/fecha.gr\/es\/772\/festival-de-cine-hispanofono-de-atenas-2016\/#breadcrumb"},"inLanguage":"es","potentialAction":[{"@type":"ReadAction","target":["https:\/\/fecha.gr\/es\/772\/festival-de-cine-hispanofono-de-atenas-2016\/"]}]},{"@type":"ImageObject","inLanguage":"es","@id":"https:\/\/fecha.gr\/es\/772\/festival-de-cine-hispanofono-de-atenas-2016\/#primaryimage","url":"https:\/\/fecha.gr\/wp-content\/uploads\/2016\/05\/truman-e1464598480497.jpg","contentUrl":"https:\/\/fecha.gr\/wp-content\/uploads\/2016\/05\/truman-e1464598480497.jpg","width":1500,"height":811},{"@type":"BreadcrumbList","@id":"https:\/\/fecha.gr\/es\/772\/festival-de-cine-hispanofono-de-atenas-2016\/#breadcrumb","itemListElement":[{"@type":"ListItem","position":1,"name":"Home","item":"https:\/\/fecha.gr\/es\/coming-soon\/"},{"@type":"ListItem","position":2,"name":"FeCHA &#8211; Festival de Cine Hispan\u00f3fono de Atenas 2016"}]},{"@type":"WebSite","@id":"https:\/\/fecha.gr\/#website","url":"https:\/\/fecha.gr\/","name":"FeCHA - Festival de Cine Hispan\u00f3fono de Atenas \/ Hispanic Film Festival of Athens","description":"","publisher":{"@id":"https:\/\/fecha.gr\/#organization"},"potentialAction":[{"@type":"SearchAction","target":{"@type":"EntryPoint","urlTemplate":"https:\/\/fecha.gr\/?s={search_term_string}"},"query-input":{"@type":"PropertyValueSpecification","valueRequired":true,"valueName":"search_term_string"}}],"inLanguage":"es"},{"@type":"Organization","@id":"https:\/\/fecha.gr\/#organization","name":"FeCHA - Festival de Cine Hispan\u00f3fono de Atenas","url":"https:\/\/fecha.gr\/","logo":{"@type":"ImageObject","inLanguage":"es","@id":"https:\/\/fecha.gr\/#\/schema\/logo\/image\/","url":"https:\/\/fecha.gr\/wp-content\/uploads\/2016\/05\/favicon-fecha.png","contentUrl":"https:\/\/fecha.gr\/wp-content\/uploads\/2016\/05\/favicon-fecha.png","width":1000,"height":1000,"caption":"FeCHA - Festival de Cine Hispan\u00f3fono de Atenas"},"image":{"@id":"https:\/\/fecha.gr\/#\/schema\/logo\/image\/"}},{"@type":"Person","@id":"https:\/\/fecha.gr\/#\/schema\/person\/7aeeb4cb445b980097bd9e97d4cc2e8d","name":"fes","url":"https:\/\/fecha.gr\/es\/author\/fes\/"}]}},"_links":{"self":[{"href":"https:\/\/fecha.gr\/es\/wp-json\/wp\/v2\/posts\/772","targetHints":{"allow":["GET"]}}],"collection":[{"href":"https:\/\/fecha.gr\/es\/wp-json\/wp\/v2\/posts"}],"about":[{"href":"https:\/\/fecha.gr\/es\/wp-json\/wp\/v2\/types\/post"}],"author":[{"embeddable":true,"href":"https:\/\/fecha.gr\/es\/wp-json\/wp\/v2\/users\/2"}],"replies":[{"embeddable":true,"href":"https:\/\/fecha.gr\/es\/wp-json\/wp\/v2\/comments?post=772"}],"version-history":[{"count":0,"href":"https:\/\/fecha.gr\/es\/wp-json\/wp\/v2\/posts\/772\/revisions"}],"wp:featuredmedia":[{"embeddable":true,"href":"https:\/\/fecha.gr\/es\/wp-json\/wp\/v2\/media\/829"}],"wp:attachment":[{"href":"https:\/\/fecha.gr\/es\/wp-json\/wp\/v2\/media?parent=772"}],"wp:term":[{"taxonomy":"category","embeddable":true,"href":"https:\/\/fecha.gr\/es\/wp-json\/wp\/v2\/categories?post=772"},{"taxonomy":"post_tag","embeddable":true,"href":"https:\/\/fecha.gr\/es\/wp-json\/wp\/v2\/tags?post=772"}],"curies":[{"name":"wp","href":"https:\/\/api.w.org\/{rel}","templated":true}]}}