
{"id":7121,"date":"2024-05-13T13:57:15","date_gmt":"2024-05-13T10:57:15","guid":{"rendered":"https:\/\/fecha.gr\/7121\/fecha-2024-los-invitados\/"},"modified":"2024-05-13T13:57:16","modified_gmt":"2024-05-13T10:57:16","slug":"fecha-2024-los-invitados","status":"publish","type":"post","link":"https:\/\/fecha.gr\/es\/7121\/fecha-2024-los-invitados\/","title":{"rendered":"FeCHA 2024: Los Invitados"},"content":{"rendered":"\n<p>El 8\u00ba Festival FeCHA acoger\u00e1 a 6 cineastas hispanohablantes que presentar\u00e1n sus pel\u00edculas en el Festival.<\/p>\n<div class=\"wp-block-image\">\n<figure class=\"alignleft size-medium\"><img loading=\"lazy\" decoding=\"async\" width=\"300\" height=\"200\" src=\"https:\/\/fecha.gr\/wp-content\/uploads\/2024\/05\/GERARDO-HERRERO-4-300x200.jpg\" alt=\"\" class=\"wp-image-7064\" srcset=\"https:\/\/fecha.gr\/wp-content\/uploads\/2024\/05\/GERARDO-HERRERO-4-300x200.jpg 300w, https:\/\/fecha.gr\/wp-content\/uploads\/2024\/05\/GERARDO-HERRERO-4-1024x683.jpg 1024w, https:\/\/fecha.gr\/wp-content\/uploads\/2024\/05\/GERARDO-HERRERO-4-1536x1024.jpg 1536w, https:\/\/fecha.gr\/wp-content\/uploads\/2024\/05\/GERARDO-HERRERO-4-2048x1365.jpg 2048w\" sizes=\"auto, (max-width: 300px) 100vw, 300px\" \/><\/figure>\n<\/div>\n<p><strong><em>Gerardo Herrero, director y productor de la pel\u00edcula inaugural del festival \u00abBajo Terapia\u00bb. <\/em><\/strong>Desde que fund\u00f3 Tornasol Films en 1987, ha producido m\u00e1s de 175 largometrajes, varios documentales y series de televisi\u00f3n. Tambi\u00e9n ha dirigido 17 pel\u00edculas, entre ellas: \u00abBajo Terapia\u00bb (Biznaga de Plata premio especial del jurado en el Festival de M\u00e1laga 2023 y Premio Platino a la Mejor Pel\u00edcula Iberoamericana de Comedia 2024), \u00abSilencio en la nieve\u00bb, \u00abLos aires dif\u00edciles\u00bb, \u00abHero\u00edna\u00bb, \u00abLas razones de mis amigos\u00bb&#8230; Sus pel\u00edculas han competido en los Festivales de Berl\u00edn y San Sebasti\u00e1n y han ganado, entre otros, la \u00abBiznaga\u00bb de Oro a la Mejor Pel\u00edcula y la \u00abBiznaga\u00bb de Plata al Mejor Director en el Festival de M\u00e1laga.<br\/>Ha producido pel\u00edculas de \u00e9xito como \u00abLos Cr\u00edmenes De Oxford\u00bb de \u00c1lex de la Iglesia, las pel\u00edculas de Juan Jos\u00e9 Campanella \u00abEl hijo de la novia\u00bb y \u00abEl secreto de sus ojos\u00bb, esta \u00faltima ganadora de un OSCAR\u00ae a la Mejor Pel\u00edcula Extranjera, \u00abEl Viento que Agita La Cebada\u00bb de Ken Loach (Palma de Oro en el Festival de Cannes) o \u00abEl Reino\u00bb de Rodrigo Sorogoyen (ganadora de 7 Premios Goya).<\/p>\n<div class=\"wp-block-image\">\n<figure class=\"alignleft size-medium\"><img loading=\"lazy\" decoding=\"async\" width=\"200\" height=\"300\" src=\"https:\/\/fecha.gr\/wp-content\/uploads\/2024\/05\/mariela_besuievsky-200x300.jpeg\" alt=\"\" class=\"wp-image-7067\" srcset=\"https:\/\/fecha.gr\/wp-content\/uploads\/2024\/05\/mariela_besuievsky-200x300.jpeg 200w, https:\/\/fecha.gr\/wp-content\/uploads\/2024\/05\/mariela_besuievsky-683x1024.jpeg 683w, https:\/\/fecha.gr\/wp-content\/uploads\/2024\/05\/mariela_besuievsky-1024x1536.jpeg 1024w, https:\/\/fecha.gr\/wp-content\/uploads\/2024\/05\/mariela_besuievsky-1365x2048.jpeg 1365w, https:\/\/fecha.gr\/wp-content\/uploads\/2024\/05\/mariela_besuievsky.jpeg 1500w\" sizes=\"auto, (max-width: 200px) 100vw, 200px\" \/><\/figure>\n<\/div>\n<p><strong><em>Mariela Besuievsky, productora de la pel\u00edcula inaugural del festival \u00abBajo Terapia\u00bb.<\/em><\/strong> Naci\u00f3 en Uruguay. Se gradu\u00f3 en la EMAD, Escuela Municipal de Arte Dram\u00e1tico y estudi\u00f3 cine en la EICTV (Cuba). Su primera pel\u00edcula como productora fue \u00abEl dirigible\u00bb, \u00f3pera prima de Pablo Dotta, primera pel\u00edcula uruguaya seleccionada por el Festival de Cannes de 1994 en la Semana Internacional de la Cr\u00edtica.<br\/>Sus cr\u00e9ditos incluyen m\u00e1s de 150 pel\u00edculas como productora y productora ejecutiva, entre otras: \u00abEl secreto de sus ojos\u00bb de Juan Jos\u00e9 Campanella, ganadora del Oscar a la Mejor Pel\u00edcula Extranjera, \u00abBalada triste de trompeta\u00bb (Le\u00f3n de Plata en Venecia 2010) y \u00abLos cr\u00edmenes de Oxford\u00bb de \u00c1lex de la Iglesia, \u00abTetro\u00bb de Francis Ford Coppola, \u00abEl hombre que mat\u00f3 a Don Quijote\u00bb de Terry Gilliam, \u00abBajo Terapia\u00bb de Gerardo Herrero (Biznaga de Plata premio especial del jurado en el Festival de M\u00e1laga 2023 y Premio Platino a la Mejor Pel\u00edcula Iberoamericana de Comedia 2024),. &#8230; En 2017 la serie \u00abCuatros Estaciones en Habana\u00bb obtuvo el Premio Platino a la Mejor Miniserie Iberoamericana. Entre sus pr\u00f3ximos proyectos se destacan la serie \u00abDetective Tour\u00e9\u00bb que se emitir\u00e1 en RTVE y el largometraje \u00abJusticia Artificial\u00bb de Sim\u00f3n Casal que se estrenar\u00e1 pr\u00f3ximamente en los cines.<\/p>\n<div class=\"wp-block-image\">\n<figure class=\"alignleft size-medium\"><img loading=\"lazy\" decoding=\"async\" width=\"300\" height=\"225\" src=\"https:\/\/fecha.gr\/wp-content\/uploads\/2024\/05\/fessercv2024-web-300x225.jpg\" alt=\"\" class=\"wp-image-7061\" srcset=\"https:\/\/fecha.gr\/wp-content\/uploads\/2024\/05\/fessercv2024-web-300x225.jpg 300w, https:\/\/fecha.gr\/wp-content\/uploads\/2024\/05\/fessercv2024-web.jpg 1000w\" sizes=\"auto, (max-width: 300px) 100vw, 300px\" \/><\/figure>\n<\/div>\n<p><strong><em>Javier Fesser, director de la pel\u00edcula \u00abCampeonex\u00bb. <\/em><\/strong>Javier Fesser (Madrid 1964), es contador de historias. Multipremiado internacionalmente, incluyendo seis Goyas y una nominaci\u00f3n al Oscar, sus pel\u00edculas suman, solo en salas de cine, m\u00e1s de 14 millones de espectadores. CAMPEONES, una comedia llena de emoci\u00f3n que gira en torno a las personas con discapacidad intelectual, fue adem\u00e1s la elegida por la Academia de Cine para representar a Espa\u00f1a en la edici\u00f3n de los premios Oscar 2019 y le val\u00edo para ser Premio Nacional del Deporte de ese mismo a\u00f1o. Su \u00faltima pel\u00edcula, CAMPEONEX, se estren\u00f3 en Agosto de 2023 y permaneci\u00f3 durante cuatro semanas n\u00famero 1 de taquilla en Espa\u00f1a.<br\/>Actualmente se encuentra en el proceso de postproducci\u00f3n de su primera serie, que ver\u00e1 la luz en oto\u00f1o de 2024 en la plataforma Disney+.<\/p>\n<div class=\"wp-block-image\">\n<figure class=\"alignleft size-medium\"><img loading=\"lazy\" decoding=\"async\" width=\"300\" height=\"300\" src=\"https:\/\/fecha.gr\/wp-content\/uploads\/2024\/05\/athenea-mata-300x300.jpg\" alt=\"\" class=\"wp-image-7055\" srcset=\"https:\/\/fecha.gr\/wp-content\/uploads\/2024\/05\/athenea-mata-300x300.jpg 300w, https:\/\/fecha.gr\/wp-content\/uploads\/2024\/05\/athenea-mata-1024x1024.jpg 1024w, https:\/\/fecha.gr\/wp-content\/uploads\/2024\/05\/athenea-mata-150x150.jpg 150w, https:\/\/fecha.gr\/wp-content\/uploads\/2024\/05\/athenea-mata.jpg 1535w\" sizes=\"auto, (max-width: 300px) 100vw, 300px\" \/><\/figure>\n<\/div>\n<p><strong><em>Athenea Mata, \u03c3\u03c5\u03bd-\u03c3\u03b5\u03bd\u03b1\u03c1\u03b9\u03bf\u03b3\u03c1\u03ac\u03c6\u03bf\u03c2 \u03c4\u03b7\u03c2 \u03c4\u03b1\u03b9\u03bd\u03af\u03b1\u03c2 \u00ab\u03a0\u03c1\u03c9\u03c4\u03b1\u03b8\u03bb\u03b7\u03c4\u03adx\u00bb (Campeonex). <\/em><\/strong>Athenea Mata es una actriz y guionista espa\u00f1ola. Ha participado en varias series de televisi\u00f3n, numerosos cortometrajes y pel\u00edculas. En 2001 protagoniz\u00f3 Cu\u00eddate de m\u00ed junto a Myriam M\u00e9zi\u00e8res bajo las \u00f3rdenes del director malague\u00f1o Javier de la Torre. En 2004, durante el a\u00f1o que estudi\u00f3 en Nueva York, fue la actriz principal de Film 101 \u00f3pera prima del director indio-americano Kevin Desmond. La pel\u00edcula fue galardonada con numerosos premios en diversos festivales de cine independiente norteamericano y canadiense. En 2018 ha actuado como actriz principal en la pel\u00edcula de Javier Fesser, Campeones, junto con Javier Guti\u00e9rrez. En el a\u00f1o 2023 estren\u00f3 Madres, una comedia de Elena D\u00edaz Barrig\u00f3n que est\u00e1 sembrando un gran \u00e9xito en el Teatro Lara de Madrid.<\/p>\n<div class=\"wp-block-image\">\n<figure class=\"alignleft size-medium\"><img loading=\"lazy\" decoding=\"async\" width=\"193\" height=\"300\" src=\"https:\/\/fecha.gr\/wp-content\/uploads\/2024\/05\/AlejandroMarin_Fotografo_Pau-Fabregat-web-193x300.jpg\" alt=\"\" class=\"wp-image-7052\" srcset=\"https:\/\/fecha.gr\/wp-content\/uploads\/2024\/05\/AlejandroMarin_Fotografo_Pau-Fabregat-web-193x300.jpg 193w, https:\/\/fecha.gr\/wp-content\/uploads\/2024\/05\/AlejandroMarin_Fotografo_Pau-Fabregat-web-658x1024.jpg 658w, https:\/\/fecha.gr\/wp-content\/uploads\/2024\/05\/AlejandroMarin_Fotografo_Pau-Fabregat-web-987x1536.jpg 987w, https:\/\/fecha.gr\/wp-content\/uploads\/2024\/05\/AlejandroMarin_Fotografo_Pau-Fabregat-web.jpg 1000w\" sizes=\"auto, (max-width: 193px) 100vw, 193px\" \/><\/figure>\n<\/div>\n<p><strong><em>Alejandro Mar\u00edn, director de la pel\u00edcula \u00abTe Estoy Amando Locamente\u00bb. <\/em><\/strong>Alejandro Mar\u00edn se gradu\u00f3 en 2018 en Direcci\u00f3n Cinematogr\u00e1fica por la ESCAC (Escola Superior de Cinema i Audiovisuals de Catalunya) con el cortometraje &#8216;Nacho no conduce&#8217; y el largometraje colectivo &#8216;La filla d&#8217;alg\u00fa&#8217;. En 2021, dirige &#8216;Maric\u00f3n Perdido&#8217;, serie creada por Bob Pop y galardonada con el Premio Ondas a la Mejor Serie de Comedia. En 2023 estrena su primera pel\u00edcula, &#8216;Te estoy amando locamente&#8217;. Rodada en Sevilla y protagonizada por Ana Wagener, Omar Banana y Alba Flores, est\u00e1 ambientada en los inicios del movimiento LGTBI en Sevilla durante la Transici\u00f3n espa\u00f1ola. &#8216;Te estoy amando locamente&#8217; ha recibido cinco nominaciones a los Premios Goya, incluyendo Mejor Direcci\u00f3n Novel y Gui\u00f3n Original, alz\u00e1ndose finalmente con el galard\u00f3n a la Mejor Canci\u00f3n Original; y cuatro nominaciones a los Premios Feroz, incluyendo Mejor Comedia, ganando el premio al Mejor Actor de Reparto. Tambi\u00e9n ha sido nominada a la Mejor Comedia en los Premios Platino del Cine Iberoamericano.<\/p>\n<div class=\"wp-block-image\">\n<figure class=\"alignleft size-medium\"><img loading=\"lazy\" decoding=\"async\" width=\"200\" height=\"300\" src=\"https:\/\/fecha.gr\/wp-content\/uploads\/2024\/05\/Carmen-Vacas-R1-08285-0017-web-200x300.jpg\" alt=\"\" class=\"wp-image-7058\" srcset=\"https:\/\/fecha.gr\/wp-content\/uploads\/2024\/05\/Carmen-Vacas-R1-08285-0017-web-200x300.jpg 200w, https:\/\/fecha.gr\/wp-content\/uploads\/2024\/05\/Carmen-Vacas-R1-08285-0017-web-681x1024.jpg 681w, https:\/\/fecha.gr\/wp-content\/uploads\/2024\/05\/Carmen-Vacas-R1-08285-0017-web.jpg 1000w\" sizes=\"auto, (max-width: 200px) 100vw, 200px\" \/><\/figure>\n<\/div>\n<p><strong><em>Carmen Garrido Vacas, guionista de la pelicula \u00abTe Estoy Amando Locamente\u00bb.<\/em><\/strong> Carmen Garrido (1993, M\u00e1laga) curs\u00f3 el Programa de \u00d3pera Prima en la ESCAC tras estudiar Derecho y Enconom\u00eda. En 2023 estren\u00f3 \u00abTe estoy amando locamente\u00bb, su primera pel\u00edcula como productora ejecutiva y guionista. . \u00abTe estoy amando locamente\u00bb ha recibido cinco nominaciones a los Premios Goya, incluyendo Mejor Gui\u00f3n Original; y cuatro a los Premios Feroz, incluyendo Mejor Comedia. Por esta misma pel\u00edcula, gan\u00f3 el premio al Mejor Gui\u00f3n y a la Mejor Producci\u00f3n en L\u00ednea de la Academia de Cine de Andaluc\u00eda. Actualmente est\u00e1 orquestando el esperado regreso de Mar Coll al cine, asumiendo el papel de productora ejecutiva de la pr\u00f3xima pel\u00edcula de Coll: \u00abLas madres no\u00bb.<\/p>\n\n<p><\/p>\n","protected":false},"excerpt":{"rendered":"<p>El 8\u00ba Festival FeCHA acoger\u00e1 a 6 cineastas hispanohablantes que presentar\u00e1n sus pel\u00edculas en el Festival. Gerardo Herrero, director y productor de la pel\u00edcula inaugural del festival \u00abBajo Terapia\u00bb. Desde que fund\u00f3 Tornasol Films en 1987, ha producido m\u00e1s de 175 largometrajes, varios documentales y series de televisi\u00f3n. Tambi\u00e9n ha dirigido 17 pel\u00edculas, entre ellas: \u00abBajo Terapia\u00bb (Biznaga de Plata&hellip;<\/p>\n","protected":false},"author":2,"featured_media":7045,"comment_status":"closed","ping_status":"closed","sticky":false,"template":"","format":"standard","meta":{"powered_cache_disable_cache":false,"footnotes":""},"categories":[31,153],"tags":[],"class_list":["post-7121","post","type-post","status-publish","format-standard","has-post-thumbnail","hentry","category-noticias","category-noticias-2024"],"yoast_head":"<!-- This site is optimized with the Yoast SEO plugin v27.5 - https:\/\/yoast.com\/product\/yoast-seo-wordpress\/ -->\n<title>FeCHA 2024: Los Invitados - FeCHA - Festival de Cine Hispan\u00f3fono de Atenas \/ Hispanic Film Festival of Athens<\/title>\n<meta name=\"robots\" content=\"index, follow, max-snippet:-1, max-image-preview:large, max-video-preview:-1\" \/>\n<link rel=\"canonical\" href=\"https:\/\/fecha.gr\/es\/7121\/fecha-2024-los-invitados\/\" \/>\n<meta property=\"og:locale\" content=\"es_ES\" \/>\n<meta property=\"og:type\" content=\"article\" \/>\n<meta property=\"og:title\" content=\"FeCHA 2024: Los Invitados - FeCHA - Festival de Cine Hispan\u00f3fono de Atenas \/ Hispanic Film Festival of Athens\" \/>\n<meta property=\"og:description\" content=\"El 8\u00ba Festival FeCHA acoger\u00e1 a 6 cineastas hispanohablantes que presentar\u00e1n sus pel\u00edculas en el Festival. Gerardo Herrero, director y productor de la pel\u00edcula inaugural del festival \u00abBajo Terapia\u00bb. Desde que fund\u00f3 Tornasol Films en 1987, ha producido m\u00e1s de 175 largometrajes, varios documentales y series de televisi\u00f3n. Tambi\u00e9n ha dirigido 17 pel\u00edculas, entre ellas: \u00abBajo Terapia\u00bb (Biznaga de Plata&hellip;\" \/>\n<meta property=\"og:url\" content=\"https:\/\/fecha.gr\/es\/7121\/fecha-2024-los-invitados\/\" \/>\n<meta property=\"og:site_name\" content=\"FeCHA - Festival de Cine Hispan\u00f3fono de Atenas \/ Hispanic Film Festival of Athens\" \/>\n<meta property=\"article:published_time\" content=\"2024-05-13T10:57:15+00:00\" \/>\n<meta property=\"article:modified_time\" content=\"2024-05-13T10:57:16+00:00\" \/>\n<meta property=\"og:image\" content=\"https:\/\/fecha.gr\/wp-content\/uploads\/2024\/05\/GUESTS-Collage-scaled.jpg\" \/>\n\t<meta property=\"og:image:width\" content=\"2560\" \/>\n\t<meta property=\"og:image:height\" content=\"1280\" \/>\n\t<meta property=\"og:image:type\" content=\"image\/jpeg\" \/>\n<meta name=\"author\" content=\"fes\" \/>\n<meta name=\"twitter:card\" content=\"summary_large_image\" \/>\n<script type=\"application\/ld+json\" class=\"yoast-schema-graph\">{\"@context\":\"https:\\\/\\\/schema.org\",\"@graph\":[{\"@type\":\"Article\",\"@id\":\"https:\\\/\\\/fecha.gr\\\/es\\\/7121\\\/fecha-2024-los-invitados\\\/#article\",\"isPartOf\":{\"@id\":\"https:\\\/\\\/fecha.gr\\\/es\\\/7121\\\/fecha-2024-los-invitados\\\/\"},\"author\":{\"name\":\"fes\",\"@id\":\"https:\\\/\\\/fecha.gr\\\/#\\\/schema\\\/person\\\/7aeeb4cb445b980097bd9e97d4cc2e8d\"},\"headline\":\"FeCHA 2024: Los Invitados\",\"datePublished\":\"2024-05-13T10:57:15+00:00\",\"dateModified\":\"2024-05-13T10:57:16+00:00\",\"mainEntityOfPage\":{\"@id\":\"https:\\\/\\\/fecha.gr\\\/es\\\/7121\\\/fecha-2024-los-invitados\\\/\"},\"wordCount\":1015,\"publisher\":{\"@id\":\"https:\\\/\\\/fecha.gr\\\/#organization\"},\"image\":{\"@id\":\"https:\\\/\\\/fecha.gr\\\/es\\\/7121\\\/fecha-2024-los-invitados\\\/#primaryimage\"},\"thumbnailUrl\":\"https:\\\/\\\/fecha.gr\\\/wp-content\\\/uploads\\\/2024\\\/05\\\/GUESTS-Collage-scaled.jpg\",\"articleSection\":[\"Noticias\",\"Noticias 2024\"],\"inLanguage\":\"es\"},{\"@type\":\"WebPage\",\"@id\":\"https:\\\/\\\/fecha.gr\\\/es\\\/7121\\\/fecha-2024-los-invitados\\\/\",\"url\":\"https:\\\/\\\/fecha.gr\\\/es\\\/7121\\\/fecha-2024-los-invitados\\\/\",\"name\":\"FeCHA 2024: Los Invitados - FeCHA - Festival de Cine Hispan\u00f3fono de Atenas \\\/ Hispanic Film Festival of Athens\",\"isPartOf\":{\"@id\":\"https:\\\/\\\/fecha.gr\\\/#website\"},\"primaryImageOfPage\":{\"@id\":\"https:\\\/\\\/fecha.gr\\\/es\\\/7121\\\/fecha-2024-los-invitados\\\/#primaryimage\"},\"image\":{\"@id\":\"https:\\\/\\\/fecha.gr\\\/es\\\/7121\\\/fecha-2024-los-invitados\\\/#primaryimage\"},\"thumbnailUrl\":\"https:\\\/\\\/fecha.gr\\\/wp-content\\\/uploads\\\/2024\\\/05\\\/GUESTS-Collage-scaled.jpg\",\"datePublished\":\"2024-05-13T10:57:15+00:00\",\"dateModified\":\"2024-05-13T10:57:16+00:00\",\"breadcrumb\":{\"@id\":\"https:\\\/\\\/fecha.gr\\\/es\\\/7121\\\/fecha-2024-los-invitados\\\/#breadcrumb\"},\"inLanguage\":\"es\",\"potentialAction\":[{\"@type\":\"ReadAction\",\"target\":[\"https:\\\/\\\/fecha.gr\\\/es\\\/7121\\\/fecha-2024-los-invitados\\\/\"]}]},{\"@type\":\"ImageObject\",\"inLanguage\":\"es\",\"@id\":\"https:\\\/\\\/fecha.gr\\\/es\\\/7121\\\/fecha-2024-los-invitados\\\/#primaryimage\",\"url\":\"https:\\\/\\\/fecha.gr\\\/wp-content\\\/uploads\\\/2024\\\/05\\\/GUESTS-Collage-scaled.jpg\",\"contentUrl\":\"https:\\\/\\\/fecha.gr\\\/wp-content\\\/uploads\\\/2024\\\/05\\\/GUESTS-Collage-scaled.jpg\",\"width\":2560,\"height\":1280},{\"@type\":\"BreadcrumbList\",\"@id\":\"https:\\\/\\\/fecha.gr\\\/es\\\/7121\\\/fecha-2024-los-invitados\\\/#breadcrumb\",\"itemListElement\":[{\"@type\":\"ListItem\",\"position\":1,\"name\":\"Home\",\"item\":\"https:\\\/\\\/fecha.gr\\\/es\\\/coming-soon\\\/\"},{\"@type\":\"ListItem\",\"position\":2,\"name\":\"FeCHA 2024: Los Invitados\"}]},{\"@type\":\"WebSite\",\"@id\":\"https:\\\/\\\/fecha.gr\\\/#website\",\"url\":\"https:\\\/\\\/fecha.gr\\\/\",\"name\":\"FeCHA - Festival de Cine Hispan\u00f3fono de Atenas \\\/ Hispanic Film Festival of Athens\",\"description\":\"\",\"publisher\":{\"@id\":\"https:\\\/\\\/fecha.gr\\\/#organization\"},\"potentialAction\":[{\"@type\":\"SearchAction\",\"target\":{\"@type\":\"EntryPoint\",\"urlTemplate\":\"https:\\\/\\\/fecha.gr\\\/?s={search_term_string}\"},\"query-input\":{\"@type\":\"PropertyValueSpecification\",\"valueRequired\":true,\"valueName\":\"search_term_string\"}}],\"inLanguage\":\"es\"},{\"@type\":\"Organization\",\"@id\":\"https:\\\/\\\/fecha.gr\\\/#organization\",\"name\":\"FeCHA - Festival de Cine Hispan\u00f3fono de Atenas\",\"url\":\"https:\\\/\\\/fecha.gr\\\/\",\"logo\":{\"@type\":\"ImageObject\",\"inLanguage\":\"es\",\"@id\":\"https:\\\/\\\/fecha.gr\\\/#\\\/schema\\\/logo\\\/image\\\/\",\"url\":\"https:\\\/\\\/fecha.gr\\\/wp-content\\\/uploads\\\/2016\\\/05\\\/favicon-fecha.png\",\"contentUrl\":\"https:\\\/\\\/fecha.gr\\\/wp-content\\\/uploads\\\/2016\\\/05\\\/favicon-fecha.png\",\"width\":1000,\"height\":1000,\"caption\":\"FeCHA - Festival de Cine Hispan\u00f3fono de Atenas\"},\"image\":{\"@id\":\"https:\\\/\\\/fecha.gr\\\/#\\\/schema\\\/logo\\\/image\\\/\"}},{\"@type\":\"Person\",\"@id\":\"https:\\\/\\\/fecha.gr\\\/#\\\/schema\\\/person\\\/7aeeb4cb445b980097bd9e97d4cc2e8d\",\"name\":\"fes\",\"url\":\"https:\\\/\\\/fecha.gr\\\/es\\\/author\\\/fes\\\/\"}]}<\/script>\n<!-- \/ Yoast SEO plugin. -->","yoast_head_json":{"title":"FeCHA 2024: Los Invitados - FeCHA - Festival de Cine Hispan\u00f3fono de Atenas \/ Hispanic Film Festival of Athens","robots":{"index":"index","follow":"follow","max-snippet":"max-snippet:-1","max-image-preview":"max-image-preview:large","max-video-preview":"max-video-preview:-1"},"canonical":"https:\/\/fecha.gr\/es\/7121\/fecha-2024-los-invitados\/","og_locale":"es_ES","og_type":"article","og_title":"FeCHA 2024: Los Invitados - FeCHA - Festival de Cine Hispan\u00f3fono de Atenas \/ Hispanic Film Festival of Athens","og_description":"El 8\u00ba Festival FeCHA acoger\u00e1 a 6 cineastas hispanohablantes que presentar\u00e1n sus pel\u00edculas en el Festival. Gerardo Herrero, director y productor de la pel\u00edcula inaugural del festival \u00abBajo Terapia\u00bb. Desde que fund\u00f3 Tornasol Films en 1987, ha producido m\u00e1s de 175 largometrajes, varios documentales y series de televisi\u00f3n. Tambi\u00e9n ha dirigido 17 pel\u00edculas, entre ellas: \u00abBajo Terapia\u00bb (Biznaga de Plata&hellip;","og_url":"https:\/\/fecha.gr\/es\/7121\/fecha-2024-los-invitados\/","og_site_name":"FeCHA - Festival de Cine Hispan\u00f3fono de Atenas \/ Hispanic Film Festival of Athens","article_published_time":"2024-05-13T10:57:15+00:00","article_modified_time":"2024-05-13T10:57:16+00:00","og_image":[{"width":2560,"height":1280,"url":"https:\/\/fecha.gr\/wp-content\/uploads\/2024\/05\/GUESTS-Collage-scaled.jpg","type":"image\/jpeg"}],"author":"fes","twitter_card":"summary_large_image","schema":{"@context":"https:\/\/schema.org","@graph":[{"@type":"Article","@id":"https:\/\/fecha.gr\/es\/7121\/fecha-2024-los-invitados\/#article","isPartOf":{"@id":"https:\/\/fecha.gr\/es\/7121\/fecha-2024-los-invitados\/"},"author":{"name":"fes","@id":"https:\/\/fecha.gr\/#\/schema\/person\/7aeeb4cb445b980097bd9e97d4cc2e8d"},"headline":"FeCHA 2024: Los Invitados","datePublished":"2024-05-13T10:57:15+00:00","dateModified":"2024-05-13T10:57:16+00:00","mainEntityOfPage":{"@id":"https:\/\/fecha.gr\/es\/7121\/fecha-2024-los-invitados\/"},"wordCount":1015,"publisher":{"@id":"https:\/\/fecha.gr\/#organization"},"image":{"@id":"https:\/\/fecha.gr\/es\/7121\/fecha-2024-los-invitados\/#primaryimage"},"thumbnailUrl":"https:\/\/fecha.gr\/wp-content\/uploads\/2024\/05\/GUESTS-Collage-scaled.jpg","articleSection":["Noticias","Noticias 2024"],"inLanguage":"es"},{"@type":"WebPage","@id":"https:\/\/fecha.gr\/es\/7121\/fecha-2024-los-invitados\/","url":"https:\/\/fecha.gr\/es\/7121\/fecha-2024-los-invitados\/","name":"FeCHA 2024: Los Invitados - FeCHA - Festival de Cine Hispan\u00f3fono de Atenas \/ Hispanic Film Festival of Athens","isPartOf":{"@id":"https:\/\/fecha.gr\/#website"},"primaryImageOfPage":{"@id":"https:\/\/fecha.gr\/es\/7121\/fecha-2024-los-invitados\/#primaryimage"},"image":{"@id":"https:\/\/fecha.gr\/es\/7121\/fecha-2024-los-invitados\/#primaryimage"},"thumbnailUrl":"https:\/\/fecha.gr\/wp-content\/uploads\/2024\/05\/GUESTS-Collage-scaled.jpg","datePublished":"2024-05-13T10:57:15+00:00","dateModified":"2024-05-13T10:57:16+00:00","breadcrumb":{"@id":"https:\/\/fecha.gr\/es\/7121\/fecha-2024-los-invitados\/#breadcrumb"},"inLanguage":"es","potentialAction":[{"@type":"ReadAction","target":["https:\/\/fecha.gr\/es\/7121\/fecha-2024-los-invitados\/"]}]},{"@type":"ImageObject","inLanguage":"es","@id":"https:\/\/fecha.gr\/es\/7121\/fecha-2024-los-invitados\/#primaryimage","url":"https:\/\/fecha.gr\/wp-content\/uploads\/2024\/05\/GUESTS-Collage-scaled.jpg","contentUrl":"https:\/\/fecha.gr\/wp-content\/uploads\/2024\/05\/GUESTS-Collage-scaled.jpg","width":2560,"height":1280},{"@type":"BreadcrumbList","@id":"https:\/\/fecha.gr\/es\/7121\/fecha-2024-los-invitados\/#breadcrumb","itemListElement":[{"@type":"ListItem","position":1,"name":"Home","item":"https:\/\/fecha.gr\/es\/coming-soon\/"},{"@type":"ListItem","position":2,"name":"FeCHA 2024: Los Invitados"}]},{"@type":"WebSite","@id":"https:\/\/fecha.gr\/#website","url":"https:\/\/fecha.gr\/","name":"FeCHA - Festival de Cine Hispan\u00f3fono de Atenas \/ Hispanic Film Festival of Athens","description":"","publisher":{"@id":"https:\/\/fecha.gr\/#organization"},"potentialAction":[{"@type":"SearchAction","target":{"@type":"EntryPoint","urlTemplate":"https:\/\/fecha.gr\/?s={search_term_string}"},"query-input":{"@type":"PropertyValueSpecification","valueRequired":true,"valueName":"search_term_string"}}],"inLanguage":"es"},{"@type":"Organization","@id":"https:\/\/fecha.gr\/#organization","name":"FeCHA - Festival de Cine Hispan\u00f3fono de Atenas","url":"https:\/\/fecha.gr\/","logo":{"@type":"ImageObject","inLanguage":"es","@id":"https:\/\/fecha.gr\/#\/schema\/logo\/image\/","url":"https:\/\/fecha.gr\/wp-content\/uploads\/2016\/05\/favicon-fecha.png","contentUrl":"https:\/\/fecha.gr\/wp-content\/uploads\/2016\/05\/favicon-fecha.png","width":1000,"height":1000,"caption":"FeCHA - Festival de Cine Hispan\u00f3fono de Atenas"},"image":{"@id":"https:\/\/fecha.gr\/#\/schema\/logo\/image\/"}},{"@type":"Person","@id":"https:\/\/fecha.gr\/#\/schema\/person\/7aeeb4cb445b980097bd9e97d4cc2e8d","name":"fes","url":"https:\/\/fecha.gr\/es\/author\/fes\/"}]}},"_links":{"self":[{"href":"https:\/\/fecha.gr\/es\/wp-json\/wp\/v2\/posts\/7121","targetHints":{"allow":["GET"]}}],"collection":[{"href":"https:\/\/fecha.gr\/es\/wp-json\/wp\/v2\/posts"}],"about":[{"href":"https:\/\/fecha.gr\/es\/wp-json\/wp\/v2\/types\/post"}],"author":[{"embeddable":true,"href":"https:\/\/fecha.gr\/es\/wp-json\/wp\/v2\/users\/2"}],"replies":[{"embeddable":true,"href":"https:\/\/fecha.gr\/es\/wp-json\/wp\/v2\/comments?post=7121"}],"version-history":[{"count":0,"href":"https:\/\/fecha.gr\/es\/wp-json\/wp\/v2\/posts\/7121\/revisions"}],"wp:featuredmedia":[{"embeddable":true,"href":"https:\/\/fecha.gr\/es\/wp-json\/wp\/v2\/media\/7045"}],"wp:attachment":[{"href":"https:\/\/fecha.gr\/es\/wp-json\/wp\/v2\/media?parent=7121"}],"wp:term":[{"taxonomy":"category","embeddable":true,"href":"https:\/\/fecha.gr\/es\/wp-json\/wp\/v2\/categories?post=7121"},{"taxonomy":"post_tag","embeddable":true,"href":"https:\/\/fecha.gr\/es\/wp-json\/wp\/v2\/tags?post=7121"}],"curies":[{"name":"wp","href":"https:\/\/api.w.org\/{rel}","templated":true}]}}