
{"id":6515,"date":"2024-04-20T16:59:14","date_gmt":"2024-04-20T13:59:14","guid":{"rendered":"https:\/\/fecha.gr\/6515\/los-iniciados\/"},"modified":"2024-04-20T16:59:25","modified_gmt":"2024-04-20T13:59:25","slug":"los-iniciados","status":"publish","type":"post","link":"https:\/\/fecha.gr\/es\/6515\/los-iniciados\/","title":{"rendered":"LOS INICIADOS"},"content":{"rendered":"\n<p>Inspirado en el universo literario del aclamado autor colombiano Mario Mendoza. En un futuro pr\u00f3ximo plagado de escasez de agua, la investigaci\u00f3n del reportero Frank Molina sobre un asesinato, destapar\u00e1 una conspiraci\u00f3n inesperada que afectar\u00e1 a toda una ciudad.<\/p>\n\n<p><strong>LOS INICIADOS<\/strong><br\/>Juan Felipe Orozco, Colombia, 2023, 110\u2019<\/p>\n\n<figure class=\"wp-block-embed is-type-video is-provider-vimeo wp-block-embed-vimeo\"><div class=\"wp-block-embed__wrapper\">\n<div class=\"x-resp-embed x-is-video x-is-vimeo\"><iframe loading=\"lazy\" title=\"\u039f\u0399 \u039c\u03a5\u0397\u039c\u0395\u039d\u039f\u0399 \/ LOS INICIADOS - Trailer | \u03a6\u0395\u03a3\u03a4\u0399\u0392\u0391\u039b FeCHA\" src=\"https:\/\/player.vimeo.com\/video\/936936443?dnt=1&amp;app_id=122963\" width=\"500\" height=\"281\" frameborder=\"0\" allow=\"autoplay; fullscreen; picture-in-picture; clipboard-write\"><\/iframe><\/div>\n<\/div><\/figure>\n","protected":false},"excerpt":{"rendered":"<p>Inspirado en el universo literario del aclamado autor colombiano Mario Mendoza. En un futuro pr\u00f3ximo plagado de escasez de agua, la investigaci\u00f3n del reportero Frank Molina sobre un asesinato, destapar\u00e1 una conspiraci\u00f3n inesperada que afectar\u00e1 a toda una ciudad. LOS INICIADOSJuan Felipe Orozco, Colombia, 2023, 110\u2019<\/p>\n","protected":false},"author":2,"featured_media":6410,"comment_status":"closed","ping_status":"closed","sticky":false,"template":"","format":"standard","meta":{"powered_cache_disable_cache":false,"footnotes":""},"categories":[20,150],"tags":[],"class_list":["post-6515","post","type-post","status-publish","format-standard","has-post-thumbnail","hentry","category-pelicula","category-peliculas-2024"],"yoast_head":"<!-- This site is optimized with the Yoast SEO plugin v27.5 - https:\/\/yoast.com\/product\/yoast-seo-wordpress\/ -->\n<title>LOS INICIADOS - FeCHA - Festival de Cine Hispan\u00f3fono de Atenas \/ Hispanic Film Festival of Athens<\/title>\n<meta name=\"robots\" content=\"index, follow, max-snippet:-1, max-image-preview:large, max-video-preview:-1\" \/>\n<link rel=\"canonical\" href=\"https:\/\/fecha.gr\/es\/6515\/los-iniciados\/\" \/>\n<meta property=\"og:locale\" content=\"es_ES\" \/>\n<meta property=\"og:type\" content=\"article\" \/>\n<meta property=\"og:title\" content=\"LOS INICIADOS - FeCHA - Festival de Cine Hispan\u00f3fono de Atenas \/ Hispanic Film Festival of Athens\" \/>\n<meta property=\"og:description\" content=\"Inspirado en el universo literario del aclamado autor colombiano Mario Mendoza. En un futuro pr\u00f3ximo plagado de escasez de agua, la investigaci\u00f3n del reportero Frank Molina sobre un asesinato, destapar\u00e1 una conspiraci\u00f3n inesperada que afectar\u00e1 a toda una ciudad. LOS INICIADOSJuan Felipe Orozco, Colombia, 2023, 110\u2019\" \/>\n<meta property=\"og:url\" content=\"https:\/\/fecha.gr\/es\/6515\/los-iniciados\/\" \/>\n<meta property=\"og:site_name\" content=\"FeCHA - Festival de Cine Hispan\u00f3fono de Atenas \/ Hispanic Film Festival of Athens\" \/>\n<meta property=\"article:published_time\" content=\"2024-04-20T13:59:14+00:00\" \/>\n<meta property=\"article:modified_time\" content=\"2024-04-20T13:59:25+00:00\" \/>\n<meta property=\"og:image\" content=\"https:\/\/fecha.gr\/wp-content\/uploads\/2024\/04\/los-iniciados-1.jpg\" \/>\n\t<meta property=\"og:image:width\" content=\"1600\" \/>\n\t<meta property=\"og:image:height\" content=\"1060\" \/>\n\t<meta property=\"og:image:type\" content=\"image\/jpeg\" \/>\n<meta name=\"author\" content=\"fes\" \/>\n<meta name=\"twitter:card\" content=\"summary_large_image\" \/>\n<script type=\"application\/ld+json\" class=\"yoast-schema-graph\">{\"@context\":\"https:\\\/\\\/schema.org\",\"@graph\":[{\"@type\":\"Article\",\"@id\":\"https:\\\/\\\/fecha.gr\\\/es\\\/6515\\\/los-iniciados\\\/#article\",\"isPartOf\":{\"@id\":\"https:\\\/\\\/fecha.gr\\\/es\\\/6515\\\/los-iniciados\\\/\"},\"author\":{\"name\":\"fes\",\"@id\":\"https:\\\/\\\/fecha.gr\\\/#\\\/schema\\\/person\\\/7aeeb4cb445b980097bd9e97d4cc2e8d\"},\"headline\":\"LOS INICIADOS\",\"datePublished\":\"2024-04-20T13:59:14+00:00\",\"dateModified\":\"2024-04-20T13:59:25+00:00\",\"mainEntityOfPage\":{\"@id\":\"https:\\\/\\\/fecha.gr\\\/es\\\/6515\\\/los-iniciados\\\/\"},\"wordCount\":64,\"publisher\":{\"@id\":\"https:\\\/\\\/fecha.gr\\\/#organization\"},\"image\":{\"@id\":\"https:\\\/\\\/fecha.gr\\\/es\\\/6515\\\/los-iniciados\\\/#primaryimage\"},\"thumbnailUrl\":\"https:\\\/\\\/fecha.gr\\\/wp-content\\\/uploads\\\/2024\\\/04\\\/los-iniciados-1.jpg\",\"articleSection\":[\"Pel\u00edcula\",\"Pel\u00edculas 2024\"],\"inLanguage\":\"es\"},{\"@type\":\"WebPage\",\"@id\":\"https:\\\/\\\/fecha.gr\\\/es\\\/6515\\\/los-iniciados\\\/\",\"url\":\"https:\\\/\\\/fecha.gr\\\/es\\\/6515\\\/los-iniciados\\\/\",\"name\":\"LOS INICIADOS - FeCHA - Festival de Cine Hispan\u00f3fono de Atenas \\\/ Hispanic Film Festival of Athens\",\"isPartOf\":{\"@id\":\"https:\\\/\\\/fecha.gr\\\/#website\"},\"primaryImageOfPage\":{\"@id\":\"https:\\\/\\\/fecha.gr\\\/es\\\/6515\\\/los-iniciados\\\/#primaryimage\"},\"image\":{\"@id\":\"https:\\\/\\\/fecha.gr\\\/es\\\/6515\\\/los-iniciados\\\/#primaryimage\"},\"thumbnailUrl\":\"https:\\\/\\\/fecha.gr\\\/wp-content\\\/uploads\\\/2024\\\/04\\\/los-iniciados-1.jpg\",\"datePublished\":\"2024-04-20T13:59:14+00:00\",\"dateModified\":\"2024-04-20T13:59:25+00:00\",\"breadcrumb\":{\"@id\":\"https:\\\/\\\/fecha.gr\\\/es\\\/6515\\\/los-iniciados\\\/#breadcrumb\"},\"inLanguage\":\"es\",\"potentialAction\":[{\"@type\":\"ReadAction\",\"target\":[\"https:\\\/\\\/fecha.gr\\\/es\\\/6515\\\/los-iniciados\\\/\"]}]},{\"@type\":\"ImageObject\",\"inLanguage\":\"es\",\"@id\":\"https:\\\/\\\/fecha.gr\\\/es\\\/6515\\\/los-iniciados\\\/#primaryimage\",\"url\":\"https:\\\/\\\/fecha.gr\\\/wp-content\\\/uploads\\\/2024\\\/04\\\/los-iniciados-1.jpg\",\"contentUrl\":\"https:\\\/\\\/fecha.gr\\\/wp-content\\\/uploads\\\/2024\\\/04\\\/los-iniciados-1.jpg\",\"width\":1600,\"height\":1060},{\"@type\":\"BreadcrumbList\",\"@id\":\"https:\\\/\\\/fecha.gr\\\/es\\\/6515\\\/los-iniciados\\\/#breadcrumb\",\"itemListElement\":[{\"@type\":\"ListItem\",\"position\":1,\"name\":\"Home\",\"item\":\"https:\\\/\\\/fecha.gr\\\/es\\\/coming-soon\\\/\"},{\"@type\":\"ListItem\",\"position\":2,\"name\":\"LOS INICIADOS\"}]},{\"@type\":\"WebSite\",\"@id\":\"https:\\\/\\\/fecha.gr\\\/#website\",\"url\":\"https:\\\/\\\/fecha.gr\\\/\",\"name\":\"FeCHA - Festival de Cine Hispan\u00f3fono de Atenas \\\/ Hispanic Film Festival of Athens\",\"description\":\"\",\"publisher\":{\"@id\":\"https:\\\/\\\/fecha.gr\\\/#organization\"},\"potentialAction\":[{\"@type\":\"SearchAction\",\"target\":{\"@type\":\"EntryPoint\",\"urlTemplate\":\"https:\\\/\\\/fecha.gr\\\/?s={search_term_string}\"},\"query-input\":{\"@type\":\"PropertyValueSpecification\",\"valueRequired\":true,\"valueName\":\"search_term_string\"}}],\"inLanguage\":\"es\"},{\"@type\":\"Organization\",\"@id\":\"https:\\\/\\\/fecha.gr\\\/#organization\",\"name\":\"FeCHA - Festival de Cine Hispan\u00f3fono de Atenas\",\"url\":\"https:\\\/\\\/fecha.gr\\\/\",\"logo\":{\"@type\":\"ImageObject\",\"inLanguage\":\"es\",\"@id\":\"https:\\\/\\\/fecha.gr\\\/#\\\/schema\\\/logo\\\/image\\\/\",\"url\":\"https:\\\/\\\/fecha.gr\\\/wp-content\\\/uploads\\\/2016\\\/05\\\/favicon-fecha.png\",\"contentUrl\":\"https:\\\/\\\/fecha.gr\\\/wp-content\\\/uploads\\\/2016\\\/05\\\/favicon-fecha.png\",\"width\":1000,\"height\":1000,\"caption\":\"FeCHA - Festival de Cine Hispan\u00f3fono de Atenas\"},\"image\":{\"@id\":\"https:\\\/\\\/fecha.gr\\\/#\\\/schema\\\/logo\\\/image\\\/\"}},{\"@type\":\"Person\",\"@id\":\"https:\\\/\\\/fecha.gr\\\/#\\\/schema\\\/person\\\/7aeeb4cb445b980097bd9e97d4cc2e8d\",\"name\":\"fes\",\"url\":\"https:\\\/\\\/fecha.gr\\\/es\\\/author\\\/fes\\\/\"}]}<\/script>\n<!-- \/ Yoast SEO plugin. -->","yoast_head_json":{"title":"LOS INICIADOS - FeCHA - Festival de Cine Hispan\u00f3fono de Atenas \/ Hispanic Film Festival of Athens","robots":{"index":"index","follow":"follow","max-snippet":"max-snippet:-1","max-image-preview":"max-image-preview:large","max-video-preview":"max-video-preview:-1"},"canonical":"https:\/\/fecha.gr\/es\/6515\/los-iniciados\/","og_locale":"es_ES","og_type":"article","og_title":"LOS INICIADOS - FeCHA - Festival de Cine Hispan\u00f3fono de Atenas \/ Hispanic Film Festival of Athens","og_description":"Inspirado en el universo literario del aclamado autor colombiano Mario Mendoza. En un futuro pr\u00f3ximo plagado de escasez de agua, la investigaci\u00f3n del reportero Frank Molina sobre un asesinato, destapar\u00e1 una conspiraci\u00f3n inesperada que afectar\u00e1 a toda una ciudad. LOS INICIADOSJuan Felipe Orozco, Colombia, 2023, 110\u2019","og_url":"https:\/\/fecha.gr\/es\/6515\/los-iniciados\/","og_site_name":"FeCHA - Festival de Cine Hispan\u00f3fono de Atenas \/ Hispanic Film Festival of Athens","article_published_time":"2024-04-20T13:59:14+00:00","article_modified_time":"2024-04-20T13:59:25+00:00","og_image":[{"width":1600,"height":1060,"url":"https:\/\/fecha.gr\/wp-content\/uploads\/2024\/04\/los-iniciados-1.jpg","type":"image\/jpeg"}],"author":"fes","twitter_card":"summary_large_image","schema":{"@context":"https:\/\/schema.org","@graph":[{"@type":"Article","@id":"https:\/\/fecha.gr\/es\/6515\/los-iniciados\/#article","isPartOf":{"@id":"https:\/\/fecha.gr\/es\/6515\/los-iniciados\/"},"author":{"name":"fes","@id":"https:\/\/fecha.gr\/#\/schema\/person\/7aeeb4cb445b980097bd9e97d4cc2e8d"},"headline":"LOS INICIADOS","datePublished":"2024-04-20T13:59:14+00:00","dateModified":"2024-04-20T13:59:25+00:00","mainEntityOfPage":{"@id":"https:\/\/fecha.gr\/es\/6515\/los-iniciados\/"},"wordCount":64,"publisher":{"@id":"https:\/\/fecha.gr\/#organization"},"image":{"@id":"https:\/\/fecha.gr\/es\/6515\/los-iniciados\/#primaryimage"},"thumbnailUrl":"https:\/\/fecha.gr\/wp-content\/uploads\/2024\/04\/los-iniciados-1.jpg","articleSection":["Pel\u00edcula","Pel\u00edculas 2024"],"inLanguage":"es"},{"@type":"WebPage","@id":"https:\/\/fecha.gr\/es\/6515\/los-iniciados\/","url":"https:\/\/fecha.gr\/es\/6515\/los-iniciados\/","name":"LOS INICIADOS - FeCHA - Festival de Cine Hispan\u00f3fono de Atenas \/ Hispanic Film Festival of Athens","isPartOf":{"@id":"https:\/\/fecha.gr\/#website"},"primaryImageOfPage":{"@id":"https:\/\/fecha.gr\/es\/6515\/los-iniciados\/#primaryimage"},"image":{"@id":"https:\/\/fecha.gr\/es\/6515\/los-iniciados\/#primaryimage"},"thumbnailUrl":"https:\/\/fecha.gr\/wp-content\/uploads\/2024\/04\/los-iniciados-1.jpg","datePublished":"2024-04-20T13:59:14+00:00","dateModified":"2024-04-20T13:59:25+00:00","breadcrumb":{"@id":"https:\/\/fecha.gr\/es\/6515\/los-iniciados\/#breadcrumb"},"inLanguage":"es","potentialAction":[{"@type":"ReadAction","target":["https:\/\/fecha.gr\/es\/6515\/los-iniciados\/"]}]},{"@type":"ImageObject","inLanguage":"es","@id":"https:\/\/fecha.gr\/es\/6515\/los-iniciados\/#primaryimage","url":"https:\/\/fecha.gr\/wp-content\/uploads\/2024\/04\/los-iniciados-1.jpg","contentUrl":"https:\/\/fecha.gr\/wp-content\/uploads\/2024\/04\/los-iniciados-1.jpg","width":1600,"height":1060},{"@type":"BreadcrumbList","@id":"https:\/\/fecha.gr\/es\/6515\/los-iniciados\/#breadcrumb","itemListElement":[{"@type":"ListItem","position":1,"name":"Home","item":"https:\/\/fecha.gr\/es\/coming-soon\/"},{"@type":"ListItem","position":2,"name":"LOS INICIADOS"}]},{"@type":"WebSite","@id":"https:\/\/fecha.gr\/#website","url":"https:\/\/fecha.gr\/","name":"FeCHA - Festival de Cine Hispan\u00f3fono de Atenas \/ Hispanic Film Festival of Athens","description":"","publisher":{"@id":"https:\/\/fecha.gr\/#organization"},"potentialAction":[{"@type":"SearchAction","target":{"@type":"EntryPoint","urlTemplate":"https:\/\/fecha.gr\/?s={search_term_string}"},"query-input":{"@type":"PropertyValueSpecification","valueRequired":true,"valueName":"search_term_string"}}],"inLanguage":"es"},{"@type":"Organization","@id":"https:\/\/fecha.gr\/#organization","name":"FeCHA - Festival de Cine Hispan\u00f3fono de Atenas","url":"https:\/\/fecha.gr\/","logo":{"@type":"ImageObject","inLanguage":"es","@id":"https:\/\/fecha.gr\/#\/schema\/logo\/image\/","url":"https:\/\/fecha.gr\/wp-content\/uploads\/2016\/05\/favicon-fecha.png","contentUrl":"https:\/\/fecha.gr\/wp-content\/uploads\/2016\/05\/favicon-fecha.png","width":1000,"height":1000,"caption":"FeCHA - Festival de Cine Hispan\u00f3fono de Atenas"},"image":{"@id":"https:\/\/fecha.gr\/#\/schema\/logo\/image\/"}},{"@type":"Person","@id":"https:\/\/fecha.gr\/#\/schema\/person\/7aeeb4cb445b980097bd9e97d4cc2e8d","name":"fes","url":"https:\/\/fecha.gr\/es\/author\/fes\/"}]}},"_links":{"self":[{"href":"https:\/\/fecha.gr\/es\/wp-json\/wp\/v2\/posts\/6515","targetHints":{"allow":["GET"]}}],"collection":[{"href":"https:\/\/fecha.gr\/es\/wp-json\/wp\/v2\/posts"}],"about":[{"href":"https:\/\/fecha.gr\/es\/wp-json\/wp\/v2\/types\/post"}],"author":[{"embeddable":true,"href":"https:\/\/fecha.gr\/es\/wp-json\/wp\/v2\/users\/2"}],"replies":[{"embeddable":true,"href":"https:\/\/fecha.gr\/es\/wp-json\/wp\/v2\/comments?post=6515"}],"version-history":[{"count":0,"href":"https:\/\/fecha.gr\/es\/wp-json\/wp\/v2\/posts\/6515\/revisions"}],"wp:featuredmedia":[{"embeddable":true,"href":"https:\/\/fecha.gr\/es\/wp-json\/wp\/v2\/media\/6410"}],"wp:attachment":[{"href":"https:\/\/fecha.gr\/es\/wp-json\/wp\/v2\/media?parent=6515"}],"wp:term":[{"taxonomy":"category","embeddable":true,"href":"https:\/\/fecha.gr\/es\/wp-json\/wp\/v2\/categories?post=6515"},{"taxonomy":"post_tag","embeddable":true,"href":"https:\/\/fecha.gr\/es\/wp-json\/wp\/v2\/tags?post=6515"}],"curies":[{"name":"wp","href":"https:\/\/api.w.org\/{rel}","templated":true}]}}