
{"id":6481,"date":"2024-04-20T16:37:18","date_gmt":"2024-04-20T13:37:18","guid":{"rendered":"https:\/\/fecha.gr\/6481\/legitima-defensa\/"},"modified":"2024-04-20T16:37:29","modified_gmt":"2024-04-20T13:37:29","slug":"legitima-defensa","status":"publish","type":"post","link":"https:\/\/fecha.gr\/es\/6481\/legitima-defensa\/","title":{"rendered":"LEG\u00cdTIMA DEFENSA"},"content":{"rendered":"\n<p>Eduardo huy\u00f3 de la vida de pueblo para hundirse en el anonimato de la gran ciudad y dedicarse a su trabajo como fiscal. Separado de su mujer, con una relaci\u00f3n complicada con su hija adolescente, su presente no parece ser mucho mejor que ese pasado que eligi\u00f3 dejar atr\u00e1s. Y va a complicarse a\u00fan m\u00e1s cuando una serie de extra\u00f1os asesinatos lo obligue a volver al pueblo para colaborar con la investigaci\u00f3n que lleva adelante un viejo amigo, ahora convertido en el comisario a cargo de resolver el caso.<\/p>\n\n<p><strong>LEG\u00cdTIMA DEFENSA<\/strong><br\/>Andrea Braga, Argentina, 2022, 97\u2019<\/p>\n\n<figure class=\"wp-block-embed is-type-video is-provider-vimeo wp-block-embed-vimeo\"><div class=\"wp-block-embed__wrapper\">\n<div class=\"x-resp-embed x-is-video x-is-vimeo\"><iframe loading=\"lazy\" title=\"\u039d\u039f\u039c\u0399\u039c\u0397 \u0391\u03a5\u03a4\u039f\u0391\u039c\u03a5\u039d\u0391 \/ LEG\u00cdTIMA DEFENSA - Trailer | \u03a6\u0395\u03a3\u03a4\u0399\u0392\u0391\u039b FeCHA\" src=\"https:\/\/player.vimeo.com\/video\/936928893?dnt=1&amp;app_id=122963\" width=\"500\" height=\"281\" frameborder=\"0\" allow=\"autoplay; fullscreen; picture-in-picture; clipboard-write\"><\/iframe><\/div>\n<\/div><\/figure>\n","protected":false},"excerpt":{"rendered":"<p>Eduardo huy\u00f3 de la vida de pueblo para hundirse en el anonimato de la gran ciudad y dedicarse a su trabajo como fiscal. Separado de su mujer, con una relaci\u00f3n complicada con su hija adolescente, su presente no parece ser mucho mejor que ese pasado que eligi\u00f3 dejar atr\u00e1s. Y va a complicarse a\u00fan m\u00e1s cuando una serie de extra\u00f1os&hellip;<\/p>\n","protected":false},"author":2,"featured_media":6425,"comment_status":"closed","ping_status":"closed","sticky":false,"template":"","format":"standard","meta":{"powered_cache_disable_cache":false,"footnotes":""},"categories":[20,150],"tags":[],"class_list":["post-6481","post","type-post","status-publish","format-standard","has-post-thumbnail","hentry","category-pelicula","category-peliculas-2024"],"yoast_head":"<!-- This site is optimized with the Yoast SEO plugin v27.5 - https:\/\/yoast.com\/product\/yoast-seo-wordpress\/ -->\n<title>LEG\u00cdTIMA DEFENSA - FeCHA - Festival de Cine Hispan\u00f3fono de Atenas \/ Hispanic Film Festival of Athens<\/title>\n<meta name=\"robots\" content=\"index, follow, max-snippet:-1, max-image-preview:large, max-video-preview:-1\" \/>\n<link rel=\"canonical\" href=\"https:\/\/fecha.gr\/es\/6481\/legitima-defensa\/\" \/>\n<meta property=\"og:locale\" content=\"es_ES\" \/>\n<meta property=\"og:type\" content=\"article\" \/>\n<meta property=\"og:title\" content=\"LEG\u00cdTIMA DEFENSA - FeCHA - Festival de Cine Hispan\u00f3fono de Atenas \/ Hispanic Film Festival of Athens\" \/>\n<meta property=\"og:description\" content=\"Eduardo huy\u00f3 de la vida de pueblo para hundirse en el anonimato de la gran ciudad y dedicarse a su trabajo como fiscal. Separado de su mujer, con una relaci\u00f3n complicada con su hija adolescente, su presente no parece ser mucho mejor que ese pasado que eligi\u00f3 dejar atr\u00e1s. Y va a complicarse a\u00fan m\u00e1s cuando una serie de extra\u00f1os&hellip;\" \/>\n<meta property=\"og:url\" content=\"https:\/\/fecha.gr\/es\/6481\/legitima-defensa\/\" \/>\n<meta property=\"og:site_name\" content=\"FeCHA - Festival de Cine Hispan\u00f3fono de Atenas \/ Hispanic Film Festival of Athens\" \/>\n<meta property=\"article:published_time\" content=\"2024-04-20T13:37:18+00:00\" \/>\n<meta property=\"article:modified_time\" content=\"2024-04-20T13:37:29+00:00\" \/>\n<meta property=\"og:image\" content=\"https:\/\/fecha.gr\/wp-content\/uploads\/2024\/04\/legitima-defensa3-scaled.jpg\" \/>\n\t<meta property=\"og:image:width\" content=\"2560\" \/>\n\t<meta property=\"og:image:height\" content=\"1049\" \/>\n\t<meta property=\"og:image:type\" content=\"image\/jpeg\" \/>\n<meta name=\"author\" content=\"fes\" \/>\n<meta name=\"twitter:card\" content=\"summary_large_image\" \/>\n<script type=\"application\/ld+json\" class=\"yoast-schema-graph\">{\"@context\":\"https:\\\/\\\/schema.org\",\"@graph\":[{\"@type\":\"Article\",\"@id\":\"https:\\\/\\\/fecha.gr\\\/es\\\/6481\\\/legitima-defensa\\\/#article\",\"isPartOf\":{\"@id\":\"https:\\\/\\\/fecha.gr\\\/es\\\/6481\\\/legitima-defensa\\\/\"},\"author\":{\"name\":\"fes\",\"@id\":\"https:\\\/\\\/fecha.gr\\\/#\\\/schema\\\/person\\\/7aeeb4cb445b980097bd9e97d4cc2e8d\"},\"headline\":\"LEG\u00cdTIMA DEFENSA\",\"datePublished\":\"2024-04-20T13:37:18+00:00\",\"dateModified\":\"2024-04-20T13:37:29+00:00\",\"mainEntityOfPage\":{\"@id\":\"https:\\\/\\\/fecha.gr\\\/es\\\/6481\\\/legitima-defensa\\\/\"},\"wordCount\":118,\"publisher\":{\"@id\":\"https:\\\/\\\/fecha.gr\\\/#organization\"},\"image\":{\"@id\":\"https:\\\/\\\/fecha.gr\\\/es\\\/6481\\\/legitima-defensa\\\/#primaryimage\"},\"thumbnailUrl\":\"https:\\\/\\\/fecha.gr\\\/wp-content\\\/uploads\\\/2024\\\/04\\\/legitima-defensa3-scaled.jpg\",\"articleSection\":[\"Pel\u00edcula\",\"Pel\u00edculas 2024\"],\"inLanguage\":\"es\"},{\"@type\":\"WebPage\",\"@id\":\"https:\\\/\\\/fecha.gr\\\/es\\\/6481\\\/legitima-defensa\\\/\",\"url\":\"https:\\\/\\\/fecha.gr\\\/es\\\/6481\\\/legitima-defensa\\\/\",\"name\":\"LEG\u00cdTIMA DEFENSA - FeCHA - Festival de Cine Hispan\u00f3fono de Atenas \\\/ Hispanic Film Festival of Athens\",\"isPartOf\":{\"@id\":\"https:\\\/\\\/fecha.gr\\\/#website\"},\"primaryImageOfPage\":{\"@id\":\"https:\\\/\\\/fecha.gr\\\/es\\\/6481\\\/legitima-defensa\\\/#primaryimage\"},\"image\":{\"@id\":\"https:\\\/\\\/fecha.gr\\\/es\\\/6481\\\/legitima-defensa\\\/#primaryimage\"},\"thumbnailUrl\":\"https:\\\/\\\/fecha.gr\\\/wp-content\\\/uploads\\\/2024\\\/04\\\/legitima-defensa3-scaled.jpg\",\"datePublished\":\"2024-04-20T13:37:18+00:00\",\"dateModified\":\"2024-04-20T13:37:29+00:00\",\"breadcrumb\":{\"@id\":\"https:\\\/\\\/fecha.gr\\\/es\\\/6481\\\/legitima-defensa\\\/#breadcrumb\"},\"inLanguage\":\"es\",\"potentialAction\":[{\"@type\":\"ReadAction\",\"target\":[\"https:\\\/\\\/fecha.gr\\\/es\\\/6481\\\/legitima-defensa\\\/\"]}]},{\"@type\":\"ImageObject\",\"inLanguage\":\"es\",\"@id\":\"https:\\\/\\\/fecha.gr\\\/es\\\/6481\\\/legitima-defensa\\\/#primaryimage\",\"url\":\"https:\\\/\\\/fecha.gr\\\/wp-content\\\/uploads\\\/2024\\\/04\\\/legitima-defensa3-scaled.jpg\",\"contentUrl\":\"https:\\\/\\\/fecha.gr\\\/wp-content\\\/uploads\\\/2024\\\/04\\\/legitima-defensa3-scaled.jpg\",\"width\":2560,\"height\":1049},{\"@type\":\"BreadcrumbList\",\"@id\":\"https:\\\/\\\/fecha.gr\\\/es\\\/6481\\\/legitima-defensa\\\/#breadcrumb\",\"itemListElement\":[{\"@type\":\"ListItem\",\"position\":1,\"name\":\"Home\",\"item\":\"https:\\\/\\\/fecha.gr\\\/es\\\/coming-soon\\\/\"},{\"@type\":\"ListItem\",\"position\":2,\"name\":\"LEG\u00cdTIMA DEFENSA\"}]},{\"@type\":\"WebSite\",\"@id\":\"https:\\\/\\\/fecha.gr\\\/#website\",\"url\":\"https:\\\/\\\/fecha.gr\\\/\",\"name\":\"FeCHA - Festival de Cine Hispan\u00f3fono de Atenas \\\/ Hispanic Film Festival of Athens\",\"description\":\"\",\"publisher\":{\"@id\":\"https:\\\/\\\/fecha.gr\\\/#organization\"},\"potentialAction\":[{\"@type\":\"SearchAction\",\"target\":{\"@type\":\"EntryPoint\",\"urlTemplate\":\"https:\\\/\\\/fecha.gr\\\/?s={search_term_string}\"},\"query-input\":{\"@type\":\"PropertyValueSpecification\",\"valueRequired\":true,\"valueName\":\"search_term_string\"}}],\"inLanguage\":\"es\"},{\"@type\":\"Organization\",\"@id\":\"https:\\\/\\\/fecha.gr\\\/#organization\",\"name\":\"FeCHA - Festival de Cine Hispan\u00f3fono de Atenas\",\"url\":\"https:\\\/\\\/fecha.gr\\\/\",\"logo\":{\"@type\":\"ImageObject\",\"inLanguage\":\"es\",\"@id\":\"https:\\\/\\\/fecha.gr\\\/#\\\/schema\\\/logo\\\/image\\\/\",\"url\":\"https:\\\/\\\/fecha.gr\\\/wp-content\\\/uploads\\\/2016\\\/05\\\/favicon-fecha.png\",\"contentUrl\":\"https:\\\/\\\/fecha.gr\\\/wp-content\\\/uploads\\\/2016\\\/05\\\/favicon-fecha.png\",\"width\":1000,\"height\":1000,\"caption\":\"FeCHA - Festival de Cine Hispan\u00f3fono de Atenas\"},\"image\":{\"@id\":\"https:\\\/\\\/fecha.gr\\\/#\\\/schema\\\/logo\\\/image\\\/\"}},{\"@type\":\"Person\",\"@id\":\"https:\\\/\\\/fecha.gr\\\/#\\\/schema\\\/person\\\/7aeeb4cb445b980097bd9e97d4cc2e8d\",\"name\":\"fes\",\"url\":\"https:\\\/\\\/fecha.gr\\\/es\\\/author\\\/fes\\\/\"}]}<\/script>\n<!-- \/ Yoast SEO plugin. -->","yoast_head_json":{"title":"LEG\u00cdTIMA DEFENSA - FeCHA - Festival de Cine Hispan\u00f3fono de Atenas \/ Hispanic Film Festival of Athens","robots":{"index":"index","follow":"follow","max-snippet":"max-snippet:-1","max-image-preview":"max-image-preview:large","max-video-preview":"max-video-preview:-1"},"canonical":"https:\/\/fecha.gr\/es\/6481\/legitima-defensa\/","og_locale":"es_ES","og_type":"article","og_title":"LEG\u00cdTIMA DEFENSA - FeCHA - Festival de Cine Hispan\u00f3fono de Atenas \/ Hispanic Film Festival of Athens","og_description":"Eduardo huy\u00f3 de la vida de pueblo para hundirse en el anonimato de la gran ciudad y dedicarse a su trabajo como fiscal. Separado de su mujer, con una relaci\u00f3n complicada con su hija adolescente, su presente no parece ser mucho mejor que ese pasado que eligi\u00f3 dejar atr\u00e1s. Y va a complicarse a\u00fan m\u00e1s cuando una serie de extra\u00f1os&hellip;","og_url":"https:\/\/fecha.gr\/es\/6481\/legitima-defensa\/","og_site_name":"FeCHA - Festival de Cine Hispan\u00f3fono de Atenas \/ Hispanic Film Festival of Athens","article_published_time":"2024-04-20T13:37:18+00:00","article_modified_time":"2024-04-20T13:37:29+00:00","og_image":[{"width":2560,"height":1049,"url":"https:\/\/fecha.gr\/wp-content\/uploads\/2024\/04\/legitima-defensa3-scaled.jpg","type":"image\/jpeg"}],"author":"fes","twitter_card":"summary_large_image","schema":{"@context":"https:\/\/schema.org","@graph":[{"@type":"Article","@id":"https:\/\/fecha.gr\/es\/6481\/legitima-defensa\/#article","isPartOf":{"@id":"https:\/\/fecha.gr\/es\/6481\/legitima-defensa\/"},"author":{"name":"fes","@id":"https:\/\/fecha.gr\/#\/schema\/person\/7aeeb4cb445b980097bd9e97d4cc2e8d"},"headline":"LEG\u00cdTIMA DEFENSA","datePublished":"2024-04-20T13:37:18+00:00","dateModified":"2024-04-20T13:37:29+00:00","mainEntityOfPage":{"@id":"https:\/\/fecha.gr\/es\/6481\/legitima-defensa\/"},"wordCount":118,"publisher":{"@id":"https:\/\/fecha.gr\/#organization"},"image":{"@id":"https:\/\/fecha.gr\/es\/6481\/legitima-defensa\/#primaryimage"},"thumbnailUrl":"https:\/\/fecha.gr\/wp-content\/uploads\/2024\/04\/legitima-defensa3-scaled.jpg","articleSection":["Pel\u00edcula","Pel\u00edculas 2024"],"inLanguage":"es"},{"@type":"WebPage","@id":"https:\/\/fecha.gr\/es\/6481\/legitima-defensa\/","url":"https:\/\/fecha.gr\/es\/6481\/legitima-defensa\/","name":"LEG\u00cdTIMA DEFENSA - FeCHA - Festival de Cine Hispan\u00f3fono de Atenas \/ Hispanic Film Festival of Athens","isPartOf":{"@id":"https:\/\/fecha.gr\/#website"},"primaryImageOfPage":{"@id":"https:\/\/fecha.gr\/es\/6481\/legitima-defensa\/#primaryimage"},"image":{"@id":"https:\/\/fecha.gr\/es\/6481\/legitima-defensa\/#primaryimage"},"thumbnailUrl":"https:\/\/fecha.gr\/wp-content\/uploads\/2024\/04\/legitima-defensa3-scaled.jpg","datePublished":"2024-04-20T13:37:18+00:00","dateModified":"2024-04-20T13:37:29+00:00","breadcrumb":{"@id":"https:\/\/fecha.gr\/es\/6481\/legitima-defensa\/#breadcrumb"},"inLanguage":"es","potentialAction":[{"@type":"ReadAction","target":["https:\/\/fecha.gr\/es\/6481\/legitima-defensa\/"]}]},{"@type":"ImageObject","inLanguage":"es","@id":"https:\/\/fecha.gr\/es\/6481\/legitima-defensa\/#primaryimage","url":"https:\/\/fecha.gr\/wp-content\/uploads\/2024\/04\/legitima-defensa3-scaled.jpg","contentUrl":"https:\/\/fecha.gr\/wp-content\/uploads\/2024\/04\/legitima-defensa3-scaled.jpg","width":2560,"height":1049},{"@type":"BreadcrumbList","@id":"https:\/\/fecha.gr\/es\/6481\/legitima-defensa\/#breadcrumb","itemListElement":[{"@type":"ListItem","position":1,"name":"Home","item":"https:\/\/fecha.gr\/es\/coming-soon\/"},{"@type":"ListItem","position":2,"name":"LEG\u00cdTIMA DEFENSA"}]},{"@type":"WebSite","@id":"https:\/\/fecha.gr\/#website","url":"https:\/\/fecha.gr\/","name":"FeCHA - Festival de Cine Hispan\u00f3fono de Atenas \/ Hispanic Film Festival of Athens","description":"","publisher":{"@id":"https:\/\/fecha.gr\/#organization"},"potentialAction":[{"@type":"SearchAction","target":{"@type":"EntryPoint","urlTemplate":"https:\/\/fecha.gr\/?s={search_term_string}"},"query-input":{"@type":"PropertyValueSpecification","valueRequired":true,"valueName":"search_term_string"}}],"inLanguage":"es"},{"@type":"Organization","@id":"https:\/\/fecha.gr\/#organization","name":"FeCHA - Festival de Cine Hispan\u00f3fono de Atenas","url":"https:\/\/fecha.gr\/","logo":{"@type":"ImageObject","inLanguage":"es","@id":"https:\/\/fecha.gr\/#\/schema\/logo\/image\/","url":"https:\/\/fecha.gr\/wp-content\/uploads\/2016\/05\/favicon-fecha.png","contentUrl":"https:\/\/fecha.gr\/wp-content\/uploads\/2016\/05\/favicon-fecha.png","width":1000,"height":1000,"caption":"FeCHA - Festival de Cine Hispan\u00f3fono de Atenas"},"image":{"@id":"https:\/\/fecha.gr\/#\/schema\/logo\/image\/"}},{"@type":"Person","@id":"https:\/\/fecha.gr\/#\/schema\/person\/7aeeb4cb445b980097bd9e97d4cc2e8d","name":"fes","url":"https:\/\/fecha.gr\/es\/author\/fes\/"}]}},"_links":{"self":[{"href":"https:\/\/fecha.gr\/es\/wp-json\/wp\/v2\/posts\/6481","targetHints":{"allow":["GET"]}}],"collection":[{"href":"https:\/\/fecha.gr\/es\/wp-json\/wp\/v2\/posts"}],"about":[{"href":"https:\/\/fecha.gr\/es\/wp-json\/wp\/v2\/types\/post"}],"author":[{"embeddable":true,"href":"https:\/\/fecha.gr\/es\/wp-json\/wp\/v2\/users\/2"}],"replies":[{"embeddable":true,"href":"https:\/\/fecha.gr\/es\/wp-json\/wp\/v2\/comments?post=6481"}],"version-history":[{"count":0,"href":"https:\/\/fecha.gr\/es\/wp-json\/wp\/v2\/posts\/6481\/revisions"}],"wp:featuredmedia":[{"embeddable":true,"href":"https:\/\/fecha.gr\/es\/wp-json\/wp\/v2\/media\/6425"}],"wp:attachment":[{"href":"https:\/\/fecha.gr\/es\/wp-json\/wp\/v2\/media?parent=6481"}],"wp:term":[{"taxonomy":"category","embeddable":true,"href":"https:\/\/fecha.gr\/es\/wp-json\/wp\/v2\/categories?post=6481"},{"taxonomy":"post_tag","embeddable":true,"href":"https:\/\/fecha.gr\/es\/wp-json\/wp\/v2\/tags?post=6481"}],"curies":[{"name":"wp","href":"https:\/\/api.w.org\/{rel}","templated":true}]}}