
{"id":619,"date":"2016-04-24T22:06:38","date_gmt":"2016-04-24T19:06:38","guid":{"rendered":"http:\/\/fecha.gr\/es\/?p=619"},"modified":"2016-05-25T20:09:57","modified_gmt":"2016-05-25T17:09:57","slug":"desde-alla","status":"publish","type":"post","link":"https:\/\/fecha.gr\/es\/619\/desde-alla\/","title":{"rendered":"Desde All\u00e1"},"content":{"rendered":"<h1 style=\"text-align: center;\">Desde All\u00e1<\/h1>\n<h2 style=\"text-align: center;\">una pel\u00edcula de\u00a0Lorenzo Vigas<\/h2>\n<p>En medio de la convulsionada Caracas, Armando (50), due\u00f1o de un laboratorio de pr\u00f3tesis dentales, busca a hombres j\u00f3venes en paradas de autob\u00fas y les ofrece dinero para que lo acompa\u00f1en a su casa y observarles. Al mismo tiempo, Armando tiene la costumbre de espiar a un hombre de edad avanzada: sabe d\u00f3nde vive, qu\u00e9 lugares frecuenta; algo en el pasado de ambos los une. Un d\u00eda Armando se lleva a casa a Elder (18), l\u00edder de una peque\u00f1a banda de delincuentes juveniles. De este encuentro nacer\u00e1 una relaci\u00f3n que los cambiar\u00e1 para el resto de sus vidas.<\/p>\n<p>Director:\u00a0Lorenzo Vigas<br \/>\nPa\u00eds:\u00a0Venezuela\/M\u00e9xico<br \/>\nA\u00f1o: 2015<br \/>\nDuraci\u00f3n: 93\u2019<\/p>\n<div class=\"x-resp-embed x-is-video x-is-youtube\"><iframe loading=\"lazy\" title=\"Desde All\u00e1 - From Afar |\u00a0offcial trailer (2015) Venice Film Festival\" width=\"500\" height=\"281\" src=\"https:\/\/www.youtube.com\/embed\/dGxY3tu9mDg?feature=oembed\" frameborder=\"0\" allow=\"accelerometer; autoplay; clipboard-write; encrypted-media; gyroscope; picture-in-picture; web-share\" referrerpolicy=\"strict-origin-when-cross-origin\" allowfullscreen><\/iframe><\/div>\n","protected":false},"excerpt":{"rendered":"<p>Desde All\u00e1 una pel\u00edcula de\u00a0Lorenzo Vigas En medio de la convulsionada Caracas, Armando (50), due\u00f1o de un laboratorio de pr\u00f3tesis dentales, busca a hombres j\u00f3venes en paradas de autob\u00fas y les ofrece dinero para que lo acompa\u00f1en a su casa y observarles. Al mismo tiempo, Armando tiene la costumbre de espiar a un hombre de edad avanzada: sabe d\u00f3nde vive,&hellip;<\/p>\n","protected":false},"author":2,"featured_media":620,"comment_status":"closed","ping_status":"closed","sticky":false,"template":"","format":"standard","meta":{"powered_cache_disable_cache":false,"footnotes":""},"categories":[20,33],"tags":[],"class_list":["post-619","post","type-post","status-publish","format-standard","has-post-thumbnail","hentry","category-pelicula","category-peliculas-2016"],"yoast_head":"<!-- This site is optimized with the Yoast SEO plugin v27.5 - https:\/\/yoast.com\/product\/yoast-seo-wordpress\/ -->\n<title>Desde All\u00e1 - FeCHA - Festival de Cine Hispan\u00f3fono de Atenas \/ Hispanic Film Festival of Athens<\/title>\n<meta name=\"robots\" content=\"index, follow, max-snippet:-1, max-image-preview:large, max-video-preview:-1\" \/>\n<link rel=\"canonical\" href=\"https:\/\/fecha.gr\/es\/619\/desde-alla\/\" \/>\n<meta property=\"og:locale\" content=\"es_ES\" \/>\n<meta property=\"og:type\" content=\"article\" \/>\n<meta property=\"og:title\" content=\"Desde All\u00e1 - FeCHA - Festival de Cine Hispan\u00f3fono de Atenas \/ Hispanic Film Festival of Athens\" \/>\n<meta property=\"og:description\" content=\"Desde All\u00e1 una pel\u00edcula de\u00a0Lorenzo Vigas En medio de la convulsionada Caracas, Armando (50), due\u00f1o de un laboratorio de pr\u00f3tesis dentales, busca a hombres j\u00f3venes en paradas de autob\u00fas y les ofrece dinero para que lo acompa\u00f1en a su casa y observarles. Al mismo tiempo, Armando tiene la costumbre de espiar a un hombre de edad avanzada: sabe d\u00f3nde vive,&hellip;\" \/>\n<meta property=\"og:url\" content=\"https:\/\/fecha.gr\/es\/619\/desde-alla\/\" \/>\n<meta property=\"og:site_name\" content=\"FeCHA - Festival de Cine Hispan\u00f3fono de Atenas \/ Hispanic Film Festival of Athens\" \/>\n<meta property=\"article:published_time\" content=\"2016-04-24T19:06:38+00:00\" \/>\n<meta property=\"article:modified_time\" content=\"2016-05-25T17:09:57+00:00\" \/>\n<meta property=\"og:image\" content=\"https:\/\/fecha.gr\/wp-content\/uploads\/2016\/04\/desde-allaweb.jpg\" \/>\n\t<meta property=\"og:image:width\" content=\"1600\" \/>\n\t<meta property=\"og:image:height\" content=\"879\" \/>\n\t<meta property=\"og:image:type\" content=\"image\/jpeg\" \/>\n<meta name=\"author\" content=\"fes\" \/>\n<meta name=\"twitter:card\" content=\"summary_large_image\" \/>\n<script type=\"application\/ld+json\" class=\"yoast-schema-graph\">{\"@context\":\"https:\\\/\\\/schema.org\",\"@graph\":[{\"@type\":\"Article\",\"@id\":\"https:\\\/\\\/fecha.gr\\\/es\\\/619\\\/desde-alla\\\/#article\",\"isPartOf\":{\"@id\":\"https:\\\/\\\/fecha.gr\\\/es\\\/619\\\/desde-alla\\\/\"},\"author\":{\"name\":\"fes\",\"@id\":\"https:\\\/\\\/fecha.gr\\\/#\\\/schema\\\/person\\\/7aeeb4cb445b980097bd9e97d4cc2e8d\"},\"headline\":\"Desde All\u00e1\",\"datePublished\":\"2016-04-24T19:06:38+00:00\",\"dateModified\":\"2016-05-25T17:09:57+00:00\",\"mainEntityOfPage\":{\"@id\":\"https:\\\/\\\/fecha.gr\\\/es\\\/619\\\/desde-alla\\\/\"},\"wordCount\":134,\"publisher\":{\"@id\":\"https:\\\/\\\/fecha.gr\\\/#organization\"},\"image\":{\"@id\":\"https:\\\/\\\/fecha.gr\\\/es\\\/619\\\/desde-alla\\\/#primaryimage\"},\"thumbnailUrl\":\"https:\\\/\\\/fecha.gr\\\/wp-content\\\/uploads\\\/2016\\\/04\\\/desde-allaweb.jpg\",\"articleSection\":[\"Pel\u00edcula\",\"Pel\u00edculas 2016\"],\"inLanguage\":\"es\"},{\"@type\":\"WebPage\",\"@id\":\"https:\\\/\\\/fecha.gr\\\/es\\\/619\\\/desde-alla\\\/\",\"url\":\"https:\\\/\\\/fecha.gr\\\/es\\\/619\\\/desde-alla\\\/\",\"name\":\"Desde All\u00e1 - FeCHA - Festival de Cine Hispan\u00f3fono de Atenas \\\/ Hispanic Film Festival of Athens\",\"isPartOf\":{\"@id\":\"https:\\\/\\\/fecha.gr\\\/#website\"},\"primaryImageOfPage\":{\"@id\":\"https:\\\/\\\/fecha.gr\\\/es\\\/619\\\/desde-alla\\\/#primaryimage\"},\"image\":{\"@id\":\"https:\\\/\\\/fecha.gr\\\/es\\\/619\\\/desde-alla\\\/#primaryimage\"},\"thumbnailUrl\":\"https:\\\/\\\/fecha.gr\\\/wp-content\\\/uploads\\\/2016\\\/04\\\/desde-allaweb.jpg\",\"datePublished\":\"2016-04-24T19:06:38+00:00\",\"dateModified\":\"2016-05-25T17:09:57+00:00\",\"breadcrumb\":{\"@id\":\"https:\\\/\\\/fecha.gr\\\/es\\\/619\\\/desde-alla\\\/#breadcrumb\"},\"inLanguage\":\"es\",\"potentialAction\":[{\"@type\":\"ReadAction\",\"target\":[\"https:\\\/\\\/fecha.gr\\\/es\\\/619\\\/desde-alla\\\/\"]}]},{\"@type\":\"ImageObject\",\"inLanguage\":\"es\",\"@id\":\"https:\\\/\\\/fecha.gr\\\/es\\\/619\\\/desde-alla\\\/#primaryimage\",\"url\":\"https:\\\/\\\/fecha.gr\\\/wp-content\\\/uploads\\\/2016\\\/04\\\/desde-allaweb.jpg\",\"contentUrl\":\"https:\\\/\\\/fecha.gr\\\/wp-content\\\/uploads\\\/2016\\\/04\\\/desde-allaweb.jpg\",\"width\":1600,\"height\":879,\"caption\":\"Desde All\u00e1 una pel\u00edcula de Lorenzo Vigas\"},{\"@type\":\"BreadcrumbList\",\"@id\":\"https:\\\/\\\/fecha.gr\\\/es\\\/619\\\/desde-alla\\\/#breadcrumb\",\"itemListElement\":[{\"@type\":\"ListItem\",\"position\":1,\"name\":\"Home\",\"item\":\"https:\\\/\\\/fecha.gr\\\/es\\\/coming-soon\\\/\"},{\"@type\":\"ListItem\",\"position\":2,\"name\":\"Desde All\u00e1\"}]},{\"@type\":\"WebSite\",\"@id\":\"https:\\\/\\\/fecha.gr\\\/#website\",\"url\":\"https:\\\/\\\/fecha.gr\\\/\",\"name\":\"FeCHA - Festival de Cine Hispan\u00f3fono de Atenas \\\/ Hispanic Film Festival of Athens\",\"description\":\"\",\"publisher\":{\"@id\":\"https:\\\/\\\/fecha.gr\\\/#organization\"},\"potentialAction\":[{\"@type\":\"SearchAction\",\"target\":{\"@type\":\"EntryPoint\",\"urlTemplate\":\"https:\\\/\\\/fecha.gr\\\/?s={search_term_string}\"},\"query-input\":{\"@type\":\"PropertyValueSpecification\",\"valueRequired\":true,\"valueName\":\"search_term_string\"}}],\"inLanguage\":\"es\"},{\"@type\":\"Organization\",\"@id\":\"https:\\\/\\\/fecha.gr\\\/#organization\",\"name\":\"FeCHA - Festival de Cine Hispan\u00f3fono de Atenas\",\"url\":\"https:\\\/\\\/fecha.gr\\\/\",\"logo\":{\"@type\":\"ImageObject\",\"inLanguage\":\"es\",\"@id\":\"https:\\\/\\\/fecha.gr\\\/#\\\/schema\\\/logo\\\/image\\\/\",\"url\":\"https:\\\/\\\/fecha.gr\\\/wp-content\\\/uploads\\\/2016\\\/05\\\/favicon-fecha.png\",\"contentUrl\":\"https:\\\/\\\/fecha.gr\\\/wp-content\\\/uploads\\\/2016\\\/05\\\/favicon-fecha.png\",\"width\":1000,\"height\":1000,\"caption\":\"FeCHA - Festival de Cine Hispan\u00f3fono de Atenas\"},\"image\":{\"@id\":\"https:\\\/\\\/fecha.gr\\\/#\\\/schema\\\/logo\\\/image\\\/\"}},{\"@type\":\"Person\",\"@id\":\"https:\\\/\\\/fecha.gr\\\/#\\\/schema\\\/person\\\/7aeeb4cb445b980097bd9e97d4cc2e8d\",\"name\":\"fes\",\"url\":\"https:\\\/\\\/fecha.gr\\\/es\\\/author\\\/fes\\\/\"}]}<\/script>\n<!-- \/ Yoast SEO plugin. -->","yoast_head_json":{"title":"Desde All\u00e1 - FeCHA - Festival de Cine Hispan\u00f3fono de Atenas \/ Hispanic Film Festival of Athens","robots":{"index":"index","follow":"follow","max-snippet":"max-snippet:-1","max-image-preview":"max-image-preview:large","max-video-preview":"max-video-preview:-1"},"canonical":"https:\/\/fecha.gr\/es\/619\/desde-alla\/","og_locale":"es_ES","og_type":"article","og_title":"Desde All\u00e1 - FeCHA - Festival de Cine Hispan\u00f3fono de Atenas \/ Hispanic Film Festival of Athens","og_description":"Desde All\u00e1 una pel\u00edcula de\u00a0Lorenzo Vigas En medio de la convulsionada Caracas, Armando (50), due\u00f1o de un laboratorio de pr\u00f3tesis dentales, busca a hombres j\u00f3venes en paradas de autob\u00fas y les ofrece dinero para que lo acompa\u00f1en a su casa y observarles. Al mismo tiempo, Armando tiene la costumbre de espiar a un hombre de edad avanzada: sabe d\u00f3nde vive,&hellip;","og_url":"https:\/\/fecha.gr\/es\/619\/desde-alla\/","og_site_name":"FeCHA - Festival de Cine Hispan\u00f3fono de Atenas \/ Hispanic Film Festival of Athens","article_published_time":"2016-04-24T19:06:38+00:00","article_modified_time":"2016-05-25T17:09:57+00:00","og_image":[{"width":1600,"height":879,"url":"https:\/\/fecha.gr\/wp-content\/uploads\/2016\/04\/desde-allaweb.jpg","type":"image\/jpeg"}],"author":"fes","twitter_card":"summary_large_image","schema":{"@context":"https:\/\/schema.org","@graph":[{"@type":"Article","@id":"https:\/\/fecha.gr\/es\/619\/desde-alla\/#article","isPartOf":{"@id":"https:\/\/fecha.gr\/es\/619\/desde-alla\/"},"author":{"name":"fes","@id":"https:\/\/fecha.gr\/#\/schema\/person\/7aeeb4cb445b980097bd9e97d4cc2e8d"},"headline":"Desde All\u00e1","datePublished":"2016-04-24T19:06:38+00:00","dateModified":"2016-05-25T17:09:57+00:00","mainEntityOfPage":{"@id":"https:\/\/fecha.gr\/es\/619\/desde-alla\/"},"wordCount":134,"publisher":{"@id":"https:\/\/fecha.gr\/#organization"},"image":{"@id":"https:\/\/fecha.gr\/es\/619\/desde-alla\/#primaryimage"},"thumbnailUrl":"https:\/\/fecha.gr\/wp-content\/uploads\/2016\/04\/desde-allaweb.jpg","articleSection":["Pel\u00edcula","Pel\u00edculas 2016"],"inLanguage":"es"},{"@type":"WebPage","@id":"https:\/\/fecha.gr\/es\/619\/desde-alla\/","url":"https:\/\/fecha.gr\/es\/619\/desde-alla\/","name":"Desde All\u00e1 - FeCHA - Festival de Cine Hispan\u00f3fono de Atenas \/ Hispanic Film Festival of Athens","isPartOf":{"@id":"https:\/\/fecha.gr\/#website"},"primaryImageOfPage":{"@id":"https:\/\/fecha.gr\/es\/619\/desde-alla\/#primaryimage"},"image":{"@id":"https:\/\/fecha.gr\/es\/619\/desde-alla\/#primaryimage"},"thumbnailUrl":"https:\/\/fecha.gr\/wp-content\/uploads\/2016\/04\/desde-allaweb.jpg","datePublished":"2016-04-24T19:06:38+00:00","dateModified":"2016-05-25T17:09:57+00:00","breadcrumb":{"@id":"https:\/\/fecha.gr\/es\/619\/desde-alla\/#breadcrumb"},"inLanguage":"es","potentialAction":[{"@type":"ReadAction","target":["https:\/\/fecha.gr\/es\/619\/desde-alla\/"]}]},{"@type":"ImageObject","inLanguage":"es","@id":"https:\/\/fecha.gr\/es\/619\/desde-alla\/#primaryimage","url":"https:\/\/fecha.gr\/wp-content\/uploads\/2016\/04\/desde-allaweb.jpg","contentUrl":"https:\/\/fecha.gr\/wp-content\/uploads\/2016\/04\/desde-allaweb.jpg","width":1600,"height":879,"caption":"Desde All\u00e1 una pel\u00edcula de Lorenzo Vigas"},{"@type":"BreadcrumbList","@id":"https:\/\/fecha.gr\/es\/619\/desde-alla\/#breadcrumb","itemListElement":[{"@type":"ListItem","position":1,"name":"Home","item":"https:\/\/fecha.gr\/es\/coming-soon\/"},{"@type":"ListItem","position":2,"name":"Desde All\u00e1"}]},{"@type":"WebSite","@id":"https:\/\/fecha.gr\/#website","url":"https:\/\/fecha.gr\/","name":"FeCHA - Festival de Cine Hispan\u00f3fono de Atenas \/ Hispanic Film Festival of Athens","description":"","publisher":{"@id":"https:\/\/fecha.gr\/#organization"},"potentialAction":[{"@type":"SearchAction","target":{"@type":"EntryPoint","urlTemplate":"https:\/\/fecha.gr\/?s={search_term_string}"},"query-input":{"@type":"PropertyValueSpecification","valueRequired":true,"valueName":"search_term_string"}}],"inLanguage":"es"},{"@type":"Organization","@id":"https:\/\/fecha.gr\/#organization","name":"FeCHA - Festival de Cine Hispan\u00f3fono de Atenas","url":"https:\/\/fecha.gr\/","logo":{"@type":"ImageObject","inLanguage":"es","@id":"https:\/\/fecha.gr\/#\/schema\/logo\/image\/","url":"https:\/\/fecha.gr\/wp-content\/uploads\/2016\/05\/favicon-fecha.png","contentUrl":"https:\/\/fecha.gr\/wp-content\/uploads\/2016\/05\/favicon-fecha.png","width":1000,"height":1000,"caption":"FeCHA - Festival de Cine Hispan\u00f3fono de Atenas"},"image":{"@id":"https:\/\/fecha.gr\/#\/schema\/logo\/image\/"}},{"@type":"Person","@id":"https:\/\/fecha.gr\/#\/schema\/person\/7aeeb4cb445b980097bd9e97d4cc2e8d","name":"fes","url":"https:\/\/fecha.gr\/es\/author\/fes\/"}]}},"_links":{"self":[{"href":"https:\/\/fecha.gr\/es\/wp-json\/wp\/v2\/posts\/619","targetHints":{"allow":["GET"]}}],"collection":[{"href":"https:\/\/fecha.gr\/es\/wp-json\/wp\/v2\/posts"}],"about":[{"href":"https:\/\/fecha.gr\/es\/wp-json\/wp\/v2\/types\/post"}],"author":[{"embeddable":true,"href":"https:\/\/fecha.gr\/es\/wp-json\/wp\/v2\/users\/2"}],"replies":[{"embeddable":true,"href":"https:\/\/fecha.gr\/es\/wp-json\/wp\/v2\/comments?post=619"}],"version-history":[{"count":0,"href":"https:\/\/fecha.gr\/es\/wp-json\/wp\/v2\/posts\/619\/revisions"}],"wp:featuredmedia":[{"embeddable":true,"href":"https:\/\/fecha.gr\/es\/wp-json\/wp\/v2\/media\/620"}],"wp:attachment":[{"href":"https:\/\/fecha.gr\/es\/wp-json\/wp\/v2\/media?parent=619"}],"wp:term":[{"taxonomy":"category","embeddable":true,"href":"https:\/\/fecha.gr\/es\/wp-json\/wp\/v2\/categories?post=619"},{"taxonomy":"post_tag","embeddable":true,"href":"https:\/\/fecha.gr\/es\/wp-json\/wp\/v2\/tags?post=619"}],"curies":[{"name":"wp","href":"https:\/\/api.w.org\/{rel}","templated":true}]}}