
{"id":586,"date":"2016-04-24T12:54:42","date_gmt":"2016-04-24T09:54:42","guid":{"rendered":"http:\/\/fecha.gr\/es\/?p=586"},"modified":"2016-04-24T12:55:33","modified_gmt":"2016-04-24T09:55:33","slug":"las-ovejas-no-pierden-el-tren","status":"publish","type":"post","link":"https:\/\/fecha.gr\/es\/586\/las-ovejas-no-pierden-el-tren\/","title":{"rendered":"Las ovejas no pierden el tren"},"content":{"rendered":"<h1 style=\"text-align: center;\">Las ovejas no pierden el tren<\/h1>\n<h2 style=\"text-align: center;\">una pel\u00edcula de \u00c1lvaro Fern\u00e1ndez Armero<\/h2>\n<p>Luisa y Alberto se han visto obligados a irse a vivir al campo, pero la id\u00edlica vida rural enseguida empieza a mostrar su cara menos amable. A pesar de que la pareja no atraviesa por sus mejores momentos, Luisa est\u00e1 obsesionada con tener un segundo hijo, aunque el precio sea el sexo m\u00e1s ap\u00e1tico imaginable.<\/p>\n<p>Quien ni se plantea pisar el campo es Juan, el hermano de Alberto, periodista en horas bajas que, con 45 a\u00f1os, sale con Natalia, una joven entusiasta de 25 a\u00f1os en la que Juan ve una tabla de salvaci\u00f3n. Por su parte la hermana de Luisa, Sara, est\u00e1 acostumbrada a canalizar su ansiedad a trav\u00e9s de los hombres, con quienes no acaba de encajar, hasta que aparece Paco, un periodista deportivo que parece incluso dispuesto a llevarla al altar. O eso cree ella&#8230;<\/p>\n<p>Direcci\u00f3n: \u00c1lvaro Fern\u00e1ndez Armero<br \/>\nPa\u00eds: Espa\u00f1a<br \/>\nA\u00f1o 2014<br \/>\nDuraci\u00f3n: 103\u2019<\/p>\n<div class=\"x-resp-embed x-is-video x-is-youtube\"><iframe loading=\"lazy\" title=\"&#039;Sidetracked&#039; TRAILER\" width=\"500\" height=\"281\" src=\"https:\/\/www.youtube.com\/embed\/UVE87aTv6_s?feature=oembed\" frameborder=\"0\" allow=\"accelerometer; autoplay; clipboard-write; encrypted-media; gyroscope; picture-in-picture; web-share\" referrerpolicy=\"strict-origin-when-cross-origin\" allowfullscreen><\/iframe><\/div>\n","protected":false},"excerpt":{"rendered":"<p>Las ovejas no pierden el tren una pel\u00edcula de \u00c1lvaro Fern\u00e1ndez Armero Luisa y Alberto se han visto obligados a irse a vivir al campo, pero la id\u00edlica vida rural enseguida empieza a mostrar su cara menos amable. A pesar de que la pareja no atraviesa por sus mejores momentos, Luisa est\u00e1 obsesionada con tener un segundo hijo, aunque el&hellip;<\/p>\n","protected":false},"author":2,"featured_media":581,"comment_status":"closed","ping_status":"closed","sticky":false,"template":"","format":"standard","meta":{"powered_cache_disable_cache":false,"footnotes":""},"categories":[20,33],"tags":[],"class_list":["post-586","post","type-post","status-publish","format-standard","has-post-thumbnail","hentry","category-pelicula","category-peliculas-2016"],"yoast_head":"<!-- This site is optimized with the Yoast SEO plugin v27.5 - https:\/\/yoast.com\/product\/yoast-seo-wordpress\/ -->\n<title>Las ovejas no pierden el tren - FeCHA - Festival de Cine Hispan\u00f3fono de Atenas \/ Hispanic Film Festival of Athens<\/title>\n<meta name=\"robots\" content=\"index, follow, max-snippet:-1, max-image-preview:large, max-video-preview:-1\" \/>\n<link rel=\"canonical\" href=\"https:\/\/fecha.gr\/es\/586\/las-ovejas-no-pierden-el-tren\/\" \/>\n<meta property=\"og:locale\" content=\"es_ES\" \/>\n<meta property=\"og:type\" content=\"article\" \/>\n<meta property=\"og:title\" content=\"Las ovejas no pierden el tren - FeCHA - Festival de Cine Hispan\u00f3fono de Atenas \/ Hispanic Film Festival of Athens\" \/>\n<meta property=\"og:description\" content=\"Las ovejas no pierden el tren una pel\u00edcula de \u00c1lvaro Fern\u00e1ndez Armero Luisa y Alberto se han visto obligados a irse a vivir al campo, pero la id\u00edlica vida rural enseguida empieza a mostrar su cara menos amable. A pesar de que la pareja no atraviesa por sus mejores momentos, Luisa est\u00e1 obsesionada con tener un segundo hijo, aunque el&hellip;\" \/>\n<meta property=\"og:url\" content=\"https:\/\/fecha.gr\/es\/586\/las-ovejas-no-pierden-el-tren\/\" \/>\n<meta property=\"og:site_name\" content=\"FeCHA - Festival de Cine Hispan\u00f3fono de Atenas \/ Hispanic Film Festival of Athens\" \/>\n<meta property=\"article:published_time\" content=\"2016-04-24T09:54:42+00:00\" \/>\n<meta property=\"article:modified_time\" content=\"2016-04-24T09:55:33+00:00\" \/>\n<meta property=\"og:image\" content=\"https:\/\/fecha.gr\/wp-content\/uploads\/2016\/04\/las_ovejas_2weone_foto_galeriaweb.jpg\" \/>\n\t<meta property=\"og:image:width\" content=\"1600\" \/>\n\t<meta property=\"og:image:height\" content=\"900\" \/>\n\t<meta property=\"og:image:type\" content=\"image\/jpeg\" \/>\n<meta name=\"author\" content=\"fes\" \/>\n<meta name=\"twitter:card\" content=\"summary_large_image\" \/>\n<script type=\"application\/ld+json\" class=\"yoast-schema-graph\">{\"@context\":\"https:\\\/\\\/schema.org\",\"@graph\":[{\"@type\":\"Article\",\"@id\":\"https:\\\/\\\/fecha.gr\\\/es\\\/586\\\/las-ovejas-no-pierden-el-tren\\\/#article\",\"isPartOf\":{\"@id\":\"https:\\\/\\\/fecha.gr\\\/es\\\/586\\\/las-ovejas-no-pierden-el-tren\\\/\"},\"author\":{\"name\":\"fes\",\"@id\":\"https:\\\/\\\/fecha.gr\\\/#\\\/schema\\\/person\\\/7aeeb4cb445b980097bd9e97d4cc2e8d\"},\"headline\":\"Las ovejas no pierden el tren\",\"datePublished\":\"2016-04-24T09:54:42+00:00\",\"dateModified\":\"2016-04-24T09:55:33+00:00\",\"mainEntityOfPage\":{\"@id\":\"https:\\\/\\\/fecha.gr\\\/es\\\/586\\\/las-ovejas-no-pierden-el-tren\\\/\"},\"wordCount\":183,\"publisher\":{\"@id\":\"https:\\\/\\\/fecha.gr\\\/#organization\"},\"image\":{\"@id\":\"https:\\\/\\\/fecha.gr\\\/es\\\/586\\\/las-ovejas-no-pierden-el-tren\\\/#primaryimage\"},\"thumbnailUrl\":\"https:\\\/\\\/fecha.gr\\\/wp-content\\\/uploads\\\/2016\\\/04\\\/las_ovejas_2weone_foto_galeriaweb.jpg\",\"articleSection\":[\"Pel\u00edcula\",\"Pel\u00edculas 2016\"],\"inLanguage\":\"es\"},{\"@type\":\"WebPage\",\"@id\":\"https:\\\/\\\/fecha.gr\\\/es\\\/586\\\/las-ovejas-no-pierden-el-tren\\\/\",\"url\":\"https:\\\/\\\/fecha.gr\\\/es\\\/586\\\/las-ovejas-no-pierden-el-tren\\\/\",\"name\":\"Las ovejas no pierden el tren - FeCHA - Festival de Cine Hispan\u00f3fono de Atenas \\\/ Hispanic Film Festival of Athens\",\"isPartOf\":{\"@id\":\"https:\\\/\\\/fecha.gr\\\/#website\"},\"primaryImageOfPage\":{\"@id\":\"https:\\\/\\\/fecha.gr\\\/es\\\/586\\\/las-ovejas-no-pierden-el-tren\\\/#primaryimage\"},\"image\":{\"@id\":\"https:\\\/\\\/fecha.gr\\\/es\\\/586\\\/las-ovejas-no-pierden-el-tren\\\/#primaryimage\"},\"thumbnailUrl\":\"https:\\\/\\\/fecha.gr\\\/wp-content\\\/uploads\\\/2016\\\/04\\\/las_ovejas_2weone_foto_galeriaweb.jpg\",\"datePublished\":\"2016-04-24T09:54:42+00:00\",\"dateModified\":\"2016-04-24T09:55:33+00:00\",\"breadcrumb\":{\"@id\":\"https:\\\/\\\/fecha.gr\\\/es\\\/586\\\/las-ovejas-no-pierden-el-tren\\\/#breadcrumb\"},\"inLanguage\":\"es\",\"potentialAction\":[{\"@type\":\"ReadAction\",\"target\":[\"https:\\\/\\\/fecha.gr\\\/es\\\/586\\\/las-ovejas-no-pierden-el-tren\\\/\"]}]},{\"@type\":\"ImageObject\",\"inLanguage\":\"es\",\"@id\":\"https:\\\/\\\/fecha.gr\\\/es\\\/586\\\/las-ovejas-no-pierden-el-tren\\\/#primaryimage\",\"url\":\"https:\\\/\\\/fecha.gr\\\/wp-content\\\/uploads\\\/2016\\\/04\\\/las_ovejas_2weone_foto_galeriaweb.jpg\",\"contentUrl\":\"https:\\\/\\\/fecha.gr\\\/wp-content\\\/uploads\\\/2016\\\/04\\\/las_ovejas_2weone_foto_galeriaweb.jpg\",\"width\":1600,\"height\":900,\"caption\":\"\u039f\u03b9 \u03ba\u03b1\u03c4\u03c3\u03af\u03ba\u03b5\u03c2 \u03b4\u03b5\u03bd \u03c7\u03ac\u03bd\u03bf\u03c5\u03bd \u03c4\u03bf \u03c4\u03c1\u03b1\u03af\u03bd\u03bf \\\/ Las ovejas no pierden el tren \u03bc\u03b9\u03b1 \u03c4\u03b1\u03b9\u03bd\u03af\u03b1 \u03c4\u03bf\u03c5 \u0386\u03bb\u03b2\u03b1\u03c1\u03bf \u03a6\u03b5\u03c1\u03bd\u03ac\u03bd\u03c4\u03b5\u03b8 \u0391\u03c1\u03bc\u03ad\u03c1\u03bf\"},{\"@type\":\"BreadcrumbList\",\"@id\":\"https:\\\/\\\/fecha.gr\\\/es\\\/586\\\/las-ovejas-no-pierden-el-tren\\\/#breadcrumb\",\"itemListElement\":[{\"@type\":\"ListItem\",\"position\":1,\"name\":\"Home\",\"item\":\"https:\\\/\\\/fecha.gr\\\/es\\\/coming-soon\\\/\"},{\"@type\":\"ListItem\",\"position\":2,\"name\":\"Las ovejas no pierden el tren\"}]},{\"@type\":\"WebSite\",\"@id\":\"https:\\\/\\\/fecha.gr\\\/#website\",\"url\":\"https:\\\/\\\/fecha.gr\\\/\",\"name\":\"FeCHA - Festival de Cine Hispan\u00f3fono de Atenas \\\/ Hispanic Film Festival of Athens\",\"description\":\"\",\"publisher\":{\"@id\":\"https:\\\/\\\/fecha.gr\\\/#organization\"},\"potentialAction\":[{\"@type\":\"SearchAction\",\"target\":{\"@type\":\"EntryPoint\",\"urlTemplate\":\"https:\\\/\\\/fecha.gr\\\/?s={search_term_string}\"},\"query-input\":{\"@type\":\"PropertyValueSpecification\",\"valueRequired\":true,\"valueName\":\"search_term_string\"}}],\"inLanguage\":\"es\"},{\"@type\":\"Organization\",\"@id\":\"https:\\\/\\\/fecha.gr\\\/#organization\",\"name\":\"FeCHA - Festival de Cine Hispan\u00f3fono de Atenas\",\"url\":\"https:\\\/\\\/fecha.gr\\\/\",\"logo\":{\"@type\":\"ImageObject\",\"inLanguage\":\"es\",\"@id\":\"https:\\\/\\\/fecha.gr\\\/#\\\/schema\\\/logo\\\/image\\\/\",\"url\":\"https:\\\/\\\/fecha.gr\\\/wp-content\\\/uploads\\\/2016\\\/05\\\/favicon-fecha.png\",\"contentUrl\":\"https:\\\/\\\/fecha.gr\\\/wp-content\\\/uploads\\\/2016\\\/05\\\/favicon-fecha.png\",\"width\":1000,\"height\":1000,\"caption\":\"FeCHA - Festival de Cine Hispan\u00f3fono de Atenas\"},\"image\":{\"@id\":\"https:\\\/\\\/fecha.gr\\\/#\\\/schema\\\/logo\\\/image\\\/\"}},{\"@type\":\"Person\",\"@id\":\"https:\\\/\\\/fecha.gr\\\/#\\\/schema\\\/person\\\/7aeeb4cb445b980097bd9e97d4cc2e8d\",\"name\":\"fes\",\"url\":\"https:\\\/\\\/fecha.gr\\\/es\\\/author\\\/fes\\\/\"}]}<\/script>\n<!-- \/ Yoast SEO plugin. -->","yoast_head_json":{"title":"Las ovejas no pierden el tren - FeCHA - Festival de Cine Hispan\u00f3fono de Atenas \/ Hispanic Film Festival of Athens","robots":{"index":"index","follow":"follow","max-snippet":"max-snippet:-1","max-image-preview":"max-image-preview:large","max-video-preview":"max-video-preview:-1"},"canonical":"https:\/\/fecha.gr\/es\/586\/las-ovejas-no-pierden-el-tren\/","og_locale":"es_ES","og_type":"article","og_title":"Las ovejas no pierden el tren - FeCHA - Festival de Cine Hispan\u00f3fono de Atenas \/ Hispanic Film Festival of Athens","og_description":"Las ovejas no pierden el tren una pel\u00edcula de \u00c1lvaro Fern\u00e1ndez Armero Luisa y Alberto se han visto obligados a irse a vivir al campo, pero la id\u00edlica vida rural enseguida empieza a mostrar su cara menos amable. A pesar de que la pareja no atraviesa por sus mejores momentos, Luisa est\u00e1 obsesionada con tener un segundo hijo, aunque el&hellip;","og_url":"https:\/\/fecha.gr\/es\/586\/las-ovejas-no-pierden-el-tren\/","og_site_name":"FeCHA - Festival de Cine Hispan\u00f3fono de Atenas \/ Hispanic Film Festival of Athens","article_published_time":"2016-04-24T09:54:42+00:00","article_modified_time":"2016-04-24T09:55:33+00:00","og_image":[{"width":1600,"height":900,"url":"https:\/\/fecha.gr\/wp-content\/uploads\/2016\/04\/las_ovejas_2weone_foto_galeriaweb.jpg","type":"image\/jpeg"}],"author":"fes","twitter_card":"summary_large_image","schema":{"@context":"https:\/\/schema.org","@graph":[{"@type":"Article","@id":"https:\/\/fecha.gr\/es\/586\/las-ovejas-no-pierden-el-tren\/#article","isPartOf":{"@id":"https:\/\/fecha.gr\/es\/586\/las-ovejas-no-pierden-el-tren\/"},"author":{"name":"fes","@id":"https:\/\/fecha.gr\/#\/schema\/person\/7aeeb4cb445b980097bd9e97d4cc2e8d"},"headline":"Las ovejas no pierden el tren","datePublished":"2016-04-24T09:54:42+00:00","dateModified":"2016-04-24T09:55:33+00:00","mainEntityOfPage":{"@id":"https:\/\/fecha.gr\/es\/586\/las-ovejas-no-pierden-el-tren\/"},"wordCount":183,"publisher":{"@id":"https:\/\/fecha.gr\/#organization"},"image":{"@id":"https:\/\/fecha.gr\/es\/586\/las-ovejas-no-pierden-el-tren\/#primaryimage"},"thumbnailUrl":"https:\/\/fecha.gr\/wp-content\/uploads\/2016\/04\/las_ovejas_2weone_foto_galeriaweb.jpg","articleSection":["Pel\u00edcula","Pel\u00edculas 2016"],"inLanguage":"es"},{"@type":"WebPage","@id":"https:\/\/fecha.gr\/es\/586\/las-ovejas-no-pierden-el-tren\/","url":"https:\/\/fecha.gr\/es\/586\/las-ovejas-no-pierden-el-tren\/","name":"Las ovejas no pierden el tren - FeCHA - Festival de Cine Hispan\u00f3fono de Atenas \/ Hispanic Film Festival of Athens","isPartOf":{"@id":"https:\/\/fecha.gr\/#website"},"primaryImageOfPage":{"@id":"https:\/\/fecha.gr\/es\/586\/las-ovejas-no-pierden-el-tren\/#primaryimage"},"image":{"@id":"https:\/\/fecha.gr\/es\/586\/las-ovejas-no-pierden-el-tren\/#primaryimage"},"thumbnailUrl":"https:\/\/fecha.gr\/wp-content\/uploads\/2016\/04\/las_ovejas_2weone_foto_galeriaweb.jpg","datePublished":"2016-04-24T09:54:42+00:00","dateModified":"2016-04-24T09:55:33+00:00","breadcrumb":{"@id":"https:\/\/fecha.gr\/es\/586\/las-ovejas-no-pierden-el-tren\/#breadcrumb"},"inLanguage":"es","potentialAction":[{"@type":"ReadAction","target":["https:\/\/fecha.gr\/es\/586\/las-ovejas-no-pierden-el-tren\/"]}]},{"@type":"ImageObject","inLanguage":"es","@id":"https:\/\/fecha.gr\/es\/586\/las-ovejas-no-pierden-el-tren\/#primaryimage","url":"https:\/\/fecha.gr\/wp-content\/uploads\/2016\/04\/las_ovejas_2weone_foto_galeriaweb.jpg","contentUrl":"https:\/\/fecha.gr\/wp-content\/uploads\/2016\/04\/las_ovejas_2weone_foto_galeriaweb.jpg","width":1600,"height":900,"caption":"\u039f\u03b9 \u03ba\u03b1\u03c4\u03c3\u03af\u03ba\u03b5\u03c2 \u03b4\u03b5\u03bd \u03c7\u03ac\u03bd\u03bf\u03c5\u03bd \u03c4\u03bf \u03c4\u03c1\u03b1\u03af\u03bd\u03bf \/ Las ovejas no pierden el tren \u03bc\u03b9\u03b1 \u03c4\u03b1\u03b9\u03bd\u03af\u03b1 \u03c4\u03bf\u03c5 \u0386\u03bb\u03b2\u03b1\u03c1\u03bf \u03a6\u03b5\u03c1\u03bd\u03ac\u03bd\u03c4\u03b5\u03b8 \u0391\u03c1\u03bc\u03ad\u03c1\u03bf"},{"@type":"BreadcrumbList","@id":"https:\/\/fecha.gr\/es\/586\/las-ovejas-no-pierden-el-tren\/#breadcrumb","itemListElement":[{"@type":"ListItem","position":1,"name":"Home","item":"https:\/\/fecha.gr\/es\/coming-soon\/"},{"@type":"ListItem","position":2,"name":"Las ovejas no pierden el tren"}]},{"@type":"WebSite","@id":"https:\/\/fecha.gr\/#website","url":"https:\/\/fecha.gr\/","name":"FeCHA - Festival de Cine Hispan\u00f3fono de Atenas \/ Hispanic Film Festival of Athens","description":"","publisher":{"@id":"https:\/\/fecha.gr\/#organization"},"potentialAction":[{"@type":"SearchAction","target":{"@type":"EntryPoint","urlTemplate":"https:\/\/fecha.gr\/?s={search_term_string}"},"query-input":{"@type":"PropertyValueSpecification","valueRequired":true,"valueName":"search_term_string"}}],"inLanguage":"es"},{"@type":"Organization","@id":"https:\/\/fecha.gr\/#organization","name":"FeCHA - Festival de Cine Hispan\u00f3fono de Atenas","url":"https:\/\/fecha.gr\/","logo":{"@type":"ImageObject","inLanguage":"es","@id":"https:\/\/fecha.gr\/#\/schema\/logo\/image\/","url":"https:\/\/fecha.gr\/wp-content\/uploads\/2016\/05\/favicon-fecha.png","contentUrl":"https:\/\/fecha.gr\/wp-content\/uploads\/2016\/05\/favicon-fecha.png","width":1000,"height":1000,"caption":"FeCHA - Festival de Cine Hispan\u00f3fono de Atenas"},"image":{"@id":"https:\/\/fecha.gr\/#\/schema\/logo\/image\/"}},{"@type":"Person","@id":"https:\/\/fecha.gr\/#\/schema\/person\/7aeeb4cb445b980097bd9e97d4cc2e8d","name":"fes","url":"https:\/\/fecha.gr\/es\/author\/fes\/"}]}},"_links":{"self":[{"href":"https:\/\/fecha.gr\/es\/wp-json\/wp\/v2\/posts\/586","targetHints":{"allow":["GET"]}}],"collection":[{"href":"https:\/\/fecha.gr\/es\/wp-json\/wp\/v2\/posts"}],"about":[{"href":"https:\/\/fecha.gr\/es\/wp-json\/wp\/v2\/types\/post"}],"author":[{"embeddable":true,"href":"https:\/\/fecha.gr\/es\/wp-json\/wp\/v2\/users\/2"}],"replies":[{"embeddable":true,"href":"https:\/\/fecha.gr\/es\/wp-json\/wp\/v2\/comments?post=586"}],"version-history":[{"count":0,"href":"https:\/\/fecha.gr\/es\/wp-json\/wp\/v2\/posts\/586\/revisions"}],"wp:featuredmedia":[{"embeddable":true,"href":"https:\/\/fecha.gr\/es\/wp-json\/wp\/v2\/media\/581"}],"wp:attachment":[{"href":"https:\/\/fecha.gr\/es\/wp-json\/wp\/v2\/media?parent=586"}],"wp:term":[{"taxonomy":"category","embeddable":true,"href":"https:\/\/fecha.gr\/es\/wp-json\/wp\/v2\/categories?post=586"},{"taxonomy":"post_tag","embeddable":true,"href":"https:\/\/fecha.gr\/es\/wp-json\/wp\/v2\/tags?post=586"}],"curies":[{"name":"wp","href":"https:\/\/api.w.org\/{rel}","templated":true}]}}