
{"id":5367,"date":"2022-10-04T11:49:17","date_gmt":"2022-10-04T08:49:17","guid":{"rendered":"https:\/\/fecha.gr\/5367\/dias-de-cine-hispanofono-2022\/"},"modified":"2022-10-05T10:21:11","modified_gmt":"2022-10-05T07:21:11","slug":"dias-de-cine-hispanofono-2022","status":"publish","type":"post","link":"https:\/\/fecha.gr\/es\/5367\/dias-de-cine-hispanofono-2022\/","title":{"rendered":"D\u00edas de Cine Hispan\u00f3fono 2022"},"content":{"rendered":"\n<p>El Festival de Cine Hispan\u00f3fono de Atenas \u2013 FeCHA presenta por tercer a\u00f1o los \u201cD\u00edas de Cine Hispan\u00f3fono\u201d del 12 al 14 de octubre de 2022, con motivo del \u201cD\u00eda de la Hispanidad\/D\u00eda del Respeto a la Diversidad Cultural\u201d.<br\/>Durante los \u201cD\u00edas de Cine Hispan\u00f3fono\u201d se presentar\u00e1n 2 pel\u00edculas hispan\u00f3fonas, de M\u00e9xico y Per\u00fa, via intenet y gratuita en toda Grecia.<br\/>Con subtitulos griegos<br\/>Proyecciones en <a href=\"https:\/\/video.fecha.gr\" target=\"_blank\" rel=\"noreferrer noopener\">https:\/\/video.fecha.gr<\/a>.<\/p>\n\n<p><strong>Unas palabras sobre el \u201cD\u00eda de la Hispanidad\/D\u00eda del Respeto a la Diversidad Cultural\u201d<\/strong><br\/>el 12 de octubre de 1492 Crist\u00f3bal Col\u00f3n, que cre\u00eda que hab\u00eda llegado a las Indias, descubri\u00f3 Am\u00e9rica. Ese d\u00eda se celebra en Espa\u00f1a como el \u00abD\u00eda de la Hispanidad\u00bb. El t\u00e9rmino Hispanidad, representa el conjunto de los pueblos y de las civilizaciones hispan\u00f3fonos.<br\/>En Latinoam\u00e9rica se celebra el mismo d\u00eda, como el \u00abD\u00eda del Respeto a la Diversidad Cultural\u00bb que promover la reflexi\u00f3n respecto de la interculturalidad en Latinoam\u00e9rica y el reconocimiento y respeto por los derechos humanos de los pueblos originarios.<\/p>\n\n<p><strong>Las pel\u00edculas:<\/strong><\/p>\n\n<figure class=\"wp-block-image size-large is-resized\"><img loading=\"lazy\" decoding=\"async\" src=\"https:\/\/fecha.gr\/wp-content\/uploads\/2022\/10\/leona1-1024x576.jpg\" alt=\"\" class=\"wp-image-5354\" width=\"512\" height=\"288\" srcset=\"https:\/\/fecha.gr\/wp-content\/uploads\/2022\/10\/leona1-1024x576.jpg 1024w, https:\/\/fecha.gr\/wp-content\/uploads\/2022\/10\/leona1-300x169.jpg 300w, https:\/\/fecha.gr\/wp-content\/uploads\/2022\/10\/leona1.jpg 1280w\" sizes=\"auto, (max-width: 512px) 100vw, 512px\" \/><\/figure>\n\n<p><strong>Leona<br\/>Isaac Cherem, M\u00e9xico, 2018, 96\u2019<\/strong><\/p>\n\n<p>Una joven jud\u00eda de la Ciudad de M\u00e9xico se encuentra dividida entre su familia y su amor prohibido con un hombre no jud\u00edo. \u00c9l le permite descubrir el mundo fuera de la burbuja de su comunidad, lo que la lleva a una transici\u00f3n importante en su vida adulta.<br\/>Con subtitulos en griego e ingles.<br\/>Trailer: <a href=\"https:\/\/youtu.be\/OiEa4LaL9Uk\" target=\"_blank\" rel=\"noreferrer noopener\">https:\/\/youtu.be\/OiEa4LaL9Uk<\/a><\/p>\n\n<figure class=\"wp-block-image size-large is-resized\"><img loading=\"lazy\" decoding=\"async\" src=\"https:\/\/fecha.gr\/wp-content\/uploads\/2022\/10\/tombuktu-1024x768.jpg\" alt=\"\" class=\"wp-image-5357\" width=\"512\" height=\"384\" srcset=\"https:\/\/fecha.gr\/wp-content\/uploads\/2022\/10\/tombuktu-1024x768.jpg 1024w, https:\/\/fecha.gr\/wp-content\/uploads\/2022\/10\/tombuktu-300x225.jpg 300w, https:\/\/fecha.gr\/wp-content\/uploads\/2022\/10\/tombuktu-1536x1152.jpg 1536w, https:\/\/fecha.gr\/wp-content\/uploads\/2022\/10\/tombuktu.jpg 1960w\" sizes=\"auto, (max-width: 512px) 100vw, 512px\" \/><\/figure>\n\n<p><strong>Viaje a Tombuct\u00fa<br\/>Rossana D\u00edaz Costa, Per\u00fa, 2014, 100\u2019<\/strong><\/p>\n\n<p>Ana y Lucho son dos adolescentes que viven en el Per\u00fa. Su historia de amor y su paso desde la ni\u00f1ez a la adolescencia revelan los cambios sufridos por este pa\u00eds durante los a\u00f1os ochenta. Para ellos, la \u00fanica manera de sobrevivir en medio de la violencia y la falta de oportunidades es a trav\u00e9s de su amor, una especie de refugio que tiene como patria un pa\u00eds imaginario llamado Tombuct\u00fa. Sin embargo, la realidad en la que viven intentar\u00e1 interponerse entre ellos para derrumbar su utop\u00eda.<br\/>Con subtitulos en griego e ingles.<br\/>Trailer: <a href=\"https:\/\/youtu.be\/FH2Uz2zWwNM\" target=\"_blank\" rel=\"noreferrer noopener\">https:\/\/youtu.be\/FH2Uz2zWwNM<\/a><\/p>\n\n<p><strong>Con el apoyo:<\/strong><br\/>Instituto Cervantes de Atenas, Embajada de M\u00e9xico en Atenas, IMCINE, Embajada de Per\u00fa en Atenas<\/p>\n<div class=\"wp-block-image\">\n<figure class=\"aligncenter size-large is-resized\"><img loading=\"lazy\" decoding=\"async\" src=\"https:\/\/fecha.gr\/wp-content\/uploads\/2022\/10\/dias-2022-new1-1-802x1024.jpg\" alt=\"\" class=\"wp-image-5374\" width=\"602\" height=\"768\" srcset=\"https:\/\/fecha.gr\/wp-content\/uploads\/2022\/10\/dias-2022-new1-1-802x1024.jpg 802w, https:\/\/fecha.gr\/wp-content\/uploads\/2022\/10\/dias-2022-new1-1-235x300.jpg 235w, https:\/\/fecha.gr\/wp-content\/uploads\/2022\/10\/dias-2022-new1-1-1203x1536.jpg 1203w, https:\/\/fecha.gr\/wp-content\/uploads\/2022\/10\/dias-2022-new1-1.jpg 1332w\" sizes=\"auto, (max-width: 602px) 100vw, 602px\" \/><\/figure>\n<\/div>","protected":false},"excerpt":{"rendered":"<p>El Festival de Cine Hispan\u00f3fono de Atenas \u2013 FeCHA presenta por tercer a\u00f1o los \u201cD\u00edas de Cine Hispan\u00f3fono\u201d del 12 al 14 de octubre de 2022, con motivo del \u201cD\u00eda de la Hispanidad\/D\u00eda del Respeto a la Diversidad Cultural\u201d.Durante los \u201cD\u00edas de Cine Hispan\u00f3fono\u201d se presentar\u00e1n 2 pel\u00edculas hispan\u00f3fonas, de M\u00e9xico y Per\u00fa, via intenet y gratuita en toda Grecia.Con&hellip;<\/p>\n","protected":false},"author":2,"featured_media":5365,"comment_status":"closed","ping_status":"closed","sticky":false,"template":"","format":"standard","meta":{"powered_cache_disable_cache":false,"footnotes":""},"categories":[31,138],"tags":[],"class_list":["post-5367","post","type-post","status-publish","format-standard","has-post-thumbnail","hentry","category-noticias","category-noticias-2022"],"yoast_head":"<!-- This site is optimized with the Yoast SEO plugin v27.5 - https:\/\/yoast.com\/product\/yoast-seo-wordpress\/ -->\n<title>D\u00edas de Cine Hispan\u00f3fono 2022 - FeCHA - Festival de Cine Hispan\u00f3fono de Atenas \/ Hispanic Film Festival of Athens<\/title>\n<meta name=\"robots\" content=\"index, follow, max-snippet:-1, max-image-preview:large, max-video-preview:-1\" \/>\n<link rel=\"canonical\" href=\"https:\/\/fecha.gr\/es\/5367\/dias-de-cine-hispanofono-2022\/\" \/>\n<meta property=\"og:locale\" content=\"es_ES\" \/>\n<meta property=\"og:type\" content=\"article\" \/>\n<meta property=\"og:title\" content=\"D\u00edas de Cine Hispan\u00f3fono 2022 - FeCHA - Festival de Cine Hispan\u00f3fono de Atenas \/ Hispanic Film Festival of Athens\" \/>\n<meta property=\"og:description\" content=\"El Festival de Cine Hispan\u00f3fono de Atenas \u2013 FeCHA presenta por tercer a\u00f1o los \u201cD\u00edas de Cine Hispan\u00f3fono\u201d del 12 al 14 de octubre de 2022, con motivo del \u201cD\u00eda de la Hispanidad\/D\u00eda del Respeto a la Diversidad Cultural\u201d.Durante los \u201cD\u00edas de Cine Hispan\u00f3fono\u201d se presentar\u00e1n 2 pel\u00edculas hispan\u00f3fonas, de M\u00e9xico y Per\u00fa, via intenet y gratuita en toda Grecia.Con&hellip;\" \/>\n<meta property=\"og:url\" content=\"https:\/\/fecha.gr\/es\/5367\/dias-de-cine-hispanofono-2022\/\" \/>\n<meta property=\"og:site_name\" content=\"FeCHA - Festival de Cine Hispan\u00f3fono de Atenas \/ Hispanic Film Festival of Athens\" \/>\n<meta property=\"article:published_time\" content=\"2022-10-04T08:49:17+00:00\" \/>\n<meta property=\"article:modified_time\" content=\"2022-10-05T07:21:11+00:00\" \/>\n<meta property=\"og:image\" content=\"https:\/\/fecha.gr\/wp-content\/uploads\/2022\/10\/leona-01-1600x900-c-default.jpg\" \/>\n\t<meta property=\"og:image:width\" content=\"1600\" \/>\n\t<meta property=\"og:image:height\" content=\"900\" \/>\n\t<meta property=\"og:image:type\" content=\"image\/jpeg\" \/>\n<meta name=\"author\" content=\"fes\" \/>\n<meta name=\"twitter:card\" content=\"summary_large_image\" \/>\n<script type=\"application\/ld+json\" class=\"yoast-schema-graph\">{\"@context\":\"https:\\\/\\\/schema.org\",\"@graph\":[{\"@type\":\"Article\",\"@id\":\"https:\\\/\\\/fecha.gr\\\/es\\\/5367\\\/dias-de-cine-hispanofono-2022\\\/#article\",\"isPartOf\":{\"@id\":\"https:\\\/\\\/fecha.gr\\\/es\\\/5367\\\/dias-de-cine-hispanofono-2022\\\/\"},\"author\":{\"name\":\"fes\",\"@id\":\"https:\\\/\\\/fecha.gr\\\/#\\\/schema\\\/person\\\/7aeeb4cb445b980097bd9e97d4cc2e8d\"},\"headline\":\"D\u00edas de Cine Hispan\u00f3fono 2022\",\"datePublished\":\"2022-10-04T08:49:17+00:00\",\"dateModified\":\"2022-10-05T07:21:11+00:00\",\"mainEntityOfPage\":{\"@id\":\"https:\\\/\\\/fecha.gr\\\/es\\\/5367\\\/dias-de-cine-hispanofono-2022\\\/\"},\"wordCount\":401,\"publisher\":{\"@id\":\"https:\\\/\\\/fecha.gr\\\/#organization\"},\"image\":{\"@id\":\"https:\\\/\\\/fecha.gr\\\/es\\\/5367\\\/dias-de-cine-hispanofono-2022\\\/#primaryimage\"},\"thumbnailUrl\":\"https:\\\/\\\/fecha.gr\\\/wp-content\\\/uploads\\\/2022\\\/10\\\/leona-01-1600x900-c-default.jpg\",\"articleSection\":[\"Noticias\",\"Noticias 2022\"],\"inLanguage\":\"es\"},{\"@type\":\"WebPage\",\"@id\":\"https:\\\/\\\/fecha.gr\\\/es\\\/5367\\\/dias-de-cine-hispanofono-2022\\\/\",\"url\":\"https:\\\/\\\/fecha.gr\\\/es\\\/5367\\\/dias-de-cine-hispanofono-2022\\\/\",\"name\":\"D\u00edas de Cine Hispan\u00f3fono 2022 - FeCHA - Festival de Cine Hispan\u00f3fono de Atenas \\\/ Hispanic Film Festival of Athens\",\"isPartOf\":{\"@id\":\"https:\\\/\\\/fecha.gr\\\/#website\"},\"primaryImageOfPage\":{\"@id\":\"https:\\\/\\\/fecha.gr\\\/es\\\/5367\\\/dias-de-cine-hispanofono-2022\\\/#primaryimage\"},\"image\":{\"@id\":\"https:\\\/\\\/fecha.gr\\\/es\\\/5367\\\/dias-de-cine-hispanofono-2022\\\/#primaryimage\"},\"thumbnailUrl\":\"https:\\\/\\\/fecha.gr\\\/wp-content\\\/uploads\\\/2022\\\/10\\\/leona-01-1600x900-c-default.jpg\",\"datePublished\":\"2022-10-04T08:49:17+00:00\",\"dateModified\":\"2022-10-05T07:21:11+00:00\",\"breadcrumb\":{\"@id\":\"https:\\\/\\\/fecha.gr\\\/es\\\/5367\\\/dias-de-cine-hispanofono-2022\\\/#breadcrumb\"},\"inLanguage\":\"es\",\"potentialAction\":[{\"@type\":\"ReadAction\",\"target\":[\"https:\\\/\\\/fecha.gr\\\/es\\\/5367\\\/dias-de-cine-hispanofono-2022\\\/\"]}]},{\"@type\":\"ImageObject\",\"inLanguage\":\"es\",\"@id\":\"https:\\\/\\\/fecha.gr\\\/es\\\/5367\\\/dias-de-cine-hispanofono-2022\\\/#primaryimage\",\"url\":\"https:\\\/\\\/fecha.gr\\\/wp-content\\\/uploads\\\/2022\\\/10\\\/leona-01-1600x900-c-default.jpg\",\"contentUrl\":\"https:\\\/\\\/fecha.gr\\\/wp-content\\\/uploads\\\/2022\\\/10\\\/leona-01-1600x900-c-default.jpg\",\"width\":1600,\"height\":900},{\"@type\":\"BreadcrumbList\",\"@id\":\"https:\\\/\\\/fecha.gr\\\/es\\\/5367\\\/dias-de-cine-hispanofono-2022\\\/#breadcrumb\",\"itemListElement\":[{\"@type\":\"ListItem\",\"position\":1,\"name\":\"Home\",\"item\":\"https:\\\/\\\/fecha.gr\\\/es\\\/coming-soon\\\/\"},{\"@type\":\"ListItem\",\"position\":2,\"name\":\"D\u00edas de Cine Hispan\u00f3fono 2022\"}]},{\"@type\":\"WebSite\",\"@id\":\"https:\\\/\\\/fecha.gr\\\/#website\",\"url\":\"https:\\\/\\\/fecha.gr\\\/\",\"name\":\"FeCHA - Festival de Cine Hispan\u00f3fono de Atenas \\\/ Hispanic Film Festival of Athens\",\"description\":\"\",\"publisher\":{\"@id\":\"https:\\\/\\\/fecha.gr\\\/#organization\"},\"potentialAction\":[{\"@type\":\"SearchAction\",\"target\":{\"@type\":\"EntryPoint\",\"urlTemplate\":\"https:\\\/\\\/fecha.gr\\\/?s={search_term_string}\"},\"query-input\":{\"@type\":\"PropertyValueSpecification\",\"valueRequired\":true,\"valueName\":\"search_term_string\"}}],\"inLanguage\":\"es\"},{\"@type\":\"Organization\",\"@id\":\"https:\\\/\\\/fecha.gr\\\/#organization\",\"name\":\"FeCHA - Festival de Cine Hispan\u00f3fono de Atenas\",\"url\":\"https:\\\/\\\/fecha.gr\\\/\",\"logo\":{\"@type\":\"ImageObject\",\"inLanguage\":\"es\",\"@id\":\"https:\\\/\\\/fecha.gr\\\/#\\\/schema\\\/logo\\\/image\\\/\",\"url\":\"https:\\\/\\\/fecha.gr\\\/wp-content\\\/uploads\\\/2016\\\/05\\\/favicon-fecha.png\",\"contentUrl\":\"https:\\\/\\\/fecha.gr\\\/wp-content\\\/uploads\\\/2016\\\/05\\\/favicon-fecha.png\",\"width\":1000,\"height\":1000,\"caption\":\"FeCHA - Festival de Cine Hispan\u00f3fono de Atenas\"},\"image\":{\"@id\":\"https:\\\/\\\/fecha.gr\\\/#\\\/schema\\\/logo\\\/image\\\/\"}},{\"@type\":\"Person\",\"@id\":\"https:\\\/\\\/fecha.gr\\\/#\\\/schema\\\/person\\\/7aeeb4cb445b980097bd9e97d4cc2e8d\",\"name\":\"fes\",\"url\":\"https:\\\/\\\/fecha.gr\\\/es\\\/author\\\/fes\\\/\"}]}<\/script>\n<!-- \/ Yoast SEO plugin. -->","yoast_head_json":{"title":"D\u00edas de Cine Hispan\u00f3fono 2022 - FeCHA - Festival de Cine Hispan\u00f3fono de Atenas \/ Hispanic Film Festival of Athens","robots":{"index":"index","follow":"follow","max-snippet":"max-snippet:-1","max-image-preview":"max-image-preview:large","max-video-preview":"max-video-preview:-1"},"canonical":"https:\/\/fecha.gr\/es\/5367\/dias-de-cine-hispanofono-2022\/","og_locale":"es_ES","og_type":"article","og_title":"D\u00edas de Cine Hispan\u00f3fono 2022 - FeCHA - Festival de Cine Hispan\u00f3fono de Atenas \/ Hispanic Film Festival of Athens","og_description":"El Festival de Cine Hispan\u00f3fono de Atenas \u2013 FeCHA presenta por tercer a\u00f1o los \u201cD\u00edas de Cine Hispan\u00f3fono\u201d del 12 al 14 de octubre de 2022, con motivo del \u201cD\u00eda de la Hispanidad\/D\u00eda del Respeto a la Diversidad Cultural\u201d.Durante los \u201cD\u00edas de Cine Hispan\u00f3fono\u201d se presentar\u00e1n 2 pel\u00edculas hispan\u00f3fonas, de M\u00e9xico y Per\u00fa, via intenet y gratuita en toda Grecia.Con&hellip;","og_url":"https:\/\/fecha.gr\/es\/5367\/dias-de-cine-hispanofono-2022\/","og_site_name":"FeCHA - Festival de Cine Hispan\u00f3fono de Atenas \/ Hispanic Film Festival of Athens","article_published_time":"2022-10-04T08:49:17+00:00","article_modified_time":"2022-10-05T07:21:11+00:00","og_image":[{"width":1600,"height":900,"url":"https:\/\/fecha.gr\/wp-content\/uploads\/2022\/10\/leona-01-1600x900-c-default.jpg","type":"image\/jpeg"}],"author":"fes","twitter_card":"summary_large_image","schema":{"@context":"https:\/\/schema.org","@graph":[{"@type":"Article","@id":"https:\/\/fecha.gr\/es\/5367\/dias-de-cine-hispanofono-2022\/#article","isPartOf":{"@id":"https:\/\/fecha.gr\/es\/5367\/dias-de-cine-hispanofono-2022\/"},"author":{"name":"fes","@id":"https:\/\/fecha.gr\/#\/schema\/person\/7aeeb4cb445b980097bd9e97d4cc2e8d"},"headline":"D\u00edas de Cine Hispan\u00f3fono 2022","datePublished":"2022-10-04T08:49:17+00:00","dateModified":"2022-10-05T07:21:11+00:00","mainEntityOfPage":{"@id":"https:\/\/fecha.gr\/es\/5367\/dias-de-cine-hispanofono-2022\/"},"wordCount":401,"publisher":{"@id":"https:\/\/fecha.gr\/#organization"},"image":{"@id":"https:\/\/fecha.gr\/es\/5367\/dias-de-cine-hispanofono-2022\/#primaryimage"},"thumbnailUrl":"https:\/\/fecha.gr\/wp-content\/uploads\/2022\/10\/leona-01-1600x900-c-default.jpg","articleSection":["Noticias","Noticias 2022"],"inLanguage":"es"},{"@type":"WebPage","@id":"https:\/\/fecha.gr\/es\/5367\/dias-de-cine-hispanofono-2022\/","url":"https:\/\/fecha.gr\/es\/5367\/dias-de-cine-hispanofono-2022\/","name":"D\u00edas de Cine Hispan\u00f3fono 2022 - FeCHA - Festival de Cine Hispan\u00f3fono de Atenas \/ Hispanic Film Festival of Athens","isPartOf":{"@id":"https:\/\/fecha.gr\/#website"},"primaryImageOfPage":{"@id":"https:\/\/fecha.gr\/es\/5367\/dias-de-cine-hispanofono-2022\/#primaryimage"},"image":{"@id":"https:\/\/fecha.gr\/es\/5367\/dias-de-cine-hispanofono-2022\/#primaryimage"},"thumbnailUrl":"https:\/\/fecha.gr\/wp-content\/uploads\/2022\/10\/leona-01-1600x900-c-default.jpg","datePublished":"2022-10-04T08:49:17+00:00","dateModified":"2022-10-05T07:21:11+00:00","breadcrumb":{"@id":"https:\/\/fecha.gr\/es\/5367\/dias-de-cine-hispanofono-2022\/#breadcrumb"},"inLanguage":"es","potentialAction":[{"@type":"ReadAction","target":["https:\/\/fecha.gr\/es\/5367\/dias-de-cine-hispanofono-2022\/"]}]},{"@type":"ImageObject","inLanguage":"es","@id":"https:\/\/fecha.gr\/es\/5367\/dias-de-cine-hispanofono-2022\/#primaryimage","url":"https:\/\/fecha.gr\/wp-content\/uploads\/2022\/10\/leona-01-1600x900-c-default.jpg","contentUrl":"https:\/\/fecha.gr\/wp-content\/uploads\/2022\/10\/leona-01-1600x900-c-default.jpg","width":1600,"height":900},{"@type":"BreadcrumbList","@id":"https:\/\/fecha.gr\/es\/5367\/dias-de-cine-hispanofono-2022\/#breadcrumb","itemListElement":[{"@type":"ListItem","position":1,"name":"Home","item":"https:\/\/fecha.gr\/es\/coming-soon\/"},{"@type":"ListItem","position":2,"name":"D\u00edas de Cine Hispan\u00f3fono 2022"}]},{"@type":"WebSite","@id":"https:\/\/fecha.gr\/#website","url":"https:\/\/fecha.gr\/","name":"FeCHA - Festival de Cine Hispan\u00f3fono de Atenas \/ Hispanic Film Festival of Athens","description":"","publisher":{"@id":"https:\/\/fecha.gr\/#organization"},"potentialAction":[{"@type":"SearchAction","target":{"@type":"EntryPoint","urlTemplate":"https:\/\/fecha.gr\/?s={search_term_string}"},"query-input":{"@type":"PropertyValueSpecification","valueRequired":true,"valueName":"search_term_string"}}],"inLanguage":"es"},{"@type":"Organization","@id":"https:\/\/fecha.gr\/#organization","name":"FeCHA - Festival de Cine Hispan\u00f3fono de Atenas","url":"https:\/\/fecha.gr\/","logo":{"@type":"ImageObject","inLanguage":"es","@id":"https:\/\/fecha.gr\/#\/schema\/logo\/image\/","url":"https:\/\/fecha.gr\/wp-content\/uploads\/2016\/05\/favicon-fecha.png","contentUrl":"https:\/\/fecha.gr\/wp-content\/uploads\/2016\/05\/favicon-fecha.png","width":1000,"height":1000,"caption":"FeCHA - Festival de Cine Hispan\u00f3fono de Atenas"},"image":{"@id":"https:\/\/fecha.gr\/#\/schema\/logo\/image\/"}},{"@type":"Person","@id":"https:\/\/fecha.gr\/#\/schema\/person\/7aeeb4cb445b980097bd9e97d4cc2e8d","name":"fes","url":"https:\/\/fecha.gr\/es\/author\/fes\/"}]}},"_links":{"self":[{"href":"https:\/\/fecha.gr\/es\/wp-json\/wp\/v2\/posts\/5367","targetHints":{"allow":["GET"]}}],"collection":[{"href":"https:\/\/fecha.gr\/es\/wp-json\/wp\/v2\/posts"}],"about":[{"href":"https:\/\/fecha.gr\/es\/wp-json\/wp\/v2\/types\/post"}],"author":[{"embeddable":true,"href":"https:\/\/fecha.gr\/es\/wp-json\/wp\/v2\/users\/2"}],"replies":[{"embeddable":true,"href":"https:\/\/fecha.gr\/es\/wp-json\/wp\/v2\/comments?post=5367"}],"version-history":[{"count":0,"href":"https:\/\/fecha.gr\/es\/wp-json\/wp\/v2\/posts\/5367\/revisions"}],"wp:featuredmedia":[{"embeddable":true,"href":"https:\/\/fecha.gr\/es\/wp-json\/wp\/v2\/media\/5365"}],"wp:attachment":[{"href":"https:\/\/fecha.gr\/es\/wp-json\/wp\/v2\/media?parent=5367"}],"wp:term":[{"taxonomy":"category","embeddable":true,"href":"https:\/\/fecha.gr\/es\/wp-json\/wp\/v2\/categories?post=5367"},{"taxonomy":"post_tag","embeddable":true,"href":"https:\/\/fecha.gr\/es\/wp-json\/wp\/v2\/tags?post=5367"}],"curies":[{"name":"wp","href":"https:\/\/api.w.org\/{rel}","templated":true}]}}