
{"id":4853,"date":"2022-05-16T11:14:48","date_gmt":"2022-05-16T08:14:48","guid":{"rendered":"https:\/\/fecha.gr\/4853\/6o-festival-de-cine-hispanofono-de-atenas-fecha\/"},"modified":"2022-05-16T11:14:51","modified_gmt":"2022-05-16T08:14:51","slug":"6o-festival-de-cine-hispanofono-de-atenas-fecha","status":"publish","type":"post","link":"https:\/\/fecha.gr\/es\/4853\/6o-festival-de-cine-hispanofono-de-atenas-fecha\/","title":{"rendered":"6\u00ba Festival de Cine Hispan\u00f3fono de Atenas \u2013 FeCHA"},"content":{"rendered":"\n<p>El Festival de Cine Hispan\u00f3fono de Atenas &#8211; FeCHA vuelve por sexto a\u00f1o consecutivo, con aroma de cine hispan\u00f3fono para marcar el inicio de la temporada de cine de verano, otro a\u00f1o m\u00e1s.<\/p>\n\n<p>Once pel\u00edculas de ficci\u00f3n, un homenaje a los Premios Goya 2022 con seis cortometrajes seleccionados, dos documentales sobre el medio ambiente y un homenaje al director mexicano Arturo Ripstein componen el carrusel del festival de cine hispan\u00f3fono favorito que han abrazado los habitantes de la ciudad.<\/p>\n\n<p>La sexta edici\u00f3n de FeCHA tendr\u00e1 lugar el 2 de junio con el estreno de la mejor pel\u00edcula espa\u00f1ola del a\u00f1o \u00ab<a href=\"https:\/\/fecha.gr\/es\/4768\/el-buen-patron\/\" target=\"_blank\" rel=\"noreferrer noopener\">El Buen Patr\u00f3n<\/a>\u00bb, \u00ab, gran ganadora de los Premios Goya de este a\u00f1o con Javier Bardem en el papel principal. La pel\u00edcula gan\u00f3 6 premios Goya incluyendo Mejor Pel\u00edcula, Mejor Director, Mejor Gui\u00f3n y Mejor Actor, mientras que hac\u00eda historia en la instituci\u00f3n espa\u00f1ola con un total de 20 nominaciones. El final de nuestra programaci\u00f3n de este a\u00f1o es la pel\u00edcula argentina \u00ab<a href=\"https:\/\/fecha.gr\/es\/4759\/competencia-oficial\/\" target=\"_blank\" rel=\"noreferrer noopener\">Competencia Oficial<\/a>\u00bb con Penelope Cruz y Antonio Banderas.<\/p>\n\n<p>El invitado especial del Festival, este a\u00f1o, es el director premiado Oscar Aibar, que presentar\u00e1 al p\u00fablico su nueva pel\u00edcula, \u00ab<a href=\"https:\/\/fecha.gr\/es\/4749\/el-sustituto\/\" target=\"_blank\" rel=\"noreferrer noopener\">El Sustituto<\/a>\u00bb, una historia inspirada en hechos reales que da su propio mensaje sobre el auge de la extrema derecha en Europa. Con el apoyo de Acci\u00f3n Cultural Espa\u00f1ola (AC\/E).<\/p>\n\n<figure class=\"wp-block-embed is-type-video is-provider-vimeo wp-block-embed-vimeo wp-embed-aspect-16-9 wp-has-aspect-ratio\"><div class=\"wp-block-embed__wrapper\">\n<div class=\"x-resp-embed x-is-video x-is-vimeo\"><iframe loading=\"lazy\" title=\"6\u03bf \u03a6\u03b5\u03c3\u03c4\u03b9\u03b2\u03ac\u03bb \u0399\u03c3\u03c0\u03b1\u03bd\u03cc\u03c6\u03c9\u03bd\u03bf\u03c5 \u039a\u03b9\u03bd\u03b7\u03bc\u03b1\u03c4\u03bf\u03b3\u03c1\u03ac\u03c6\u03bf\u03c5 \u0391\u03b8\u03ae\u03bd\u03b1\u03c2 - FeCHA | Trailer spot\" src=\"https:\/\/player.vimeo.com\/video\/710251460?dnt=1&amp;app_id=122963\" width=\"500\" height=\"281\" frameborder=\"0\" allow=\"autoplay; fullscreen; picture-in-picture; clipboard-write\"><\/iframe><\/div>\n<\/div><\/figure>\n\n<p>Una pel\u00edcula musical mexicana dram\u00e1tica, \u00ab<a href=\"https:\/\/fecha.gr\/es\/4730\/el-rey-de-todo-el-mundo\/\" target=\"_blank\" rel=\"noreferrer noopener\">El rey de todo el mundo<\/a>\u00bb, del director ganador del Festival de Cine de Cannes y Berl\u00edn, Carlos Saura, el estreno de la pelicula \u00ab<a href=\"https:\/\/fecha.gr\/es\/4739\/el-olvido-que-seremos\/\" target=\"_blank\" rel=\"noreferrer noopener\">El Olvido Que Seremos<\/a>\u00bb, adaptaci\u00f3n a la pantalla grande de la impactante novela del escritor colombiano H\u00e9ctor Abad Fassiolince, as\u00ed como las luchas contra la dictadura en Uruguay y El Salvador en las pel\u00edculas \u00ab<a href=\"https:\/\/fecha.gr\/es\/4711\/el-ano-de-la-furia\/\" target=\"_blank\" rel=\"noreferrer noopener\">El a\u00f1o de la furia<\/a>\u00bb y \u00ab<a href=\"https:\/\/fecha.gr\/es\/4720\/llegaron-de-noche\/\" target=\"_blank\" rel=\"noreferrer noopener\">Llegaron de Noche<\/a>\u00bb respectivamente, contin\u00faan el viaje cinematogr\u00e1fico de FeCHA por Centroam\u00e9rica y Sudam\u00e9rica.<\/p>\n\n<p>Cabe mencionar la divertida comedia negra \u00ab<a href=\"https:\/\/fecha.gr\/es\/4702\/las-mejores-familias\/\" target=\"_blank\" rel=\"noreferrer noopener\">Las Mejores Familias<\/a>\u00bb de Javier Fuentes-Le\u00f3n o \u00abPar\u00e1sitos del Per\u00fa\u00bb, pero tambi\u00e9n a la divertid\u00edsima comedia espa\u00f1ola \u00ab<a href=\"https:\/\/fecha.gr\/es\/4778\/mama-o-papa\/\" target=\"_blank\" rel=\"noreferrer noopener\">Mam\u00e1 o pap\u00e1<\/a>\u00bb de Dani de la Orden, adaptaci\u00f3n de su hom\u00f3nima comedia francesa de 2016.<\/p>\n\n<p>El programa de cortometrajes de <a href=\"https:\/\/fecha.gr\/es\/4839\/cortofecha-2022-homenaje-a-premios-goya-2022-9-junio\/\" target=\"_blank\" rel=\"noreferrer noopener\">cortoFeCHA<\/a> incluye un homenaje especial a los Premios Goya 2022 con una selecci\u00f3n de seis cortometrajes que han sido nominados o ganadores de un Premio Goya. Mientras que <a href=\"https:\/\/fecha.gr\/es\/4832\/docufecha-2022-10-de-junio\/\" target=\"_blank\" rel=\"noreferrer noopener\">docuFeCHA<\/a> se centra en el medio ambiente y la riqueza marina de los oc\u00e9anos, proyectando los documentales premiados \u00ab<a href=\"https:\/\/fecha.gr\/es\/4832\/docufecha-2022-10-de-junio\/\" target=\"_blank\" rel=\"noreferrer noopener\">Pacificum: El retorno al oc\u00e9ano<\/a>\u00bb y \u00ab<a href=\"https:\/\/fecha.gr\/es\/4832\/docufecha-2022-10-de-junio\/\" target=\"_blank\" rel=\"noreferrer noopener\">Una Isla en el Continente<\/a>\u00bb de Per\u00fa y M\u00e9xico. Las proyecciones de cortoFeCHA y docuFeCHA se realizar\u00e1n en la Uni\u00f3n Heleno &#8211; Americana con entrada gratuita.<\/p>\n\n<p>La sexta edici\u00f3n de FeCHA se enorgullece en presentar un mini homenaje al legendario director mexicano <a href=\"https:\/\/fecha.gr\/es\/4834\/homenaje-a-arturo-ripstein\/\" target=\"_blank\" rel=\"noreferrer noopener\">Arturo Ripstein<\/a> en colaboraci\u00f3n con la Embajada de M\u00e9xico en Grecia y el Instituto Mexicano de Cinematograf\u00eda (IMCINE). Pertenece a la generaci\u00f3n del Nuevo Cine Mexicano, ha colaborado con Bu\u00f1uel en \u00abEl \u00e1ngel exterminador\u00bb y debut\u00f3 como director con la pel\u00edcula Tiempo de morir (1965), escrita por Gabriel Garc\u00eda M\u00e1rquez y Carlos Fuentes. En el marco del homenaje, se proyectar\u00e1 la pel\u00edcula \u00ab<a href=\"https:\/\/fecha.gr\/es\/4834\/homenaje-a-arturo-ripstein\/\" target=\"_blank\" rel=\"noreferrer noopener\">El Castillo de la pureza<\/a>\u00bb, producida en 1973, que es considerada el \u00abColmillo\u00bb mexicano, se presentar\u00e1 en una proyecci\u00f3n previa al festival, el mi\u00e9rcoles 1ro de junio. El 15 de junio, en colaboraci\u00f3n con Athens Pride 2022, el verano cinematogr\u00e1fico de FeCHA concluir\u00e1 con una proyecci\u00f3n especial de \u00ab<a href=\"https:\/\/fecha.gr\/es\/4834\/homenaje-a-arturo-ripstein\/\" target=\"_blank\" rel=\"noreferrer noopener\">El lugar sin l\u00edmites<\/a>\u00bb, con entrada gratuita. Las proyecciones tendr\u00e1n lugar en Trianon Filmcentre Europa Cinemas.<\/p>\n\n<p><em>Acci\u00f3n Cultural Espa\u00f1ola (AC\/E) apoya al Festival a trav\u00e9s del Programa para la Internacionalizaci\u00f3n de la Cultura Espa\u00f1ola (PICE)<\/em><\/p>\n\n<div class=\"wp-block-image\"><figure class=\"aligncenter size-large\"><img loading=\"lazy\" decoding=\"async\" width=\"715\" height=\"1024\" src=\"https:\/\/fecha.gr\/wp-content\/uploads\/2022\/05\/35x50-poster-3-new-final-715x1024.jpg\" alt=\"\" class=\"wp-image-4843\" srcset=\"https:\/\/fecha.gr\/wp-content\/uploads\/2022\/05\/35x50-poster-3-new-final-715x1024.jpg 715w, https:\/\/fecha.gr\/wp-content\/uploads\/2022\/05\/35x50-poster-3-new-final-209x300.jpg 209w, https:\/\/fecha.gr\/wp-content\/uploads\/2022\/05\/35x50-poster-3-new-final-1072x1536.jpg 1072w, https:\/\/fecha.gr\/wp-content\/uploads\/2022\/05\/35x50-poster-3-new-final-1429x2048.jpg 1429w, https:\/\/fecha.gr\/wp-content\/uploads\/2022\/05\/35x50-poster-3-new-final-scaled.jpg 1786w\" sizes=\"auto, (max-width: 715px) 100vw, 715px\" \/><\/figure><\/div>\n","protected":false},"excerpt":{"rendered":"<p>El Festival de Cine Hispan\u00f3fono de Atenas &#8211; FeCHA vuelve por sexto a\u00f1o consecutivo, con aroma de cine hispan\u00f3fono para marcar el inicio de la temporada de cine de verano, otro a\u00f1o m\u00e1s. Once pel\u00edculas de ficci\u00f3n, un homenaje a los Premios Goya 2022 con seis cortometrajes seleccionados, dos documentales sobre el medio ambiente y un homenaje al director mexicano&hellip;<\/p>\n","protected":false},"author":2,"featured_media":4848,"comment_status":"closed","ping_status":"closed","sticky":false,"template":"","format":"standard","meta":{"powered_cache_disable_cache":false,"footnotes":""},"categories":[31,138],"tags":[],"class_list":["post-4853","post","type-post","status-publish","format-standard","has-post-thumbnail","hentry","category-noticias","category-noticias-2022"],"yoast_head":"<!-- This site is optimized with the Yoast SEO plugin v27.5 - https:\/\/yoast.com\/product\/yoast-seo-wordpress\/ -->\n<title>6\u00ba Festival de Cine Hispan\u00f3fono de Atenas \u2013 FeCHA - FeCHA - Festival de Cine Hispan\u00f3fono de Atenas \/ Hispanic Film Festival of Athens<\/title>\n<meta name=\"robots\" content=\"index, follow, max-snippet:-1, max-image-preview:large, max-video-preview:-1\" \/>\n<link rel=\"canonical\" href=\"https:\/\/fecha.gr\/es\/4853\/6o-festival-de-cine-hispanofono-de-atenas-fecha\/\" \/>\n<meta property=\"og:locale\" content=\"es_ES\" \/>\n<meta property=\"og:type\" content=\"article\" \/>\n<meta property=\"og:title\" content=\"6\u00ba Festival de Cine Hispan\u00f3fono de Atenas \u2013 FeCHA - FeCHA - Festival de Cine Hispan\u00f3fono de Atenas \/ Hispanic Film Festival of Athens\" \/>\n<meta property=\"og:description\" content=\"El Festival de Cine Hispan\u00f3fono de Atenas &#8211; FeCHA vuelve por sexto a\u00f1o consecutivo, con aroma de cine hispan\u00f3fono para marcar el inicio de la temporada de cine de verano, otro a\u00f1o m\u00e1s. Once pel\u00edculas de ficci\u00f3n, un homenaje a los Premios Goya 2022 con seis cortometrajes seleccionados, dos documentales sobre el medio ambiente y un homenaje al director mexicano&hellip;\" \/>\n<meta property=\"og:url\" content=\"https:\/\/fecha.gr\/es\/4853\/6o-festival-de-cine-hispanofono-de-atenas-fecha\/\" \/>\n<meta property=\"og:site_name\" content=\"FeCHA - Festival de Cine Hispan\u00f3fono de Atenas \/ Hispanic Film Festival of Athens\" \/>\n<meta property=\"article:published_time\" content=\"2022-05-16T08:14:48+00:00\" \/>\n<meta property=\"article:modified_time\" content=\"2022-05-16T08:14:51+00:00\" \/>\n<meta property=\"og:image\" content=\"https:\/\/fecha.gr\/wp-content\/uploads\/2022\/05\/1920x1080-afisa.jpg\" \/>\n\t<meta property=\"og:image:width\" content=\"1920\" \/>\n\t<meta property=\"og:image:height\" content=\"1080\" \/>\n\t<meta property=\"og:image:type\" content=\"image\/jpeg\" \/>\n<meta name=\"author\" content=\"fes\" \/>\n<meta name=\"twitter:card\" content=\"summary_large_image\" \/>\n<script type=\"application\/ld+json\" class=\"yoast-schema-graph\">{\"@context\":\"https:\\\/\\\/schema.org\",\"@graph\":[{\"@type\":\"Article\",\"@id\":\"https:\\\/\\\/fecha.gr\\\/es\\\/4853\\\/6o-festival-de-cine-hispanofono-de-atenas-fecha\\\/#article\",\"isPartOf\":{\"@id\":\"https:\\\/\\\/fecha.gr\\\/es\\\/4853\\\/6o-festival-de-cine-hispanofono-de-atenas-fecha\\\/\"},\"author\":{\"name\":\"fes\",\"@id\":\"https:\\\/\\\/fecha.gr\\\/#\\\/schema\\\/person\\\/7aeeb4cb445b980097bd9e97d4cc2e8d\"},\"headline\":\"6\u00ba Festival de Cine Hispan\u00f3fono de Atenas \u2013 FeCHA\",\"datePublished\":\"2022-05-16T08:14:48+00:00\",\"dateModified\":\"2022-05-16T08:14:51+00:00\",\"mainEntityOfPage\":{\"@id\":\"https:\\\/\\\/fecha.gr\\\/es\\\/4853\\\/6o-festival-de-cine-hispanofono-de-atenas-fecha\\\/\"},\"wordCount\":662,\"publisher\":{\"@id\":\"https:\\\/\\\/fecha.gr\\\/#organization\"},\"image\":{\"@id\":\"https:\\\/\\\/fecha.gr\\\/es\\\/4853\\\/6o-festival-de-cine-hispanofono-de-atenas-fecha\\\/#primaryimage\"},\"thumbnailUrl\":\"https:\\\/\\\/fecha.gr\\\/wp-content\\\/uploads\\\/2022\\\/05\\\/1920x1080-afisa.jpg\",\"articleSection\":[\"Noticias\",\"Noticias 2022\"],\"inLanguage\":\"es\"},{\"@type\":\"WebPage\",\"@id\":\"https:\\\/\\\/fecha.gr\\\/es\\\/4853\\\/6o-festival-de-cine-hispanofono-de-atenas-fecha\\\/\",\"url\":\"https:\\\/\\\/fecha.gr\\\/es\\\/4853\\\/6o-festival-de-cine-hispanofono-de-atenas-fecha\\\/\",\"name\":\"6\u00ba Festival de Cine Hispan\u00f3fono de Atenas \u2013 FeCHA - FeCHA - Festival de Cine Hispan\u00f3fono de Atenas \\\/ Hispanic Film Festival of Athens\",\"isPartOf\":{\"@id\":\"https:\\\/\\\/fecha.gr\\\/#website\"},\"primaryImageOfPage\":{\"@id\":\"https:\\\/\\\/fecha.gr\\\/es\\\/4853\\\/6o-festival-de-cine-hispanofono-de-atenas-fecha\\\/#primaryimage\"},\"image\":{\"@id\":\"https:\\\/\\\/fecha.gr\\\/es\\\/4853\\\/6o-festival-de-cine-hispanofono-de-atenas-fecha\\\/#primaryimage\"},\"thumbnailUrl\":\"https:\\\/\\\/fecha.gr\\\/wp-content\\\/uploads\\\/2022\\\/05\\\/1920x1080-afisa.jpg\",\"datePublished\":\"2022-05-16T08:14:48+00:00\",\"dateModified\":\"2022-05-16T08:14:51+00:00\",\"breadcrumb\":{\"@id\":\"https:\\\/\\\/fecha.gr\\\/es\\\/4853\\\/6o-festival-de-cine-hispanofono-de-atenas-fecha\\\/#breadcrumb\"},\"inLanguage\":\"es\",\"potentialAction\":[{\"@type\":\"ReadAction\",\"target\":[\"https:\\\/\\\/fecha.gr\\\/es\\\/4853\\\/6o-festival-de-cine-hispanofono-de-atenas-fecha\\\/\"]}]},{\"@type\":\"ImageObject\",\"inLanguage\":\"es\",\"@id\":\"https:\\\/\\\/fecha.gr\\\/es\\\/4853\\\/6o-festival-de-cine-hispanofono-de-atenas-fecha\\\/#primaryimage\",\"url\":\"https:\\\/\\\/fecha.gr\\\/wp-content\\\/uploads\\\/2022\\\/05\\\/1920x1080-afisa.jpg\",\"contentUrl\":\"https:\\\/\\\/fecha.gr\\\/wp-content\\\/uploads\\\/2022\\\/05\\\/1920x1080-afisa.jpg\",\"width\":1920,\"height\":1080},{\"@type\":\"BreadcrumbList\",\"@id\":\"https:\\\/\\\/fecha.gr\\\/es\\\/4853\\\/6o-festival-de-cine-hispanofono-de-atenas-fecha\\\/#breadcrumb\",\"itemListElement\":[{\"@type\":\"ListItem\",\"position\":1,\"name\":\"Home\",\"item\":\"https:\\\/\\\/fecha.gr\\\/es\\\/coming-soon\\\/\"},{\"@type\":\"ListItem\",\"position\":2,\"name\":\"6\u00ba Festival de Cine Hispan\u00f3fono de Atenas \u2013 FeCHA\"}]},{\"@type\":\"WebSite\",\"@id\":\"https:\\\/\\\/fecha.gr\\\/#website\",\"url\":\"https:\\\/\\\/fecha.gr\\\/\",\"name\":\"FeCHA - Festival de Cine Hispan\u00f3fono de Atenas \\\/ Hispanic Film Festival of Athens\",\"description\":\"\",\"publisher\":{\"@id\":\"https:\\\/\\\/fecha.gr\\\/#organization\"},\"potentialAction\":[{\"@type\":\"SearchAction\",\"target\":{\"@type\":\"EntryPoint\",\"urlTemplate\":\"https:\\\/\\\/fecha.gr\\\/?s={search_term_string}\"},\"query-input\":{\"@type\":\"PropertyValueSpecification\",\"valueRequired\":true,\"valueName\":\"search_term_string\"}}],\"inLanguage\":\"es\"},{\"@type\":\"Organization\",\"@id\":\"https:\\\/\\\/fecha.gr\\\/#organization\",\"name\":\"FeCHA - Festival de Cine Hispan\u00f3fono de Atenas\",\"url\":\"https:\\\/\\\/fecha.gr\\\/\",\"logo\":{\"@type\":\"ImageObject\",\"inLanguage\":\"es\",\"@id\":\"https:\\\/\\\/fecha.gr\\\/#\\\/schema\\\/logo\\\/image\\\/\",\"url\":\"https:\\\/\\\/fecha.gr\\\/wp-content\\\/uploads\\\/2016\\\/05\\\/favicon-fecha.png\",\"contentUrl\":\"https:\\\/\\\/fecha.gr\\\/wp-content\\\/uploads\\\/2016\\\/05\\\/favicon-fecha.png\",\"width\":1000,\"height\":1000,\"caption\":\"FeCHA - Festival de Cine Hispan\u00f3fono de Atenas\"},\"image\":{\"@id\":\"https:\\\/\\\/fecha.gr\\\/#\\\/schema\\\/logo\\\/image\\\/\"}},{\"@type\":\"Person\",\"@id\":\"https:\\\/\\\/fecha.gr\\\/#\\\/schema\\\/person\\\/7aeeb4cb445b980097bd9e97d4cc2e8d\",\"name\":\"fes\",\"url\":\"https:\\\/\\\/fecha.gr\\\/es\\\/author\\\/fes\\\/\"}]}<\/script>\n<!-- \/ Yoast SEO plugin. -->","yoast_head_json":{"title":"6\u00ba Festival de Cine Hispan\u00f3fono de Atenas \u2013 FeCHA - FeCHA - Festival de Cine Hispan\u00f3fono de Atenas \/ Hispanic Film Festival of Athens","robots":{"index":"index","follow":"follow","max-snippet":"max-snippet:-1","max-image-preview":"max-image-preview:large","max-video-preview":"max-video-preview:-1"},"canonical":"https:\/\/fecha.gr\/es\/4853\/6o-festival-de-cine-hispanofono-de-atenas-fecha\/","og_locale":"es_ES","og_type":"article","og_title":"6\u00ba Festival de Cine Hispan\u00f3fono de Atenas \u2013 FeCHA - FeCHA - Festival de Cine Hispan\u00f3fono de Atenas \/ Hispanic Film Festival of Athens","og_description":"El Festival de Cine Hispan\u00f3fono de Atenas &#8211; FeCHA vuelve por sexto a\u00f1o consecutivo, con aroma de cine hispan\u00f3fono para marcar el inicio de la temporada de cine de verano, otro a\u00f1o m\u00e1s. Once pel\u00edculas de ficci\u00f3n, un homenaje a los Premios Goya 2022 con seis cortometrajes seleccionados, dos documentales sobre el medio ambiente y un homenaje al director mexicano&hellip;","og_url":"https:\/\/fecha.gr\/es\/4853\/6o-festival-de-cine-hispanofono-de-atenas-fecha\/","og_site_name":"FeCHA - Festival de Cine Hispan\u00f3fono de Atenas \/ Hispanic Film Festival of Athens","article_published_time":"2022-05-16T08:14:48+00:00","article_modified_time":"2022-05-16T08:14:51+00:00","og_image":[{"width":1920,"height":1080,"url":"https:\/\/fecha.gr\/wp-content\/uploads\/2022\/05\/1920x1080-afisa.jpg","type":"image\/jpeg"}],"author":"fes","twitter_card":"summary_large_image","schema":{"@context":"https:\/\/schema.org","@graph":[{"@type":"Article","@id":"https:\/\/fecha.gr\/es\/4853\/6o-festival-de-cine-hispanofono-de-atenas-fecha\/#article","isPartOf":{"@id":"https:\/\/fecha.gr\/es\/4853\/6o-festival-de-cine-hispanofono-de-atenas-fecha\/"},"author":{"name":"fes","@id":"https:\/\/fecha.gr\/#\/schema\/person\/7aeeb4cb445b980097bd9e97d4cc2e8d"},"headline":"6\u00ba Festival de Cine Hispan\u00f3fono de Atenas \u2013 FeCHA","datePublished":"2022-05-16T08:14:48+00:00","dateModified":"2022-05-16T08:14:51+00:00","mainEntityOfPage":{"@id":"https:\/\/fecha.gr\/es\/4853\/6o-festival-de-cine-hispanofono-de-atenas-fecha\/"},"wordCount":662,"publisher":{"@id":"https:\/\/fecha.gr\/#organization"},"image":{"@id":"https:\/\/fecha.gr\/es\/4853\/6o-festival-de-cine-hispanofono-de-atenas-fecha\/#primaryimage"},"thumbnailUrl":"https:\/\/fecha.gr\/wp-content\/uploads\/2022\/05\/1920x1080-afisa.jpg","articleSection":["Noticias","Noticias 2022"],"inLanguage":"es"},{"@type":"WebPage","@id":"https:\/\/fecha.gr\/es\/4853\/6o-festival-de-cine-hispanofono-de-atenas-fecha\/","url":"https:\/\/fecha.gr\/es\/4853\/6o-festival-de-cine-hispanofono-de-atenas-fecha\/","name":"6\u00ba Festival de Cine Hispan\u00f3fono de Atenas \u2013 FeCHA - FeCHA - Festival de Cine Hispan\u00f3fono de Atenas \/ Hispanic Film Festival of Athens","isPartOf":{"@id":"https:\/\/fecha.gr\/#website"},"primaryImageOfPage":{"@id":"https:\/\/fecha.gr\/es\/4853\/6o-festival-de-cine-hispanofono-de-atenas-fecha\/#primaryimage"},"image":{"@id":"https:\/\/fecha.gr\/es\/4853\/6o-festival-de-cine-hispanofono-de-atenas-fecha\/#primaryimage"},"thumbnailUrl":"https:\/\/fecha.gr\/wp-content\/uploads\/2022\/05\/1920x1080-afisa.jpg","datePublished":"2022-05-16T08:14:48+00:00","dateModified":"2022-05-16T08:14:51+00:00","breadcrumb":{"@id":"https:\/\/fecha.gr\/es\/4853\/6o-festival-de-cine-hispanofono-de-atenas-fecha\/#breadcrumb"},"inLanguage":"es","potentialAction":[{"@type":"ReadAction","target":["https:\/\/fecha.gr\/es\/4853\/6o-festival-de-cine-hispanofono-de-atenas-fecha\/"]}]},{"@type":"ImageObject","inLanguage":"es","@id":"https:\/\/fecha.gr\/es\/4853\/6o-festival-de-cine-hispanofono-de-atenas-fecha\/#primaryimage","url":"https:\/\/fecha.gr\/wp-content\/uploads\/2022\/05\/1920x1080-afisa.jpg","contentUrl":"https:\/\/fecha.gr\/wp-content\/uploads\/2022\/05\/1920x1080-afisa.jpg","width":1920,"height":1080},{"@type":"BreadcrumbList","@id":"https:\/\/fecha.gr\/es\/4853\/6o-festival-de-cine-hispanofono-de-atenas-fecha\/#breadcrumb","itemListElement":[{"@type":"ListItem","position":1,"name":"Home","item":"https:\/\/fecha.gr\/es\/coming-soon\/"},{"@type":"ListItem","position":2,"name":"6\u00ba Festival de Cine Hispan\u00f3fono de Atenas \u2013 FeCHA"}]},{"@type":"WebSite","@id":"https:\/\/fecha.gr\/#website","url":"https:\/\/fecha.gr\/","name":"FeCHA - Festival de Cine Hispan\u00f3fono de Atenas \/ Hispanic Film Festival of Athens","description":"","publisher":{"@id":"https:\/\/fecha.gr\/#organization"},"potentialAction":[{"@type":"SearchAction","target":{"@type":"EntryPoint","urlTemplate":"https:\/\/fecha.gr\/?s={search_term_string}"},"query-input":{"@type":"PropertyValueSpecification","valueRequired":true,"valueName":"search_term_string"}}],"inLanguage":"es"},{"@type":"Organization","@id":"https:\/\/fecha.gr\/#organization","name":"FeCHA - Festival de Cine Hispan\u00f3fono de Atenas","url":"https:\/\/fecha.gr\/","logo":{"@type":"ImageObject","inLanguage":"es","@id":"https:\/\/fecha.gr\/#\/schema\/logo\/image\/","url":"https:\/\/fecha.gr\/wp-content\/uploads\/2016\/05\/favicon-fecha.png","contentUrl":"https:\/\/fecha.gr\/wp-content\/uploads\/2016\/05\/favicon-fecha.png","width":1000,"height":1000,"caption":"FeCHA - Festival de Cine Hispan\u00f3fono de Atenas"},"image":{"@id":"https:\/\/fecha.gr\/#\/schema\/logo\/image\/"}},{"@type":"Person","@id":"https:\/\/fecha.gr\/#\/schema\/person\/7aeeb4cb445b980097bd9e97d4cc2e8d","name":"fes","url":"https:\/\/fecha.gr\/es\/author\/fes\/"}]}},"_links":{"self":[{"href":"https:\/\/fecha.gr\/es\/wp-json\/wp\/v2\/posts\/4853","targetHints":{"allow":["GET"]}}],"collection":[{"href":"https:\/\/fecha.gr\/es\/wp-json\/wp\/v2\/posts"}],"about":[{"href":"https:\/\/fecha.gr\/es\/wp-json\/wp\/v2\/types\/post"}],"author":[{"embeddable":true,"href":"https:\/\/fecha.gr\/es\/wp-json\/wp\/v2\/users\/2"}],"replies":[{"embeddable":true,"href":"https:\/\/fecha.gr\/es\/wp-json\/wp\/v2\/comments?post=4853"}],"version-history":[{"count":0,"href":"https:\/\/fecha.gr\/es\/wp-json\/wp\/v2\/posts\/4853\/revisions"}],"wp:featuredmedia":[{"embeddable":true,"href":"https:\/\/fecha.gr\/es\/wp-json\/wp\/v2\/media\/4848"}],"wp:attachment":[{"href":"https:\/\/fecha.gr\/es\/wp-json\/wp\/v2\/media?parent=4853"}],"wp:term":[{"taxonomy":"category","embeddable":true,"href":"https:\/\/fecha.gr\/es\/wp-json\/wp\/v2\/categories?post=4853"},{"taxonomy":"post_tag","embeddable":true,"href":"https:\/\/fecha.gr\/es\/wp-json\/wp\/v2\/tags?post=4853"}],"curies":[{"name":"wp","href":"https:\/\/api.w.org\/{rel}","templated":true}]}}