
{"id":4163,"date":"2021-06-09T21:09:18","date_gmt":"2021-06-09T18:09:18","guid":{"rendered":"https:\/\/fecha.gr\/4163\/diversidad-5-6-ioylioy-sto-trianon\/"},"modified":"2021-06-11T14:00:15","modified_gmt":"2021-06-11T11:00:15","slug":"diversidad-5-6-ioylioy-sto-trianon","status":"publish","type":"post","link":"https:\/\/fecha.gr\/es\/4163\/diversidad-5-6-ioylioy-sto-trianon\/","title":{"rendered":"Diversidad | del 5 al 6 de julio en el cine Trian\u00f3n"},"content":{"rendered":"\n<p>Del 5 al 6 de julio en el cine Trian\u00f3n (\u039a\u03bfdrigktonos 21 (Patision 101), \u0391tenas, \u039cetro: estaci\u00f3n Victoria) se proyectar\u00e1n con entrada gratuita al p\u00fablico, dos pel\u00edculas mexicanas, \u201cTe Prometo Anarqu\u00eda\u201d y \u201cMade in Bangkok\u201d.<\/p>\n\n<p>Las proyecciones van acompa\u00f1adas de cortometrajes del programa Diversidad III, del Festival de Cine Hispan\u00f3fono de Atenas \u2013 FeCHA.<\/p>\n\n<p>El programa es el siguiente:<\/p>\n\n<h2 class=\"wp-block-heading\">lunes 5 de julio<\/h2>\n\n<p><strong>21.00&#13;\nTe prometo anarqu\u00eda (Julio Hern\u00e1ndez Cord\u00f3n, M\u00e9xico, 2015, 88&#8242;)<\/strong><\/p>\n\n<figure class=\"wp-block-image size-large is-resized\"><img loading=\"lazy\" decoding=\"async\" src=\"https:\/\/fecha.gr\/wp-content\/uploads\/2021\/06\/6d47dd98126f09d632314c4c6dbbb909.jpg\" alt=\"\" class=\"wp-image-4329\" width=\"524\" height=\"298\" srcset=\"https:\/\/fecha.gr\/wp-content\/uploads\/2021\/06\/6d47dd98126f09d632314c4c6dbbb909.jpg 833w, https:\/\/fecha.gr\/wp-content\/uploads\/2021\/06\/6d47dd98126f09d632314c4c6dbbb909-300x170.jpg 300w\" sizes=\"auto, (max-width: 524px) 100vw, 524px\" \/><\/figure>\n<p>Miguel y Johnny son amigos y amantes, se conocen desde la infancia y pasan el tiempo patinando con sus amigos en las calles de la Ciudad de M\u00e9xico. Venden su propia sangre y consiguen donadores para el mercado negro. Pero una transacci\u00f3n grande de sangre termina mal para todos los involucrados.<\/p>\n\n<p><strong>23.00&#13;\n<a href=\"https:\/\/fecha.gr\/es\/4048\/diversidad-iii-proyecciones-en-linea-gratuitas\/\" target=\"_blank\" rel=\"noreferrer noopener\">Cortometrajes (50&#8242;)<\/a><\/strong><\/p>\n\n<figure class=\"wp-block-image size-large is-resized\"><img loading=\"lazy\" decoding=\"async\" src=\"https:\/\/fecha.gr\/wp-content\/uploads\/2021\/06\/limites-1024x503.jpg\" alt=\"\" class=\"wp-image-4036\" width=\"512\" height=\"252\" srcset=\"https:\/\/fecha.gr\/wp-content\/uploads\/2021\/06\/limites-1024x503.jpg 1024w, https:\/\/fecha.gr\/wp-content\/uploads\/2021\/06\/limites-300x147.jpg 300w, https:\/\/fecha.gr\/wp-content\/uploads\/2021\/06\/limites-1536x755.jpg 1536w, https:\/\/fecha.gr\/wp-content\/uploads\/2021\/06\/limites-2048x1006.jpg 2048w\" sizes=\"auto, (max-width: 512px) 100vw, 512px\" \/><\/figure>\n<ul class=\"wp-block-list\"><li>L\u00edmites (Jos\u00e9 Antonio Valera, Espa\u00f1a, 2020, 10\u2019)<\/li><li>Rocky (Dani Segu\u00ed, Espa\u00f1a, 2020, 11\u2019)<\/li><li>Tres Veces (Paco Ruiz, Espa\u00f1a, 2020, 20\u2019)<\/li><li>Antes De La Erupci\u00f3n (Roberto Perez Toledo, Espa\u00f1a, 2020, 10\u2019)<\/li><\/ul>\n<h2 class=\"wp-block-heading\">martes 6 de julio<\/h2>\n\n<p><strong>21.00&#13;\nMade In Bangkok (Flavio Florencio, M\u00e9xico\/Tailandia\/Alemania, 2015, 75&#8242;)<\/strong><\/p>\n\n<figure class=\"wp-block-image size-large is-resized\"><img loading=\"lazy\" decoding=\"async\" src=\"https:\/\/fecha.gr\/wp-content\/uploads\/2021\/06\/madeinbangkok-04-1024x576.jpg\" alt=\"\" class=\"wp-image-4326\" width=\"512\" height=\"288\" srcset=\"https:\/\/fecha.gr\/wp-content\/uploads\/2021\/06\/madeinbangkok-04-1024x576.jpg 1024w, https:\/\/fecha.gr\/wp-content\/uploads\/2021\/06\/madeinbangkok-04-300x169.jpg 300w, https:\/\/fecha.gr\/wp-content\/uploads\/2021\/06\/madeinbangkok-04-1536x864.jpg 1536w, https:\/\/fecha.gr\/wp-content\/uploads\/2021\/06\/madeinbangkok-04.jpg 1600w\" sizes=\"auto, (max-width: 512px) 100vw, 512px\" \/><\/figure>\n<p>Morganna, una mujer mexicana y transg\u00e9nero cruza el mundo para luchar por su sue\u00f1o: una operaci\u00f3n de cambio de sexo. Un concurso de belleza en Bangkok es su \u00fanica carta en una jugada entre incierta y arriesgada. Morganna tendr\u00e1 que enfrentarse al mayor dilema de los tiempos modernos, autoafirmar su identidad a pesar de quienes no la aceptan, a cambio de una vida en el enga\u00f1o.<\/p>\n\n<p><strong>22.45&#13;\n<a href=\"https:\/\/fecha.gr\/es\/4048\/diversidad-iii-proyecciones-en-linea-gratuitas\/\" target=\"_blank\" rel=\"noreferrer noopener\">Cortometrajes (60&#8242;)<\/a><\/strong><\/p>\n\n<figure class=\"wp-block-image size-large is-resized\"><img loading=\"lazy\" decoding=\"async\" src=\"https:\/\/fecha.gr\/wp-content\/uploads\/2021\/06\/lila-fotograma-04a-1024x457.jpg\" alt=\"\" class=\"wp-image-4012\" width=\"512\" height=\"229\" srcset=\"https:\/\/fecha.gr\/wp-content\/uploads\/2021\/06\/lila-fotograma-04a-1024x457.jpg 1024w, https:\/\/fecha.gr\/wp-content\/uploads\/2021\/06\/lila-fotograma-04a-300x134.jpg 300w, https:\/\/fecha.gr\/wp-content\/uploads\/2021\/06\/lila-fotograma-04a-1536x685.jpg 1536w, https:\/\/fecha.gr\/wp-content\/uploads\/2021\/06\/lila-fotograma-04a.jpg 2000w\" sizes=\"auto, (max-width: 512px) 100vw, 512px\" \/><\/figure>\n<ul class=\"wp-block-list\"><li>R\u00edo (Marco Buontempo, Argentina, 2020, 25\u2019)<\/li><li>Contigo Viv\u00ed Una Vida (Elena Martinez Santos, Espa\u00f1a, 2019, 15\u2019)<\/li><li>Lila (Lamberto Guerra, Espa\u00f1a, 2020, 20\u2019)<\/li><\/ul>\n<p><\/p>\n","protected":false},"excerpt":{"rendered":"<p>Del 5 al 6 de julio en el cine Trian\u00f3n (\u039a\u03bfdrigktonos 21 (Patision 101), \u0391tenas, \u039cetro: estaci\u00f3n Victoria) se proyectar\u00e1n con entrada gratuita al p\u00fablico, dos pel\u00edculas mexicanas, \u201cTe Prometo Anarqu\u00eda\u201d y \u201cMade in Bangkok\u201d. Las proyecciones van acompa\u00f1adas de cortometrajes del programa Diversidad III, del Festival de Cine Hispan\u00f3fono de Atenas \u2013 FeCHA. El programa es el siguiente: lunes&hellip;<\/p>\n","protected":false},"author":2,"featured_media":4328,"comment_status":"closed","ping_status":"closed","sticky":false,"template":"","format":"standard","meta":{"powered_cache_disable_cache":false,"footnotes":""},"categories":[31,129],"tags":[],"class_list":["post-4163","post","type-post","status-publish","format-standard","has-post-thumbnail","hentry","category-noticias","category-noticias-2021"],"yoast_head":"<!-- This site is optimized with the Yoast SEO plugin v27.5 - https:\/\/yoast.com\/product\/yoast-seo-wordpress\/ -->\n<title>Diversidad | del 5 al 6 de julio en el cine Trian\u00f3n - FeCHA - Festival de Cine Hispan\u00f3fono de Atenas \/ Hispanic Film Festival of Athens<\/title>\n<meta name=\"robots\" content=\"index, follow, max-snippet:-1, max-image-preview:large, max-video-preview:-1\" \/>\n<link rel=\"canonical\" href=\"https:\/\/fecha.gr\/es\/4163\/diversidad-5-6-ioylioy-sto-trianon\/\" \/>\n<meta property=\"og:locale\" content=\"es_ES\" \/>\n<meta property=\"og:type\" content=\"article\" \/>\n<meta property=\"og:title\" content=\"Diversidad | del 5 al 6 de julio en el cine Trian\u00f3n - FeCHA - Festival de Cine Hispan\u00f3fono de Atenas \/ Hispanic Film Festival of Athens\" \/>\n<meta property=\"og:description\" content=\"Del 5 al 6 de julio en el cine Trian\u00f3n (\u039a\u03bfdrigktonos 21 (Patision 101), \u0391tenas, \u039cetro: estaci\u00f3n Victoria) se proyectar\u00e1n con entrada gratuita al p\u00fablico, dos pel\u00edculas mexicanas, \u201cTe Prometo Anarqu\u00eda\u201d y \u201cMade in Bangkok\u201d. Las proyecciones van acompa\u00f1adas de cortometrajes del programa Diversidad III, del Festival de Cine Hispan\u00f3fono de Atenas \u2013 FeCHA. El programa es el siguiente: lunes&hellip;\" \/>\n<meta property=\"og:url\" content=\"https:\/\/fecha.gr\/es\/4163\/diversidad-5-6-ioylioy-sto-trianon\/\" \/>\n<meta property=\"og:site_name\" content=\"FeCHA - Festival de Cine Hispan\u00f3fono de Atenas \/ Hispanic Film Festival of Athens\" \/>\n<meta property=\"article:published_time\" content=\"2021-06-09T18:09:18+00:00\" \/>\n<meta property=\"article:modified_time\" content=\"2021-06-11T11:00:15+00:00\" \/>\n<meta property=\"og:image\" content=\"https:\/\/fecha.gr\/wp-content\/uploads\/2021\/06\/madeinbangkok-04.jpg\" \/>\n\t<meta property=\"og:image:width\" content=\"1600\" \/>\n\t<meta property=\"og:image:height\" content=\"900\" \/>\n\t<meta property=\"og:image:type\" content=\"image\/jpeg\" \/>\n<meta name=\"author\" content=\"fes\" \/>\n<meta name=\"twitter:card\" content=\"summary_large_image\" \/>\n<script type=\"application\/ld+json\" class=\"yoast-schema-graph\">{\"@context\":\"https:\\\/\\\/schema.org\",\"@graph\":[{\"@type\":\"Article\",\"@id\":\"https:\\\/\\\/fecha.gr\\\/es\\\/4163\\\/diversidad-5-6-ioylioy-sto-trianon\\\/#article\",\"isPartOf\":{\"@id\":\"https:\\\/\\\/fecha.gr\\\/es\\\/4163\\\/diversidad-5-6-ioylioy-sto-trianon\\\/\"},\"author\":{\"name\":\"fes\",\"@id\":\"https:\\\/\\\/fecha.gr\\\/#\\\/schema\\\/person\\\/7aeeb4cb445b980097bd9e97d4cc2e8d\"},\"headline\":\"Diversidad | del 5 al 6 de julio en el cine Trian\u00f3n\",\"datePublished\":\"2021-06-09T18:09:18+00:00\",\"dateModified\":\"2021-06-11T11:00:15+00:00\",\"mainEntityOfPage\":{\"@id\":\"https:\\\/\\\/fecha.gr\\\/es\\\/4163\\\/diversidad-5-6-ioylioy-sto-trianon\\\/\"},\"wordCount\":270,\"publisher\":{\"@id\":\"https:\\\/\\\/fecha.gr\\\/#organization\"},\"image\":{\"@id\":\"https:\\\/\\\/fecha.gr\\\/es\\\/4163\\\/diversidad-5-6-ioylioy-sto-trianon\\\/#primaryimage\"},\"thumbnailUrl\":\"https:\\\/\\\/fecha.gr\\\/wp-content\\\/uploads\\\/2021\\\/06\\\/madeinbangkok-04.jpg\",\"articleSection\":[\"Noticias\",\"Noticias 2021\"],\"inLanguage\":\"es\"},{\"@type\":\"WebPage\",\"@id\":\"https:\\\/\\\/fecha.gr\\\/es\\\/4163\\\/diversidad-5-6-ioylioy-sto-trianon\\\/\",\"url\":\"https:\\\/\\\/fecha.gr\\\/es\\\/4163\\\/diversidad-5-6-ioylioy-sto-trianon\\\/\",\"name\":\"Diversidad | del 5 al 6 de julio en el cine Trian\u00f3n - FeCHA - Festival de Cine Hispan\u00f3fono de Atenas \\\/ Hispanic Film Festival of Athens\",\"isPartOf\":{\"@id\":\"https:\\\/\\\/fecha.gr\\\/#website\"},\"primaryImageOfPage\":{\"@id\":\"https:\\\/\\\/fecha.gr\\\/es\\\/4163\\\/diversidad-5-6-ioylioy-sto-trianon\\\/#primaryimage\"},\"image\":{\"@id\":\"https:\\\/\\\/fecha.gr\\\/es\\\/4163\\\/diversidad-5-6-ioylioy-sto-trianon\\\/#primaryimage\"},\"thumbnailUrl\":\"https:\\\/\\\/fecha.gr\\\/wp-content\\\/uploads\\\/2021\\\/06\\\/madeinbangkok-04.jpg\",\"datePublished\":\"2021-06-09T18:09:18+00:00\",\"dateModified\":\"2021-06-11T11:00:15+00:00\",\"breadcrumb\":{\"@id\":\"https:\\\/\\\/fecha.gr\\\/es\\\/4163\\\/diversidad-5-6-ioylioy-sto-trianon\\\/#breadcrumb\"},\"inLanguage\":\"es\",\"potentialAction\":[{\"@type\":\"ReadAction\",\"target\":[\"https:\\\/\\\/fecha.gr\\\/es\\\/4163\\\/diversidad-5-6-ioylioy-sto-trianon\\\/\"]}]},{\"@type\":\"ImageObject\",\"inLanguage\":\"es\",\"@id\":\"https:\\\/\\\/fecha.gr\\\/es\\\/4163\\\/diversidad-5-6-ioylioy-sto-trianon\\\/#primaryimage\",\"url\":\"https:\\\/\\\/fecha.gr\\\/wp-content\\\/uploads\\\/2021\\\/06\\\/madeinbangkok-04.jpg\",\"contentUrl\":\"https:\\\/\\\/fecha.gr\\\/wp-content\\\/uploads\\\/2021\\\/06\\\/madeinbangkok-04.jpg\",\"width\":1600,\"height\":900},{\"@type\":\"BreadcrumbList\",\"@id\":\"https:\\\/\\\/fecha.gr\\\/es\\\/4163\\\/diversidad-5-6-ioylioy-sto-trianon\\\/#breadcrumb\",\"itemListElement\":[{\"@type\":\"ListItem\",\"position\":1,\"name\":\"Home\",\"item\":\"https:\\\/\\\/fecha.gr\\\/es\\\/coming-soon\\\/\"},{\"@type\":\"ListItem\",\"position\":2,\"name\":\"Diversidad | del 5 al 6 de julio en el cine Trian\u00f3n\"}]},{\"@type\":\"WebSite\",\"@id\":\"https:\\\/\\\/fecha.gr\\\/#website\",\"url\":\"https:\\\/\\\/fecha.gr\\\/\",\"name\":\"FeCHA - Festival de Cine Hispan\u00f3fono de Atenas \\\/ Hispanic Film Festival of Athens\",\"description\":\"\",\"publisher\":{\"@id\":\"https:\\\/\\\/fecha.gr\\\/#organization\"},\"potentialAction\":[{\"@type\":\"SearchAction\",\"target\":{\"@type\":\"EntryPoint\",\"urlTemplate\":\"https:\\\/\\\/fecha.gr\\\/?s={search_term_string}\"},\"query-input\":{\"@type\":\"PropertyValueSpecification\",\"valueRequired\":true,\"valueName\":\"search_term_string\"}}],\"inLanguage\":\"es\"},{\"@type\":\"Organization\",\"@id\":\"https:\\\/\\\/fecha.gr\\\/#organization\",\"name\":\"FeCHA - Festival de Cine Hispan\u00f3fono de Atenas\",\"url\":\"https:\\\/\\\/fecha.gr\\\/\",\"logo\":{\"@type\":\"ImageObject\",\"inLanguage\":\"es\",\"@id\":\"https:\\\/\\\/fecha.gr\\\/#\\\/schema\\\/logo\\\/image\\\/\",\"url\":\"https:\\\/\\\/fecha.gr\\\/wp-content\\\/uploads\\\/2016\\\/05\\\/favicon-fecha.png\",\"contentUrl\":\"https:\\\/\\\/fecha.gr\\\/wp-content\\\/uploads\\\/2016\\\/05\\\/favicon-fecha.png\",\"width\":1000,\"height\":1000,\"caption\":\"FeCHA - Festival de Cine Hispan\u00f3fono de Atenas\"},\"image\":{\"@id\":\"https:\\\/\\\/fecha.gr\\\/#\\\/schema\\\/logo\\\/image\\\/\"}},{\"@type\":\"Person\",\"@id\":\"https:\\\/\\\/fecha.gr\\\/#\\\/schema\\\/person\\\/7aeeb4cb445b980097bd9e97d4cc2e8d\",\"name\":\"fes\",\"url\":\"https:\\\/\\\/fecha.gr\\\/es\\\/author\\\/fes\\\/\"}]}<\/script>\n<!-- \/ Yoast SEO plugin. -->","yoast_head_json":{"title":"Diversidad | del 5 al 6 de julio en el cine Trian\u00f3n - FeCHA - Festival de Cine Hispan\u00f3fono de Atenas \/ Hispanic Film Festival of Athens","robots":{"index":"index","follow":"follow","max-snippet":"max-snippet:-1","max-image-preview":"max-image-preview:large","max-video-preview":"max-video-preview:-1"},"canonical":"https:\/\/fecha.gr\/es\/4163\/diversidad-5-6-ioylioy-sto-trianon\/","og_locale":"es_ES","og_type":"article","og_title":"Diversidad | del 5 al 6 de julio en el cine Trian\u00f3n - FeCHA - Festival de Cine Hispan\u00f3fono de Atenas \/ Hispanic Film Festival of Athens","og_description":"Del 5 al 6 de julio en el cine Trian\u00f3n (\u039a\u03bfdrigktonos 21 (Patision 101), \u0391tenas, \u039cetro: estaci\u00f3n Victoria) se proyectar\u00e1n con entrada gratuita al p\u00fablico, dos pel\u00edculas mexicanas, \u201cTe Prometo Anarqu\u00eda\u201d y \u201cMade in Bangkok\u201d. Las proyecciones van acompa\u00f1adas de cortometrajes del programa Diversidad III, del Festival de Cine Hispan\u00f3fono de Atenas \u2013 FeCHA. El programa es el siguiente: lunes&hellip;","og_url":"https:\/\/fecha.gr\/es\/4163\/diversidad-5-6-ioylioy-sto-trianon\/","og_site_name":"FeCHA - Festival de Cine Hispan\u00f3fono de Atenas \/ Hispanic Film Festival of Athens","article_published_time":"2021-06-09T18:09:18+00:00","article_modified_time":"2021-06-11T11:00:15+00:00","og_image":[{"width":1600,"height":900,"url":"https:\/\/fecha.gr\/wp-content\/uploads\/2021\/06\/madeinbangkok-04.jpg","type":"image\/jpeg"}],"author":"fes","twitter_card":"summary_large_image","schema":{"@context":"https:\/\/schema.org","@graph":[{"@type":"Article","@id":"https:\/\/fecha.gr\/es\/4163\/diversidad-5-6-ioylioy-sto-trianon\/#article","isPartOf":{"@id":"https:\/\/fecha.gr\/es\/4163\/diversidad-5-6-ioylioy-sto-trianon\/"},"author":{"name":"fes","@id":"https:\/\/fecha.gr\/#\/schema\/person\/7aeeb4cb445b980097bd9e97d4cc2e8d"},"headline":"Diversidad | del 5 al 6 de julio en el cine Trian\u00f3n","datePublished":"2021-06-09T18:09:18+00:00","dateModified":"2021-06-11T11:00:15+00:00","mainEntityOfPage":{"@id":"https:\/\/fecha.gr\/es\/4163\/diversidad-5-6-ioylioy-sto-trianon\/"},"wordCount":270,"publisher":{"@id":"https:\/\/fecha.gr\/#organization"},"image":{"@id":"https:\/\/fecha.gr\/es\/4163\/diversidad-5-6-ioylioy-sto-trianon\/#primaryimage"},"thumbnailUrl":"https:\/\/fecha.gr\/wp-content\/uploads\/2021\/06\/madeinbangkok-04.jpg","articleSection":["Noticias","Noticias 2021"],"inLanguage":"es"},{"@type":"WebPage","@id":"https:\/\/fecha.gr\/es\/4163\/diversidad-5-6-ioylioy-sto-trianon\/","url":"https:\/\/fecha.gr\/es\/4163\/diversidad-5-6-ioylioy-sto-trianon\/","name":"Diversidad | del 5 al 6 de julio en el cine Trian\u00f3n - FeCHA - Festival de Cine Hispan\u00f3fono de Atenas \/ Hispanic Film Festival of Athens","isPartOf":{"@id":"https:\/\/fecha.gr\/#website"},"primaryImageOfPage":{"@id":"https:\/\/fecha.gr\/es\/4163\/diversidad-5-6-ioylioy-sto-trianon\/#primaryimage"},"image":{"@id":"https:\/\/fecha.gr\/es\/4163\/diversidad-5-6-ioylioy-sto-trianon\/#primaryimage"},"thumbnailUrl":"https:\/\/fecha.gr\/wp-content\/uploads\/2021\/06\/madeinbangkok-04.jpg","datePublished":"2021-06-09T18:09:18+00:00","dateModified":"2021-06-11T11:00:15+00:00","breadcrumb":{"@id":"https:\/\/fecha.gr\/es\/4163\/diversidad-5-6-ioylioy-sto-trianon\/#breadcrumb"},"inLanguage":"es","potentialAction":[{"@type":"ReadAction","target":["https:\/\/fecha.gr\/es\/4163\/diversidad-5-6-ioylioy-sto-trianon\/"]}]},{"@type":"ImageObject","inLanguage":"es","@id":"https:\/\/fecha.gr\/es\/4163\/diversidad-5-6-ioylioy-sto-trianon\/#primaryimage","url":"https:\/\/fecha.gr\/wp-content\/uploads\/2021\/06\/madeinbangkok-04.jpg","contentUrl":"https:\/\/fecha.gr\/wp-content\/uploads\/2021\/06\/madeinbangkok-04.jpg","width":1600,"height":900},{"@type":"BreadcrumbList","@id":"https:\/\/fecha.gr\/es\/4163\/diversidad-5-6-ioylioy-sto-trianon\/#breadcrumb","itemListElement":[{"@type":"ListItem","position":1,"name":"Home","item":"https:\/\/fecha.gr\/es\/coming-soon\/"},{"@type":"ListItem","position":2,"name":"Diversidad | del 5 al 6 de julio en el cine Trian\u00f3n"}]},{"@type":"WebSite","@id":"https:\/\/fecha.gr\/#website","url":"https:\/\/fecha.gr\/","name":"FeCHA - Festival de Cine Hispan\u00f3fono de Atenas \/ Hispanic Film Festival of Athens","description":"","publisher":{"@id":"https:\/\/fecha.gr\/#organization"},"potentialAction":[{"@type":"SearchAction","target":{"@type":"EntryPoint","urlTemplate":"https:\/\/fecha.gr\/?s={search_term_string}"},"query-input":{"@type":"PropertyValueSpecification","valueRequired":true,"valueName":"search_term_string"}}],"inLanguage":"es"},{"@type":"Organization","@id":"https:\/\/fecha.gr\/#organization","name":"FeCHA - Festival de Cine Hispan\u00f3fono de Atenas","url":"https:\/\/fecha.gr\/","logo":{"@type":"ImageObject","inLanguage":"es","@id":"https:\/\/fecha.gr\/#\/schema\/logo\/image\/","url":"https:\/\/fecha.gr\/wp-content\/uploads\/2016\/05\/favicon-fecha.png","contentUrl":"https:\/\/fecha.gr\/wp-content\/uploads\/2016\/05\/favicon-fecha.png","width":1000,"height":1000,"caption":"FeCHA - Festival de Cine Hispan\u00f3fono de Atenas"},"image":{"@id":"https:\/\/fecha.gr\/#\/schema\/logo\/image\/"}},{"@type":"Person","@id":"https:\/\/fecha.gr\/#\/schema\/person\/7aeeb4cb445b980097bd9e97d4cc2e8d","name":"fes","url":"https:\/\/fecha.gr\/es\/author\/fes\/"}]}},"_links":{"self":[{"href":"https:\/\/fecha.gr\/es\/wp-json\/wp\/v2\/posts\/4163","targetHints":{"allow":["GET"]}}],"collection":[{"href":"https:\/\/fecha.gr\/es\/wp-json\/wp\/v2\/posts"}],"about":[{"href":"https:\/\/fecha.gr\/es\/wp-json\/wp\/v2\/types\/post"}],"author":[{"embeddable":true,"href":"https:\/\/fecha.gr\/es\/wp-json\/wp\/v2\/users\/2"}],"replies":[{"embeddable":true,"href":"https:\/\/fecha.gr\/es\/wp-json\/wp\/v2\/comments?post=4163"}],"version-history":[{"count":0,"href":"https:\/\/fecha.gr\/es\/wp-json\/wp\/v2\/posts\/4163\/revisions"}],"wp:featuredmedia":[{"embeddable":true,"href":"https:\/\/fecha.gr\/es\/wp-json\/wp\/v2\/media\/4328"}],"wp:attachment":[{"href":"https:\/\/fecha.gr\/es\/wp-json\/wp\/v2\/media?parent=4163"}],"wp:term":[{"taxonomy":"category","embeddable":true,"href":"https:\/\/fecha.gr\/es\/wp-json\/wp\/v2\/categories?post=4163"},{"taxonomy":"post_tag","embeddable":true,"href":"https:\/\/fecha.gr\/es\/wp-json\/wp\/v2\/tags?post=4163"}],"curies":[{"name":"wp","href":"https:\/\/api.w.org\/{rel}","templated":true}]}}