
{"id":4048,"date":"2021-06-09T18:39:06","date_gmt":"2021-06-09T15:39:06","guid":{"rendered":"https:\/\/fecha.gr\/4048\/diversidad-iii-proyecciones-en-linea-gratuitas\/"},"modified":"2021-06-11T13:29:52","modified_gmt":"2021-06-11T10:29:52","slug":"diversidad-iii-proyecciones-en-linea-gratuitas","status":"publish","type":"post","link":"https:\/\/fecha.gr\/es\/4048\/diversidad-iii-proyecciones-en-linea-gratuitas\/","title":{"rendered":"Diversidad III &#8211; Proyecciones en l\u00ednea, gratuitas"},"content":{"rendered":"\n<p>El Festival de Cine Hispan\u00f3fono de Atenas \u2013 FeCHA presenta los cortometrajes en Diversidad III, del 24 de junio al 2 de julio de 2021, gratis y en l\u00ednea para toda Grecia.<\/p>\n\n<p>Proyecciones en <a href=\"https:\/\/video.fecha.gr\/\" target=\"_blank\" rel=\"noreferrer noopener\">https:\/\/video.fecha.gr\/<\/a><\/p>\n\n<h2 class=\"wp-block-heading\">Los cortometrajes::<\/h2>\n\n<p><strong>Tres Veces&#13;\n(Paco Ruiz, Espa\u00f1a, 2020, 20\u2019)<\/strong><\/p>\n\n<figure class=\"wp-block-image size-medium\"><img loading=\"lazy\" decoding=\"async\" width=\"300\" height=\"162\" src=\"https:\/\/fecha.gr\/wp-content\/uploads\/2021\/06\/tresveces1-300x162.jpg\" alt=\"\" class=\"wp-image-4009\" srcset=\"https:\/\/fecha.gr\/wp-content\/uploads\/2021\/06\/tresveces1-300x162.jpg 300w, https:\/\/fecha.gr\/wp-content\/uploads\/2021\/06\/tresveces1-1024x554.jpg 1024w, https:\/\/fecha.gr\/wp-content\/uploads\/2021\/06\/tresveces1-1536x830.jpg 1536w, https:\/\/fecha.gr\/wp-content\/uploads\/2021\/06\/tresveces1.jpg 1920w\" sizes=\"auto, (max-width: 300px) 100vw, 300px\" \/><\/figure>\n<p>Mario est\u00e1 solo en casa. Sus padres han salido y tardar\u00e1n algo en volver. Lo suficiente para que su hijo se cite por Internet con un absoluto desconocido.<\/p>\n\n<p><strong>Lila&#13;\n(Lamberto Guerra, Espa\u00f1a, 2020, 20\u2019)<\/strong><\/p>\n\n<figure class=\"wp-block-image size-medium\"><img loading=\"lazy\" decoding=\"async\" width=\"300\" height=\"134\" src=\"https:\/\/fecha.gr\/wp-content\/uploads\/2021\/06\/lila-fotograma-04a-300x134.jpg\" alt=\"\" class=\"wp-image-4012\" srcset=\"https:\/\/fecha.gr\/wp-content\/uploads\/2021\/06\/lila-fotograma-04a-300x134.jpg 300w, https:\/\/fecha.gr\/wp-content\/uploads\/2021\/06\/lila-fotograma-04a-1024x457.jpg 1024w, https:\/\/fecha.gr\/wp-content\/uploads\/2021\/06\/lila-fotograma-04a-1536x685.jpg 1536w, https:\/\/fecha.gr\/wp-content\/uploads\/2021\/06\/lila-fotograma-04a.jpg 2000w\" sizes=\"auto, (max-width: 300px) 100vw, 300px\" \/><\/figure>\n<p>Una noche. Tres mujeres. Tres generaciones. Una abuela, una madre y una hija est\u00e1n a punto de perder a Lila, la mascota que las ha unido los \u00faltimos casi 20 a\u00f1os.<\/p>\n\n<p><strong>Mi Peque\u00f1o Gran Samurai&#13;\n(Arantza Ibarra, Espa\u00f1a, 2020, 20\u0384)<\/strong><\/p>\n\n<figure class=\"wp-block-image size-medium\"><img loading=\"lazy\" decoding=\"async\" width=\"300\" height=\"225\" src=\"https:\/\/fecha.gr\/wp-content\/uploads\/2021\/06\/ekai-1-300x225.jpg\" alt=\"\" class=\"wp-image-4015\" srcset=\"https:\/\/fecha.gr\/wp-content\/uploads\/2021\/06\/ekai-1-300x225.jpg 300w, https:\/\/fecha.gr\/wp-content\/uploads\/2021\/06\/ekai-1.jpg 960w\" sizes=\"auto, (max-width: 300px) 100vw, 300px\" \/><\/figure>\n<p>Un corto documental que describe la historia del joven trans Ekai Lersundi, que muri\u00f3 por suicidio en 2018 mientras luchaba con la burocracia en torno a la asignaci\u00f3n de terapia de reemplazo hormonal.<\/p>\n\n<p><strong>Vuelta Al Sol&#13;\n(Judith Corro, Panama, 2020, 7\u2019)<\/strong><\/p>\n\n<figure class=\"wp-block-image size-medium\"><img loading=\"lazy\" decoding=\"async\" width=\"300\" height=\"158\" src=\"https:\/\/fecha.gr\/wp-content\/uploads\/2021\/06\/still-vuelta-al-sol-04-300x158.jpg\" alt=\"\" class=\"wp-image-4018\" srcset=\"https:\/\/fecha.gr\/wp-content\/uploads\/2021\/06\/still-vuelta-al-sol-04-300x158.jpg 300w, https:\/\/fecha.gr\/wp-content\/uploads\/2021\/06\/still-vuelta-al-sol-04-1024x540.jpg 1024w, https:\/\/fecha.gr\/wp-content\/uploads\/2021\/06\/still-vuelta-al-sol-04-1536x810.jpg 1536w, https:\/\/fecha.gr\/wp-content\/uploads\/2021\/06\/still-vuelta-al-sol-04.jpg 2000w\" sizes=\"auto, (max-width: 300px) 100vw, 300px\" \/><\/figure>\n<p>C\u00e9sar est\u00e1 de cumplea\u00f1os y sus padres esperan que use ropa que le hace sentir inc\u00f3modo.<\/p>\n\n<p><strong>El Truco&#13;\n(Gonzalo Ruiz Esteban, Espa\u00f1a, 2020, 15\u2019)<\/strong><\/p>\n\n<figure class=\"wp-block-image size-medium\"><img loading=\"lazy\" decoding=\"async\" width=\"300\" height=\"169\" src=\"https:\/\/fecha.gr\/wp-content\/uploads\/2021\/06\/el-truco-300x169.jpg\" alt=\"\" class=\"wp-image-4021\" srcset=\"https:\/\/fecha.gr\/wp-content\/uploads\/2021\/06\/el-truco-300x169.jpg 300w, https:\/\/fecha.gr\/wp-content\/uploads\/2021\/06\/el-truco-1024x576.jpg 1024w, https:\/\/fecha.gr\/wp-content\/uploads\/2021\/06\/el-truco-1536x864.jpg 1536w, https:\/\/fecha.gr\/wp-content\/uploads\/2021\/06\/el-truco.jpg 1920w\" sizes=\"auto, (max-width: 300px) 100vw, 300px\" \/><\/figure>\n<p>Eva y Mar\u00eda son monjas y profesoras en un estricto colegio cat\u00f3lico. Un comentario desafortunado a un alumno traer\u00e1 consecuencias negativas a Eva.<\/p>\n\n<p><strong>Dama Blanca&#13;\n(Elena Marcelo, Espa\u00f1a, 2021, 14\u2019)<\/strong><\/p>\n\n<figure class=\"wp-block-image size-medium\"><img loading=\"lazy\" decoding=\"async\" width=\"300\" height=\"126\" src=\"https:\/\/fecha.gr\/wp-content\/uploads\/2021\/06\/229-frame1-dama-blanca-300x126.jpg\" alt=\"\" class=\"wp-image-4024\" srcset=\"https:\/\/fecha.gr\/wp-content\/uploads\/2021\/06\/229-frame1-dama-blanca-300x126.jpg 300w, https:\/\/fecha.gr\/wp-content\/uploads\/2021\/06\/229-frame1-dama-blanca-1024x430.jpg 1024w, https:\/\/fecha.gr\/wp-content\/uploads\/2021\/06\/229-frame1-dama-blanca-1536x645.jpg 1536w, https:\/\/fecha.gr\/wp-content\/uploads\/2021\/06\/229-frame1-dama-blanca-2048x860.jpg 2048w\" sizes=\"auto, (max-width: 300px) 100vw, 300px\" \/><\/figure>\n<p>Fede se ha separado de Lola sin darle un motivo claro tras 30 a\u00f1os juntos, ella sabe por qu\u00e9 y no quiere perderlo.<\/p>\n\n<p><strong>Lo Que Se Queda Cuando Te Vas&#13;\n(Facundo Sosa Ferreira, Uruguay, 2020, 15\u2019)<\/strong><\/p>\n\n<figure class=\"wp-block-image size-medium\"><img loading=\"lazy\" decoding=\"async\" width=\"300\" height=\"126\" src=\"https:\/\/fecha.gr\/wp-content\/uploads\/2021\/06\/lqsqctv-11031-300x126.jpg\" alt=\"\" class=\"wp-image-4027\" srcset=\"https:\/\/fecha.gr\/wp-content\/uploads\/2021\/06\/lqsqctv-11031-300x126.jpg 300w, https:\/\/fecha.gr\/wp-content\/uploads\/2021\/06\/lqsqctv-11031-1024x429.jpg 1024w, https:\/\/fecha.gr\/wp-content\/uploads\/2021\/06\/lqsqctv-11031-1536x643.jpg 1536w, https:\/\/fecha.gr\/wp-content\/uploads\/2021\/06\/lqsqctv-11031.jpg 1920w\" sizes=\"auto, (max-width: 300px) 100vw, 300px\" \/><\/figure>\n<p>Maite es una mujer joven, exitosa e independiente. Una noche suena el timbre de su apartamento. Al otro lado de la puerta est\u00e1 olivia, una chica que dice ser su hermana.<\/p>\n\n<p><strong>Rocky&#13;\n(Dani Segu\u00ed, Espa\u00f1a, 2020, 11\u2019)<\/strong><\/p>\n\n<figure class=\"wp-block-image size-medium\"><img loading=\"lazy\" decoding=\"async\" width=\"300\" height=\"128\" src=\"https:\/\/fecha.gr\/wp-content\/uploads\/2021\/06\/rocky-festivales9-300x128.jpg\" alt=\"\" class=\"wp-image-4030\" srcset=\"https:\/\/fecha.gr\/wp-content\/uploads\/2021\/06\/rocky-festivales9-300x128.jpg 300w, https:\/\/fecha.gr\/wp-content\/uploads\/2021\/06\/rocky-festivales9-1024x436.jpg 1024w, https:\/\/fecha.gr\/wp-content\/uploads\/2021\/06\/rocky-festivales9.jpg 1269w\" sizes=\"auto, (max-width: 300px) 100vw, 300px\" \/><\/figure>\n<p>En Roc ha decidido que su actuaci\u00f3n de fin de curso sea el playback de un n\u00famero musical muy especial. Pero la directora del centro no lo permitir\u00e1 bajo ning\u00fan concepto.<\/p>\n\n<p><strong>Contigo Viv\u00ed Una Vida&#13;\n(Elena Martinez Santos, Espa\u00f1a, 2019, 15\u2019)<\/strong><\/p>\n\n<figure class=\"wp-block-image size-medium\"><img loading=\"lazy\" decoding=\"async\" width=\"300\" height=\"126\" src=\"https:\/\/fecha.gr\/wp-content\/uploads\/2021\/06\/contigo-viviacute-una-vida-300x126.jpg\" alt=\"\" class=\"wp-image-4033\" srcset=\"https:\/\/fecha.gr\/wp-content\/uploads\/2021\/06\/contigo-viviacute-una-vida-300x126.jpg 300w, https:\/\/fecha.gr\/wp-content\/uploads\/2021\/06\/contigo-viviacute-una-vida-1024x429.jpg 1024w, https:\/\/fecha.gr\/wp-content\/uploads\/2021\/06\/contigo-viviacute-una-vida-1536x643.jpg 1536w, https:\/\/fecha.gr\/wp-content\/uploads\/2021\/06\/contigo-viviacute-una-vida-2048x858.jpg 2048w\" sizes=\"auto, (max-width: 300px) 100vw, 300px\" \/><\/figure>\n<p>Chloe comienza a trabajar en una nueva planta de su hospital, oncolog\u00eda hematol\u00f3gica. Ella es enfermera y al principio se ve superada por la situaci\u00f3n hasta que conoce a Laura, una paciente que le dejar\u00e1 huella.<\/p>\n\n<p><strong>L\u00edmites&#13;\n(Jos\u00e9 Antonio Valera, Espa\u00f1a, 2020, 10\u2019)<\/strong><\/p>\n\n<figure class=\"wp-block-image size-medium\"><img loading=\"lazy\" decoding=\"async\" width=\"300\" height=\"147\" src=\"https:\/\/fecha.gr\/wp-content\/uploads\/2021\/06\/limites-300x147.jpg\" alt=\"\" class=\"wp-image-4036\" srcset=\"https:\/\/fecha.gr\/wp-content\/uploads\/2021\/06\/limites-300x147.jpg 300w, https:\/\/fecha.gr\/wp-content\/uploads\/2021\/06\/limites-1024x503.jpg 1024w, https:\/\/fecha.gr\/wp-content\/uploads\/2021\/06\/limites-1536x755.jpg 1536w, https:\/\/fecha.gr\/wp-content\/uploads\/2021\/06\/limites-2048x1006.jpg 2048w\" sizes=\"auto, (max-width: 300px) 100vw, 300px\" \/><\/figure>\n<p>Adri ha propuesto a Jon un juego.<\/p>\n\n<p><strong>R\u00edo&#13;\n(Marco Buontempo, Argentina, 2020, 25\u2019)<\/strong><\/p>\n\n<figure class=\"wp-block-image size-medium\"><img loading=\"lazy\" decoding=\"async\" width=\"300\" height=\"169\" src=\"https:\/\/fecha.gr\/wp-content\/uploads\/2021\/06\/rio-300x169.jpg\" alt=\"\" class=\"wp-image-4039\" srcset=\"https:\/\/fecha.gr\/wp-content\/uploads\/2021\/06\/rio-300x169.jpg 300w, https:\/\/fecha.gr\/wp-content\/uploads\/2021\/06\/rio-1024x576.jpg 1024w, https:\/\/fecha.gr\/wp-content\/uploads\/2021\/06\/rio-1536x864.jpg 1536w, https:\/\/fecha.gr\/wp-content\/uploads\/2021\/06\/rio.jpg 1920w\" sizes=\"auto, (max-width: 300px) 100vw, 300px\" \/><\/figure>\n<p>Bruno y Franco se reencuentran varios a\u00f1os despu\u00e9s de haber vivido un romance en su adolescencia.<\/p>\n\n<p><strong>Antes De La Erupci\u00f3n&#13;\n(Roberto Perez Toledo, Espa\u00f1a, 2020, 10\u2019)<\/strong><\/p>\n\n<figure class=\"wp-block-image size-medium\"><img loading=\"lazy\" decoding=\"async\" width=\"300\" height=\"214\" src=\"https:\/\/fecha.gr\/wp-content\/uploads\/2021\/06\/440-banner-antes-de-la-erupcioacuten-300x214.jpg\" alt=\"\" class=\"wp-image-4042\" srcset=\"https:\/\/fecha.gr\/wp-content\/uploads\/2021\/06\/440-banner-antes-de-la-erupcioacuten-300x214.jpg 300w, https:\/\/fecha.gr\/wp-content\/uploads\/2021\/06\/440-banner-antes-de-la-erupcioacuten-1024x731.jpg 1024w, https:\/\/fecha.gr\/wp-content\/uploads\/2021\/06\/440-banner-antes-de-la-erupcioacuten-1536x1097.jpg 1536w, https:\/\/fecha.gr\/wp-content\/uploads\/2021\/06\/440-banner-antes-de-la-erupcioacuten-2048x1463.jpg 2048w\" sizes=\"auto, (max-width: 300px) 100vw, 300px\" \/><\/figure>\n<p>Aunque una erupci\u00f3n volc\u00e1nica puede ocurrir sin ninguna se\u00f1al previa, lo m\u00e1s probable es que los volcanes emitan diferentes tipos de advertencias antes de que comience la erupci\u00f3n. Apenas lo vimos venir.<\/p>\n","protected":false},"excerpt":{"rendered":"<p>El Festival de Cine Hispan\u00f3fono de Atenas \u2013 FeCHA presenta los cortometrajes en Diversidad III, del 24 de junio al 2 de julio de 2021, gratis y en l\u00ednea para toda Grecia. Proyecciones en https:\/\/video.fecha.gr\/ Los cortometrajes:: Tres Veces&#13; (Paco Ruiz, Espa\u00f1a, 2020, 20\u2019) Mario est\u00e1 solo en casa. Sus padres han salido y tardar\u00e1n algo en volver. Lo suficiente&hellip;<\/p>\n","protected":false},"author":2,"featured_media":4032,"comment_status":"closed","ping_status":"closed","sticky":false,"template":"","format":"standard","meta":{"powered_cache_disable_cache":false,"footnotes":""},"categories":[31,129],"tags":[],"class_list":["post-4048","post","type-post","status-publish","format-standard","has-post-thumbnail","hentry","category-noticias","category-noticias-2021"],"yoast_head":"<!-- This site is optimized with the Yoast SEO plugin v27.5 - https:\/\/yoast.com\/product\/yoast-seo-wordpress\/ -->\n<title>Diversidad III - Proyecciones en l\u00ednea, gratuitas - FeCHA - Festival de Cine Hispan\u00f3fono de Atenas \/ Hispanic Film Festival of Athens<\/title>\n<meta name=\"robots\" content=\"index, follow, max-snippet:-1, max-image-preview:large, max-video-preview:-1\" \/>\n<link rel=\"canonical\" href=\"https:\/\/fecha.gr\/es\/4048\/diversidad-iii-proyecciones-en-linea-gratuitas\/\" \/>\n<meta property=\"og:locale\" content=\"es_ES\" \/>\n<meta property=\"og:type\" content=\"article\" \/>\n<meta property=\"og:title\" content=\"Diversidad III - Proyecciones en l\u00ednea, gratuitas - FeCHA - Festival de Cine Hispan\u00f3fono de Atenas \/ Hispanic Film Festival of Athens\" \/>\n<meta property=\"og:description\" content=\"El Festival de Cine Hispan\u00f3fono de Atenas \u2013 FeCHA presenta los cortometrajes en Diversidad III, del 24 de junio al 2 de julio de 2021, gratis y en l\u00ednea para toda Grecia. Proyecciones en https:\/\/video.fecha.gr\/ Los cortometrajes:: Tres Veces&#013; (Paco Ruiz, Espa\u00f1a, 2020, 20\u2019) Mario est\u00e1 solo en casa. Sus padres han salido y tardar\u00e1n algo en volver. Lo suficiente&hellip;\" \/>\n<meta property=\"og:url\" content=\"https:\/\/fecha.gr\/es\/4048\/diversidad-iii-proyecciones-en-linea-gratuitas\/\" \/>\n<meta property=\"og:site_name\" content=\"FeCHA - Festival de Cine Hispan\u00f3fono de Atenas \/ Hispanic Film Festival of Athens\" \/>\n<meta property=\"article:published_time\" content=\"2021-06-09T15:39:06+00:00\" \/>\n<meta property=\"article:modified_time\" content=\"2021-06-11T10:29:52+00:00\" \/>\n<meta property=\"og:image\" content=\"https:\/\/fecha.gr\/wp-content\/uploads\/2021\/06\/rocky-festivales9.jpg\" \/>\n\t<meta property=\"og:image:width\" content=\"1269\" \/>\n\t<meta property=\"og:image:height\" content=\"540\" \/>\n\t<meta property=\"og:image:type\" content=\"image\/jpeg\" \/>\n<meta name=\"author\" content=\"fes\" \/>\n<meta name=\"twitter:card\" content=\"summary_large_image\" \/>\n<script type=\"application\/ld+json\" class=\"yoast-schema-graph\">{\"@context\":\"https:\\\/\\\/schema.org\",\"@graph\":[{\"@type\":\"Article\",\"@id\":\"https:\\\/\\\/fecha.gr\\\/es\\\/4048\\\/diversidad-iii-proyecciones-en-linea-gratuitas\\\/#article\",\"isPartOf\":{\"@id\":\"https:\\\/\\\/fecha.gr\\\/es\\\/4048\\\/diversidad-iii-proyecciones-en-linea-gratuitas\\\/\"},\"author\":{\"name\":\"fes\",\"@id\":\"https:\\\/\\\/fecha.gr\\\/#\\\/schema\\\/person\\\/7aeeb4cb445b980097bd9e97d4cc2e8d\"},\"headline\":\"Diversidad III &#8211; Proyecciones en l\u00ednea, gratuitas\",\"datePublished\":\"2021-06-09T15:39:06+00:00\",\"dateModified\":\"2021-06-11T10:29:52+00:00\",\"mainEntityOfPage\":{\"@id\":\"https:\\\/\\\/fecha.gr\\\/es\\\/4048\\\/diversidad-iii-proyecciones-en-linea-gratuitas\\\/\"},\"wordCount\":459,\"publisher\":{\"@id\":\"https:\\\/\\\/fecha.gr\\\/#organization\"},\"image\":{\"@id\":\"https:\\\/\\\/fecha.gr\\\/es\\\/4048\\\/diversidad-iii-proyecciones-en-linea-gratuitas\\\/#primaryimage\"},\"thumbnailUrl\":\"https:\\\/\\\/fecha.gr\\\/wp-content\\\/uploads\\\/2021\\\/06\\\/rocky-festivales9.jpg\",\"articleSection\":[\"Noticias\",\"Noticias 2021\"],\"inLanguage\":\"es\"},{\"@type\":\"WebPage\",\"@id\":\"https:\\\/\\\/fecha.gr\\\/es\\\/4048\\\/diversidad-iii-proyecciones-en-linea-gratuitas\\\/\",\"url\":\"https:\\\/\\\/fecha.gr\\\/es\\\/4048\\\/diversidad-iii-proyecciones-en-linea-gratuitas\\\/\",\"name\":\"Diversidad III - Proyecciones en l\u00ednea, gratuitas - FeCHA - Festival de Cine Hispan\u00f3fono de Atenas \\\/ Hispanic Film Festival of Athens\",\"isPartOf\":{\"@id\":\"https:\\\/\\\/fecha.gr\\\/#website\"},\"primaryImageOfPage\":{\"@id\":\"https:\\\/\\\/fecha.gr\\\/es\\\/4048\\\/diversidad-iii-proyecciones-en-linea-gratuitas\\\/#primaryimage\"},\"image\":{\"@id\":\"https:\\\/\\\/fecha.gr\\\/es\\\/4048\\\/diversidad-iii-proyecciones-en-linea-gratuitas\\\/#primaryimage\"},\"thumbnailUrl\":\"https:\\\/\\\/fecha.gr\\\/wp-content\\\/uploads\\\/2021\\\/06\\\/rocky-festivales9.jpg\",\"datePublished\":\"2021-06-09T15:39:06+00:00\",\"dateModified\":\"2021-06-11T10:29:52+00:00\",\"breadcrumb\":{\"@id\":\"https:\\\/\\\/fecha.gr\\\/es\\\/4048\\\/diversidad-iii-proyecciones-en-linea-gratuitas\\\/#breadcrumb\"},\"inLanguage\":\"es\",\"potentialAction\":[{\"@type\":\"ReadAction\",\"target\":[\"https:\\\/\\\/fecha.gr\\\/es\\\/4048\\\/diversidad-iii-proyecciones-en-linea-gratuitas\\\/\"]}]},{\"@type\":\"ImageObject\",\"inLanguage\":\"es\",\"@id\":\"https:\\\/\\\/fecha.gr\\\/es\\\/4048\\\/diversidad-iii-proyecciones-en-linea-gratuitas\\\/#primaryimage\",\"url\":\"https:\\\/\\\/fecha.gr\\\/wp-content\\\/uploads\\\/2021\\\/06\\\/rocky-festivales9.jpg\",\"contentUrl\":\"https:\\\/\\\/fecha.gr\\\/wp-content\\\/uploads\\\/2021\\\/06\\\/rocky-festivales9.jpg\",\"width\":1269,\"height\":540},{\"@type\":\"BreadcrumbList\",\"@id\":\"https:\\\/\\\/fecha.gr\\\/es\\\/4048\\\/diversidad-iii-proyecciones-en-linea-gratuitas\\\/#breadcrumb\",\"itemListElement\":[{\"@type\":\"ListItem\",\"position\":1,\"name\":\"Home\",\"item\":\"https:\\\/\\\/fecha.gr\\\/es\\\/coming-soon\\\/\"},{\"@type\":\"ListItem\",\"position\":2,\"name\":\"Diversidad III &#8211; Proyecciones en l\u00ednea, gratuitas\"}]},{\"@type\":\"WebSite\",\"@id\":\"https:\\\/\\\/fecha.gr\\\/#website\",\"url\":\"https:\\\/\\\/fecha.gr\\\/\",\"name\":\"FeCHA - Festival de Cine Hispan\u00f3fono de Atenas \\\/ Hispanic Film Festival of Athens\",\"description\":\"\",\"publisher\":{\"@id\":\"https:\\\/\\\/fecha.gr\\\/#organization\"},\"potentialAction\":[{\"@type\":\"SearchAction\",\"target\":{\"@type\":\"EntryPoint\",\"urlTemplate\":\"https:\\\/\\\/fecha.gr\\\/?s={search_term_string}\"},\"query-input\":{\"@type\":\"PropertyValueSpecification\",\"valueRequired\":true,\"valueName\":\"search_term_string\"}}],\"inLanguage\":\"es\"},{\"@type\":\"Organization\",\"@id\":\"https:\\\/\\\/fecha.gr\\\/#organization\",\"name\":\"FeCHA - Festival de Cine Hispan\u00f3fono de Atenas\",\"url\":\"https:\\\/\\\/fecha.gr\\\/\",\"logo\":{\"@type\":\"ImageObject\",\"inLanguage\":\"es\",\"@id\":\"https:\\\/\\\/fecha.gr\\\/#\\\/schema\\\/logo\\\/image\\\/\",\"url\":\"https:\\\/\\\/fecha.gr\\\/wp-content\\\/uploads\\\/2016\\\/05\\\/favicon-fecha.png\",\"contentUrl\":\"https:\\\/\\\/fecha.gr\\\/wp-content\\\/uploads\\\/2016\\\/05\\\/favicon-fecha.png\",\"width\":1000,\"height\":1000,\"caption\":\"FeCHA - Festival de Cine Hispan\u00f3fono de Atenas\"},\"image\":{\"@id\":\"https:\\\/\\\/fecha.gr\\\/#\\\/schema\\\/logo\\\/image\\\/\"}},{\"@type\":\"Person\",\"@id\":\"https:\\\/\\\/fecha.gr\\\/#\\\/schema\\\/person\\\/7aeeb4cb445b980097bd9e97d4cc2e8d\",\"name\":\"fes\",\"url\":\"https:\\\/\\\/fecha.gr\\\/es\\\/author\\\/fes\\\/\"}]}<\/script>\n<!-- \/ Yoast SEO plugin. -->","yoast_head_json":{"title":"Diversidad III - Proyecciones en l\u00ednea, gratuitas - FeCHA - Festival de Cine Hispan\u00f3fono de Atenas \/ Hispanic Film Festival of Athens","robots":{"index":"index","follow":"follow","max-snippet":"max-snippet:-1","max-image-preview":"max-image-preview:large","max-video-preview":"max-video-preview:-1"},"canonical":"https:\/\/fecha.gr\/es\/4048\/diversidad-iii-proyecciones-en-linea-gratuitas\/","og_locale":"es_ES","og_type":"article","og_title":"Diversidad III - Proyecciones en l\u00ednea, gratuitas - FeCHA - Festival de Cine Hispan\u00f3fono de Atenas \/ Hispanic Film Festival of Athens","og_description":"El Festival de Cine Hispan\u00f3fono de Atenas \u2013 FeCHA presenta los cortometrajes en Diversidad III, del 24 de junio al 2 de julio de 2021, gratis y en l\u00ednea para toda Grecia. Proyecciones en https:\/\/video.fecha.gr\/ Los cortometrajes:: Tres Veces&#13; (Paco Ruiz, Espa\u00f1a, 2020, 20\u2019) Mario est\u00e1 solo en casa. Sus padres han salido y tardar\u00e1n algo en volver. Lo suficiente&hellip;","og_url":"https:\/\/fecha.gr\/es\/4048\/diversidad-iii-proyecciones-en-linea-gratuitas\/","og_site_name":"FeCHA - Festival de Cine Hispan\u00f3fono de Atenas \/ Hispanic Film Festival of Athens","article_published_time":"2021-06-09T15:39:06+00:00","article_modified_time":"2021-06-11T10:29:52+00:00","og_image":[{"width":1269,"height":540,"url":"https:\/\/fecha.gr\/wp-content\/uploads\/2021\/06\/rocky-festivales9.jpg","type":"image\/jpeg"}],"author":"fes","twitter_card":"summary_large_image","schema":{"@context":"https:\/\/schema.org","@graph":[{"@type":"Article","@id":"https:\/\/fecha.gr\/es\/4048\/diversidad-iii-proyecciones-en-linea-gratuitas\/#article","isPartOf":{"@id":"https:\/\/fecha.gr\/es\/4048\/diversidad-iii-proyecciones-en-linea-gratuitas\/"},"author":{"name":"fes","@id":"https:\/\/fecha.gr\/#\/schema\/person\/7aeeb4cb445b980097bd9e97d4cc2e8d"},"headline":"Diversidad III &#8211; Proyecciones en l\u00ednea, gratuitas","datePublished":"2021-06-09T15:39:06+00:00","dateModified":"2021-06-11T10:29:52+00:00","mainEntityOfPage":{"@id":"https:\/\/fecha.gr\/es\/4048\/diversidad-iii-proyecciones-en-linea-gratuitas\/"},"wordCount":459,"publisher":{"@id":"https:\/\/fecha.gr\/#organization"},"image":{"@id":"https:\/\/fecha.gr\/es\/4048\/diversidad-iii-proyecciones-en-linea-gratuitas\/#primaryimage"},"thumbnailUrl":"https:\/\/fecha.gr\/wp-content\/uploads\/2021\/06\/rocky-festivales9.jpg","articleSection":["Noticias","Noticias 2021"],"inLanguage":"es"},{"@type":"WebPage","@id":"https:\/\/fecha.gr\/es\/4048\/diversidad-iii-proyecciones-en-linea-gratuitas\/","url":"https:\/\/fecha.gr\/es\/4048\/diversidad-iii-proyecciones-en-linea-gratuitas\/","name":"Diversidad III - Proyecciones en l\u00ednea, gratuitas - FeCHA - Festival de Cine Hispan\u00f3fono de Atenas \/ Hispanic Film Festival of Athens","isPartOf":{"@id":"https:\/\/fecha.gr\/#website"},"primaryImageOfPage":{"@id":"https:\/\/fecha.gr\/es\/4048\/diversidad-iii-proyecciones-en-linea-gratuitas\/#primaryimage"},"image":{"@id":"https:\/\/fecha.gr\/es\/4048\/diversidad-iii-proyecciones-en-linea-gratuitas\/#primaryimage"},"thumbnailUrl":"https:\/\/fecha.gr\/wp-content\/uploads\/2021\/06\/rocky-festivales9.jpg","datePublished":"2021-06-09T15:39:06+00:00","dateModified":"2021-06-11T10:29:52+00:00","breadcrumb":{"@id":"https:\/\/fecha.gr\/es\/4048\/diversidad-iii-proyecciones-en-linea-gratuitas\/#breadcrumb"},"inLanguage":"es","potentialAction":[{"@type":"ReadAction","target":["https:\/\/fecha.gr\/es\/4048\/diversidad-iii-proyecciones-en-linea-gratuitas\/"]}]},{"@type":"ImageObject","inLanguage":"es","@id":"https:\/\/fecha.gr\/es\/4048\/diversidad-iii-proyecciones-en-linea-gratuitas\/#primaryimage","url":"https:\/\/fecha.gr\/wp-content\/uploads\/2021\/06\/rocky-festivales9.jpg","contentUrl":"https:\/\/fecha.gr\/wp-content\/uploads\/2021\/06\/rocky-festivales9.jpg","width":1269,"height":540},{"@type":"BreadcrumbList","@id":"https:\/\/fecha.gr\/es\/4048\/diversidad-iii-proyecciones-en-linea-gratuitas\/#breadcrumb","itemListElement":[{"@type":"ListItem","position":1,"name":"Home","item":"https:\/\/fecha.gr\/es\/coming-soon\/"},{"@type":"ListItem","position":2,"name":"Diversidad III &#8211; Proyecciones en l\u00ednea, gratuitas"}]},{"@type":"WebSite","@id":"https:\/\/fecha.gr\/#website","url":"https:\/\/fecha.gr\/","name":"FeCHA - Festival de Cine Hispan\u00f3fono de Atenas \/ Hispanic Film Festival of Athens","description":"","publisher":{"@id":"https:\/\/fecha.gr\/#organization"},"potentialAction":[{"@type":"SearchAction","target":{"@type":"EntryPoint","urlTemplate":"https:\/\/fecha.gr\/?s={search_term_string}"},"query-input":{"@type":"PropertyValueSpecification","valueRequired":true,"valueName":"search_term_string"}}],"inLanguage":"es"},{"@type":"Organization","@id":"https:\/\/fecha.gr\/#organization","name":"FeCHA - Festival de Cine Hispan\u00f3fono de Atenas","url":"https:\/\/fecha.gr\/","logo":{"@type":"ImageObject","inLanguage":"es","@id":"https:\/\/fecha.gr\/#\/schema\/logo\/image\/","url":"https:\/\/fecha.gr\/wp-content\/uploads\/2016\/05\/favicon-fecha.png","contentUrl":"https:\/\/fecha.gr\/wp-content\/uploads\/2016\/05\/favicon-fecha.png","width":1000,"height":1000,"caption":"FeCHA - Festival de Cine Hispan\u00f3fono de Atenas"},"image":{"@id":"https:\/\/fecha.gr\/#\/schema\/logo\/image\/"}},{"@type":"Person","@id":"https:\/\/fecha.gr\/#\/schema\/person\/7aeeb4cb445b980097bd9e97d4cc2e8d","name":"fes","url":"https:\/\/fecha.gr\/es\/author\/fes\/"}]}},"_links":{"self":[{"href":"https:\/\/fecha.gr\/es\/wp-json\/wp\/v2\/posts\/4048","targetHints":{"allow":["GET"]}}],"collection":[{"href":"https:\/\/fecha.gr\/es\/wp-json\/wp\/v2\/posts"}],"about":[{"href":"https:\/\/fecha.gr\/es\/wp-json\/wp\/v2\/types\/post"}],"author":[{"embeddable":true,"href":"https:\/\/fecha.gr\/es\/wp-json\/wp\/v2\/users\/2"}],"replies":[{"embeddable":true,"href":"https:\/\/fecha.gr\/es\/wp-json\/wp\/v2\/comments?post=4048"}],"version-history":[{"count":0,"href":"https:\/\/fecha.gr\/es\/wp-json\/wp\/v2\/posts\/4048\/revisions"}],"wp:featuredmedia":[{"embeddable":true,"href":"https:\/\/fecha.gr\/es\/wp-json\/wp\/v2\/media\/4032"}],"wp:attachment":[{"href":"https:\/\/fecha.gr\/es\/wp-json\/wp\/v2\/media?parent=4048"}],"wp:term":[{"taxonomy":"category","embeddable":true,"href":"https:\/\/fecha.gr\/es\/wp-json\/wp\/v2\/categories?post=4048"},{"taxonomy":"post_tag","embeddable":true,"href":"https:\/\/fecha.gr\/es\/wp-json\/wp\/v2\/tags?post=4048"}],"curies":[{"name":"wp","href":"https:\/\/api.w.org\/{rel}","templated":true}]}}