
{"id":3234,"date":"2020-09-21T10:58:47","date_gmt":"2020-09-21T07:58:47","guid":{"rendered":"https:\/\/fecha.gr\/?p=3234"},"modified":"2020-09-21T10:58:47","modified_gmt":"2020-09-21T07:58:47","slug":"el-instituto-cervantes-en-la-semana-de-culturas-europeas-sostenibilidad-y-medio-ambiente","status":"publish","type":"post","link":"https:\/\/fecha.gr\/es\/3234\/el-instituto-cervantes-en-la-semana-de-culturas-europeas-sostenibilidad-y-medio-ambiente\/","title":{"rendered":"El Instituto Cervantes en la semana de culturas europeas. Sostenibilidad y medio ambiente"},"content":{"rendered":"<p>El Instituto Cervantes participa como todos los a\u00f1os en la semana de culturas europeas de EUNIC, que este a\u00f1o aborda el tema de la sostenibilidad en sus diferentes expresiones. El Instituto Cervantes examina el tema de sostenibilidad en el medio ambiente con la presentaci\u00f3n de Madrid R\u00edo, un proyecto de revitalizaci\u00f3n del r\u00edo Manzanares en Madrid, viendo las semejanzas del caso de la capital espa\u00f1ola con los dos r\u00edos de la capital griega, Iliso y Cefiso, y la proyecci\u00f3n de dos pel\u00edculas: <strong>Esquese Monelos<\/strong> y <strong>Do\u00f1ana<\/strong>.<\/p>\n<p><strong>Las proyecciones digitales se transmitir\u00e1n v\u00eda la p\u00e1gina web del Festival, <a href=\"https:\/\/video.fecha.gr\/\" target=\"_blank\" rel=\"noopener noreferrer\">https:\/\/video.fecha.gr<\/a><\/strong><\/p>\n<p><strong>Las pel\u00edculas se proyectar\u00e1n subtituladas en griego y estar\u00e1n disponibles solamente para los usuarios de Grecia por un per\u00edodo de 24 horas, desde 00.00 a 24 Septiembre 2020.<\/strong><\/p>\n<p><strong><img loading=\"lazy\" decoding=\"async\" class=\"alignleft wp-image-3227 \" src=\"https:\/\/fecha.gr\/wp-content\/uploads\/2020\/09\/im_55327_web-212x300.png\" alt=\"\" width=\"141\" height=\"199\" srcset=\"https:\/\/fecha.gr\/wp-content\/uploads\/2020\/09\/im_55327_web-212x300.png 212w, https:\/\/fecha.gr\/wp-content\/uploads\/2020\/09\/im_55327_web.png 300w\" sizes=\"auto, (max-width: 141px) 100vw, 141px\" \/>Esquece Monelos (\u00c1ngeles Huerta, Espa\u00f1a, 2017, 75&#8242;)<\/strong><\/p>\n<p>Hay m\u00e1s neuronas en un cerebro humano que part\u00edculas en el universo. Pero si pudi\u00e9semos ponerlas una detr\u00e1s de otra, lo \u00fanico que ver\u00edamos ser\u00eda un peque\u00f1o r\u00edo. Un r\u00edo insignificante y al mismo tiempo infinito. Bajo las calles de A Coru\u00f1a hay un r\u00edo que muchos han olvidado, pero que de vez en cuando se desborda reclamando lo que una vez fue su curso.<\/p>\n<p>&nbsp;<\/p>\n<p>&nbsp;<\/p>\n<p><strong><img loading=\"lazy\" decoding=\"async\" class=\"alignleft size-medium wp-image-3230\" src=\"https:\/\/fecha.gr\/wp-content\/uploads\/2020\/09\/maxresdefault-5-300x169.jpg\" alt=\"\" width=\"300\" height=\"169\" srcset=\"https:\/\/fecha.gr\/wp-content\/uploads\/2020\/09\/maxresdefault-5-300x169.jpg 300w, https:\/\/fecha.gr\/wp-content\/uploads\/2020\/09\/maxresdefault-5-1024x576.jpg 1024w, https:\/\/fecha.gr\/wp-content\/uploads\/2020\/09\/maxresdefault-5.jpg 1280w\" sizes=\"auto, (max-width: 300px) 100vw, 300px\" \/>Do\u00f1ana, cuatro estaciones<br \/>\n(Javier Molina Lamothe, Espa\u00f1a, 2014, 90&#8242;)<\/strong><\/p>\n<p>El Parque de Do\u00f1ana es una gran reserva natural llena de vida, de acontecimientos, de lugares y paisajes en permanente cambio. Una tierra que muda su piel para adaptarse, y cuya biodiversidad y riqueza natural est\u00e1 marcada por las distintas estaciones que atraviesa. Un ciclo que se repite a\u00f1o tras a\u00f1o, un largo recorrido que nos descubre una gran variedad de flora y fauna, que encuentran aqu\u00ed su refugio y que convierten este territorio natural en una joya ecol\u00f3gica. Situado al Sur de Espa\u00f1a, las m\u00e1s de 100.000 hect\u00e1reas de este espacio natural se extienden por las provincias de Huelva, Sevilla y C\u00e1diz. \u00abDo\u00f1ana, Cuatro Estaciones\u00bb es un largometraje documental que refleja el d\u00eda a d\u00eda de este para\u00edso, para ense\u00f1arnos cuatro Do\u00f1anas posibles englobadas en una misma.<\/p>\n<p>&nbsp;<\/p>\n","protected":false},"excerpt":{"rendered":"<p>El Instituto Cervantes participa como todos los a\u00f1os en la semana de culturas europeas de EUNIC, que este a\u00f1o aborda el tema de la sostenibilidad en sus diferentes expresiones. El Instituto Cervantes examina el tema de sostenibilidad en el medio ambiente con la presentaci\u00f3n de Madrid R\u00edo, un proyecto de revitalizaci\u00f3n del r\u00edo Manzanares en Madrid, viendo las semejanzas del&hellip;<\/p>\n","protected":false},"author":2,"featured_media":3232,"comment_status":"closed","ping_status":"closed","sticky":false,"template":"","format":"standard","meta":{"powered_cache_disable_cache":false,"footnotes":""},"categories":[31,57],"tags":[],"class_list":["post-3234","post","type-post","status-publish","format-standard","has-post-thumbnail","hentry","category-noticias","category-noticias-2020"],"yoast_head":"<!-- This site is optimized with the Yoast SEO plugin v27.5 - https:\/\/yoast.com\/product\/yoast-seo-wordpress\/ -->\n<title>El Instituto Cervantes en la semana de culturas europeas. Sostenibilidad y medio ambiente - FeCHA - Festival de Cine Hispan\u00f3fono de Atenas \/ Hispanic Film Festival of Athens<\/title>\n<meta name=\"robots\" content=\"index, follow, max-snippet:-1, max-image-preview:large, max-video-preview:-1\" \/>\n<link rel=\"canonical\" href=\"https:\/\/fecha.gr\/es\/3234\/el-instituto-cervantes-en-la-semana-de-culturas-europeas-sostenibilidad-y-medio-ambiente\/\" \/>\n<meta property=\"og:locale\" content=\"es_ES\" \/>\n<meta property=\"og:type\" content=\"article\" \/>\n<meta property=\"og:title\" content=\"El Instituto Cervantes en la semana de culturas europeas. Sostenibilidad y medio ambiente - FeCHA - Festival de Cine Hispan\u00f3fono de Atenas \/ Hispanic Film Festival of Athens\" \/>\n<meta property=\"og:description\" content=\"El Instituto Cervantes participa como todos los a\u00f1os en la semana de culturas europeas de EUNIC, que este a\u00f1o aborda el tema de la sostenibilidad en sus diferentes expresiones. El Instituto Cervantes examina el tema de sostenibilidad en el medio ambiente con la presentaci\u00f3n de Madrid R\u00edo, un proyecto de revitalizaci\u00f3n del r\u00edo Manzanares en Madrid, viendo las semejanzas del&hellip;\" \/>\n<meta property=\"og:url\" content=\"https:\/\/fecha.gr\/es\/3234\/el-instituto-cervantes-en-la-semana-de-culturas-europeas-sostenibilidad-y-medio-ambiente\/\" \/>\n<meta property=\"og:site_name\" content=\"FeCHA - Festival de Cine Hispan\u00f3fono de Atenas \/ Hispanic Film Festival of Athens\" \/>\n<meta property=\"article:published_time\" content=\"2020-09-21T07:58:47+00:00\" \/>\n<meta property=\"og:image\" content=\"https:\/\/fecha.gr\/wp-content\/uploads\/2020\/09\/maxresdefault-5.jpg\" \/>\n\t<meta property=\"og:image:width\" content=\"1280\" \/>\n\t<meta property=\"og:image:height\" content=\"720\" \/>\n\t<meta property=\"og:image:type\" content=\"image\/jpeg\" \/>\n<meta name=\"author\" content=\"fes\" \/>\n<meta name=\"twitter:card\" content=\"summary_large_image\" \/>\n<script type=\"application\/ld+json\" class=\"yoast-schema-graph\">{\"@context\":\"https:\\\/\\\/schema.org\",\"@graph\":[{\"@type\":\"Article\",\"@id\":\"https:\\\/\\\/fecha.gr\\\/es\\\/3234\\\/el-instituto-cervantes-en-la-semana-de-culturas-europeas-sostenibilidad-y-medio-ambiente\\\/#article\",\"isPartOf\":{\"@id\":\"https:\\\/\\\/fecha.gr\\\/es\\\/3234\\\/el-instituto-cervantes-en-la-semana-de-culturas-europeas-sostenibilidad-y-medio-ambiente\\\/\"},\"author\":{\"name\":\"fes\",\"@id\":\"https:\\\/\\\/fecha.gr\\\/#\\\/schema\\\/person\\\/7aeeb4cb445b980097bd9e97d4cc2e8d\"},\"headline\":\"El Instituto Cervantes en la semana de culturas europeas. Sostenibilidad y medio ambiente\",\"datePublished\":\"2020-09-21T07:58:47+00:00\",\"mainEntityOfPage\":{\"@id\":\"https:\\\/\\\/fecha.gr\\\/es\\\/3234\\\/el-instituto-cervantes-en-la-semana-de-culturas-europeas-sostenibilidad-y-medio-ambiente\\\/\"},\"wordCount\":391,\"publisher\":{\"@id\":\"https:\\\/\\\/fecha.gr\\\/#organization\"},\"image\":{\"@id\":\"https:\\\/\\\/fecha.gr\\\/es\\\/3234\\\/el-instituto-cervantes-en-la-semana-de-culturas-europeas-sostenibilidad-y-medio-ambiente\\\/#primaryimage\"},\"thumbnailUrl\":\"https:\\\/\\\/fecha.gr\\\/wp-content\\\/uploads\\\/2020\\\/09\\\/maxresdefault-5.jpg\",\"articleSection\":[\"Noticias\",\"Noticias 2020\"],\"inLanguage\":\"es\"},{\"@type\":\"WebPage\",\"@id\":\"https:\\\/\\\/fecha.gr\\\/es\\\/3234\\\/el-instituto-cervantes-en-la-semana-de-culturas-europeas-sostenibilidad-y-medio-ambiente\\\/\",\"url\":\"https:\\\/\\\/fecha.gr\\\/es\\\/3234\\\/el-instituto-cervantes-en-la-semana-de-culturas-europeas-sostenibilidad-y-medio-ambiente\\\/\",\"name\":\"El Instituto Cervantes en la semana de culturas europeas. Sostenibilidad y medio ambiente - FeCHA - Festival de Cine Hispan\u00f3fono de Atenas \\\/ Hispanic Film Festival of Athens\",\"isPartOf\":{\"@id\":\"https:\\\/\\\/fecha.gr\\\/#website\"},\"primaryImageOfPage\":{\"@id\":\"https:\\\/\\\/fecha.gr\\\/es\\\/3234\\\/el-instituto-cervantes-en-la-semana-de-culturas-europeas-sostenibilidad-y-medio-ambiente\\\/#primaryimage\"},\"image\":{\"@id\":\"https:\\\/\\\/fecha.gr\\\/es\\\/3234\\\/el-instituto-cervantes-en-la-semana-de-culturas-europeas-sostenibilidad-y-medio-ambiente\\\/#primaryimage\"},\"thumbnailUrl\":\"https:\\\/\\\/fecha.gr\\\/wp-content\\\/uploads\\\/2020\\\/09\\\/maxresdefault-5.jpg\",\"datePublished\":\"2020-09-21T07:58:47+00:00\",\"breadcrumb\":{\"@id\":\"https:\\\/\\\/fecha.gr\\\/es\\\/3234\\\/el-instituto-cervantes-en-la-semana-de-culturas-europeas-sostenibilidad-y-medio-ambiente\\\/#breadcrumb\"},\"inLanguage\":\"es\",\"potentialAction\":[{\"@type\":\"ReadAction\",\"target\":[\"https:\\\/\\\/fecha.gr\\\/es\\\/3234\\\/el-instituto-cervantes-en-la-semana-de-culturas-europeas-sostenibilidad-y-medio-ambiente\\\/\"]}]},{\"@type\":\"ImageObject\",\"inLanguage\":\"es\",\"@id\":\"https:\\\/\\\/fecha.gr\\\/es\\\/3234\\\/el-instituto-cervantes-en-la-semana-de-culturas-europeas-sostenibilidad-y-medio-ambiente\\\/#primaryimage\",\"url\":\"https:\\\/\\\/fecha.gr\\\/wp-content\\\/uploads\\\/2020\\\/09\\\/maxresdefault-5.jpg\",\"contentUrl\":\"https:\\\/\\\/fecha.gr\\\/wp-content\\\/uploads\\\/2020\\\/09\\\/maxresdefault-5.jpg\",\"width\":1280,\"height\":720},{\"@type\":\"BreadcrumbList\",\"@id\":\"https:\\\/\\\/fecha.gr\\\/es\\\/3234\\\/el-instituto-cervantes-en-la-semana-de-culturas-europeas-sostenibilidad-y-medio-ambiente\\\/#breadcrumb\",\"itemListElement\":[{\"@type\":\"ListItem\",\"position\":1,\"name\":\"Home\",\"item\":\"https:\\\/\\\/fecha.gr\\\/es\\\/coming-soon\\\/\"},{\"@type\":\"ListItem\",\"position\":2,\"name\":\"El Instituto Cervantes en la semana de culturas europeas. Sostenibilidad y medio ambiente\"}]},{\"@type\":\"WebSite\",\"@id\":\"https:\\\/\\\/fecha.gr\\\/#website\",\"url\":\"https:\\\/\\\/fecha.gr\\\/\",\"name\":\"FeCHA - Festival de Cine Hispan\u00f3fono de Atenas \\\/ Hispanic Film Festival of Athens\",\"description\":\"\",\"publisher\":{\"@id\":\"https:\\\/\\\/fecha.gr\\\/#organization\"},\"potentialAction\":[{\"@type\":\"SearchAction\",\"target\":{\"@type\":\"EntryPoint\",\"urlTemplate\":\"https:\\\/\\\/fecha.gr\\\/?s={search_term_string}\"},\"query-input\":{\"@type\":\"PropertyValueSpecification\",\"valueRequired\":true,\"valueName\":\"search_term_string\"}}],\"inLanguage\":\"es\"},{\"@type\":\"Organization\",\"@id\":\"https:\\\/\\\/fecha.gr\\\/#organization\",\"name\":\"FeCHA - Festival de Cine Hispan\u00f3fono de Atenas\",\"url\":\"https:\\\/\\\/fecha.gr\\\/\",\"logo\":{\"@type\":\"ImageObject\",\"inLanguage\":\"es\",\"@id\":\"https:\\\/\\\/fecha.gr\\\/#\\\/schema\\\/logo\\\/image\\\/\",\"url\":\"https:\\\/\\\/fecha.gr\\\/wp-content\\\/uploads\\\/2016\\\/05\\\/favicon-fecha.png\",\"contentUrl\":\"https:\\\/\\\/fecha.gr\\\/wp-content\\\/uploads\\\/2016\\\/05\\\/favicon-fecha.png\",\"width\":1000,\"height\":1000,\"caption\":\"FeCHA - Festival de Cine Hispan\u00f3fono de Atenas\"},\"image\":{\"@id\":\"https:\\\/\\\/fecha.gr\\\/#\\\/schema\\\/logo\\\/image\\\/\"}},{\"@type\":\"Person\",\"@id\":\"https:\\\/\\\/fecha.gr\\\/#\\\/schema\\\/person\\\/7aeeb4cb445b980097bd9e97d4cc2e8d\",\"name\":\"fes\",\"url\":\"https:\\\/\\\/fecha.gr\\\/es\\\/author\\\/fes\\\/\"}]}<\/script>\n<!-- \/ Yoast SEO plugin. -->","yoast_head_json":{"title":"El Instituto Cervantes en la semana de culturas europeas. Sostenibilidad y medio ambiente - FeCHA - Festival de Cine Hispan\u00f3fono de Atenas \/ Hispanic Film Festival of Athens","robots":{"index":"index","follow":"follow","max-snippet":"max-snippet:-1","max-image-preview":"max-image-preview:large","max-video-preview":"max-video-preview:-1"},"canonical":"https:\/\/fecha.gr\/es\/3234\/el-instituto-cervantes-en-la-semana-de-culturas-europeas-sostenibilidad-y-medio-ambiente\/","og_locale":"es_ES","og_type":"article","og_title":"El Instituto Cervantes en la semana de culturas europeas. Sostenibilidad y medio ambiente - FeCHA - Festival de Cine Hispan\u00f3fono de Atenas \/ Hispanic Film Festival of Athens","og_description":"El Instituto Cervantes participa como todos los a\u00f1os en la semana de culturas europeas de EUNIC, que este a\u00f1o aborda el tema de la sostenibilidad en sus diferentes expresiones. El Instituto Cervantes examina el tema de sostenibilidad en el medio ambiente con la presentaci\u00f3n de Madrid R\u00edo, un proyecto de revitalizaci\u00f3n del r\u00edo Manzanares en Madrid, viendo las semejanzas del&hellip;","og_url":"https:\/\/fecha.gr\/es\/3234\/el-instituto-cervantes-en-la-semana-de-culturas-europeas-sostenibilidad-y-medio-ambiente\/","og_site_name":"FeCHA - Festival de Cine Hispan\u00f3fono de Atenas \/ Hispanic Film Festival of Athens","article_published_time":"2020-09-21T07:58:47+00:00","og_image":[{"width":1280,"height":720,"url":"https:\/\/fecha.gr\/wp-content\/uploads\/2020\/09\/maxresdefault-5.jpg","type":"image\/jpeg"}],"author":"fes","twitter_card":"summary_large_image","schema":{"@context":"https:\/\/schema.org","@graph":[{"@type":"Article","@id":"https:\/\/fecha.gr\/es\/3234\/el-instituto-cervantes-en-la-semana-de-culturas-europeas-sostenibilidad-y-medio-ambiente\/#article","isPartOf":{"@id":"https:\/\/fecha.gr\/es\/3234\/el-instituto-cervantes-en-la-semana-de-culturas-europeas-sostenibilidad-y-medio-ambiente\/"},"author":{"name":"fes","@id":"https:\/\/fecha.gr\/#\/schema\/person\/7aeeb4cb445b980097bd9e97d4cc2e8d"},"headline":"El Instituto Cervantes en la semana de culturas europeas. Sostenibilidad y medio ambiente","datePublished":"2020-09-21T07:58:47+00:00","mainEntityOfPage":{"@id":"https:\/\/fecha.gr\/es\/3234\/el-instituto-cervantes-en-la-semana-de-culturas-europeas-sostenibilidad-y-medio-ambiente\/"},"wordCount":391,"publisher":{"@id":"https:\/\/fecha.gr\/#organization"},"image":{"@id":"https:\/\/fecha.gr\/es\/3234\/el-instituto-cervantes-en-la-semana-de-culturas-europeas-sostenibilidad-y-medio-ambiente\/#primaryimage"},"thumbnailUrl":"https:\/\/fecha.gr\/wp-content\/uploads\/2020\/09\/maxresdefault-5.jpg","articleSection":["Noticias","Noticias 2020"],"inLanguage":"es"},{"@type":"WebPage","@id":"https:\/\/fecha.gr\/es\/3234\/el-instituto-cervantes-en-la-semana-de-culturas-europeas-sostenibilidad-y-medio-ambiente\/","url":"https:\/\/fecha.gr\/es\/3234\/el-instituto-cervantes-en-la-semana-de-culturas-europeas-sostenibilidad-y-medio-ambiente\/","name":"El Instituto Cervantes en la semana de culturas europeas. Sostenibilidad y medio ambiente - FeCHA - Festival de Cine Hispan\u00f3fono de Atenas \/ Hispanic Film Festival of Athens","isPartOf":{"@id":"https:\/\/fecha.gr\/#website"},"primaryImageOfPage":{"@id":"https:\/\/fecha.gr\/es\/3234\/el-instituto-cervantes-en-la-semana-de-culturas-europeas-sostenibilidad-y-medio-ambiente\/#primaryimage"},"image":{"@id":"https:\/\/fecha.gr\/es\/3234\/el-instituto-cervantes-en-la-semana-de-culturas-europeas-sostenibilidad-y-medio-ambiente\/#primaryimage"},"thumbnailUrl":"https:\/\/fecha.gr\/wp-content\/uploads\/2020\/09\/maxresdefault-5.jpg","datePublished":"2020-09-21T07:58:47+00:00","breadcrumb":{"@id":"https:\/\/fecha.gr\/es\/3234\/el-instituto-cervantes-en-la-semana-de-culturas-europeas-sostenibilidad-y-medio-ambiente\/#breadcrumb"},"inLanguage":"es","potentialAction":[{"@type":"ReadAction","target":["https:\/\/fecha.gr\/es\/3234\/el-instituto-cervantes-en-la-semana-de-culturas-europeas-sostenibilidad-y-medio-ambiente\/"]}]},{"@type":"ImageObject","inLanguage":"es","@id":"https:\/\/fecha.gr\/es\/3234\/el-instituto-cervantes-en-la-semana-de-culturas-europeas-sostenibilidad-y-medio-ambiente\/#primaryimage","url":"https:\/\/fecha.gr\/wp-content\/uploads\/2020\/09\/maxresdefault-5.jpg","contentUrl":"https:\/\/fecha.gr\/wp-content\/uploads\/2020\/09\/maxresdefault-5.jpg","width":1280,"height":720},{"@type":"BreadcrumbList","@id":"https:\/\/fecha.gr\/es\/3234\/el-instituto-cervantes-en-la-semana-de-culturas-europeas-sostenibilidad-y-medio-ambiente\/#breadcrumb","itemListElement":[{"@type":"ListItem","position":1,"name":"Home","item":"https:\/\/fecha.gr\/es\/coming-soon\/"},{"@type":"ListItem","position":2,"name":"El Instituto Cervantes en la semana de culturas europeas. Sostenibilidad y medio ambiente"}]},{"@type":"WebSite","@id":"https:\/\/fecha.gr\/#website","url":"https:\/\/fecha.gr\/","name":"FeCHA - Festival de Cine Hispan\u00f3fono de Atenas \/ Hispanic Film Festival of Athens","description":"","publisher":{"@id":"https:\/\/fecha.gr\/#organization"},"potentialAction":[{"@type":"SearchAction","target":{"@type":"EntryPoint","urlTemplate":"https:\/\/fecha.gr\/?s={search_term_string}"},"query-input":{"@type":"PropertyValueSpecification","valueRequired":true,"valueName":"search_term_string"}}],"inLanguage":"es"},{"@type":"Organization","@id":"https:\/\/fecha.gr\/#organization","name":"FeCHA - Festival de Cine Hispan\u00f3fono de Atenas","url":"https:\/\/fecha.gr\/","logo":{"@type":"ImageObject","inLanguage":"es","@id":"https:\/\/fecha.gr\/#\/schema\/logo\/image\/","url":"https:\/\/fecha.gr\/wp-content\/uploads\/2016\/05\/favicon-fecha.png","contentUrl":"https:\/\/fecha.gr\/wp-content\/uploads\/2016\/05\/favicon-fecha.png","width":1000,"height":1000,"caption":"FeCHA - Festival de Cine Hispan\u00f3fono de Atenas"},"image":{"@id":"https:\/\/fecha.gr\/#\/schema\/logo\/image\/"}},{"@type":"Person","@id":"https:\/\/fecha.gr\/#\/schema\/person\/7aeeb4cb445b980097bd9e97d4cc2e8d","name":"fes","url":"https:\/\/fecha.gr\/es\/author\/fes\/"}]}},"_links":{"self":[{"href":"https:\/\/fecha.gr\/es\/wp-json\/wp\/v2\/posts\/3234","targetHints":{"allow":["GET"]}}],"collection":[{"href":"https:\/\/fecha.gr\/es\/wp-json\/wp\/v2\/posts"}],"about":[{"href":"https:\/\/fecha.gr\/es\/wp-json\/wp\/v2\/types\/post"}],"author":[{"embeddable":true,"href":"https:\/\/fecha.gr\/es\/wp-json\/wp\/v2\/users\/2"}],"replies":[{"embeddable":true,"href":"https:\/\/fecha.gr\/es\/wp-json\/wp\/v2\/comments?post=3234"}],"version-history":[{"count":0,"href":"https:\/\/fecha.gr\/es\/wp-json\/wp\/v2\/posts\/3234\/revisions"}],"wp:featuredmedia":[{"embeddable":true,"href":"https:\/\/fecha.gr\/es\/wp-json\/wp\/v2\/media\/3232"}],"wp:attachment":[{"href":"https:\/\/fecha.gr\/es\/wp-json\/wp\/v2\/media?parent=3234"}],"wp:term":[{"taxonomy":"category","embeddable":true,"href":"https:\/\/fecha.gr\/es\/wp-json\/wp\/v2\/categories?post=3234"},{"taxonomy":"post_tag","embeddable":true,"href":"https:\/\/fecha.gr\/es\/wp-json\/wp\/v2\/tags?post=3234"}],"curies":[{"name":"wp","href":"https:\/\/api.w.org\/{rel}","templated":true}]}}