
{"id":2662,"date":"2019-05-08T11:51:07","date_gmt":"2019-05-08T08:51:07","guid":{"rendered":"https:\/\/fecha.gr\/?p=2662"},"modified":"2019-05-24T11:51:23","modified_gmt":"2019-05-24T08:51:23","slug":"presentaciones-cine-espanol-o-cine-en-espanol-la-distribucion-del-cortometraje-joven-entrada-libre","status":"publish","type":"post","link":"https:\/\/fecha.gr\/es\/2662\/presentaciones-cine-espanol-o-cine-en-espanol-la-distribucion-del-cortometraje-joven-entrada-libre\/","title":{"rendered":"Presentaciones: \u00bfCine espa\u00f1ol o cine en espa\u00f1ol? &#038; La distribuci\u00f3n del cortometraje \u00abjoven\u00bb | entrada libre"},"content":{"rendered":"<p style=\"text-align: center;\">El miercoles 29 de mayo se realizar\u00e1n en el marco del Festival presentaciones por Marina Diaz Lopez (responsable del Departamento de Cultura del Instituto Cervantes) sobre el cine en espa\u00f1ol y sobre la distribuci\u00f3n de cortometrajes en el mercado de festivales en Latinoam\u00e9rica y por Marian Velazquez(encargada de la gesti\u00f3n de la plataforma, Click for Festivals) Espa\u00f1a. Ambas con entrada libre.<\/p>\n<h3>\u00bfCine espa\u00f1ol o cine en espa\u00f1ol? C\u00f3mo se vertebran los cines de habla hispana en el siglo XXI <span style=\"text-decoration: underline;\"><span style=\"color: #ff0000; text-decoration: underline;\">***cancelado***<\/span><\/span><\/h3>\n<p>&nbsp;<\/p>\n<p><strong>16.00<\/strong><br \/>\n<strong>Unio\u0301n Heleno-Americana<\/strong><br \/>\n<strong>(Masalias 22, Atenas. Metro: Panepistimio)<\/strong><\/p>\n<p>Tradicionalmente, los pa\u00edses de habla hispana han desarrollado estrategias comunes para mantener el v\u00ednculo que tradicionalmente une a Espa\u00f1a y a los pa\u00edses de Am\u00e9rica latina. Algunas de estas pol\u00edticas todav\u00eda existen. Sin embargo, el cine \u2018internacional\u2019 del siglo XXI presenta una situaci\u00f3n distinta. Por un lado, los cines de Am\u00e9rica latina han encontrado un nicho en la cultura de festivales asociado a su etiqueta como \u201ccines de una regi\u00f3n\u201d que se puede retrotraer hasta los nuevos cines de la d\u00e9cada de los sesenta del siglo XX, pero tambi\u00e9n se asocian a los grandes \u00e9xitos que supone el cine de Lucrecia Martel y Alejandro Gonz\u00e1lez I\u00f1\u00e1rritu, por poner dos ejemplos. Por otro lado, el cine espa\u00f1ol se ha situado en otro lugar, concretamente en el espacio dedicado a un cine de g\u00e9nero, especialmente de thriller, terror y, en menor medida, comedia. La charla se centrar\u00e1 en c\u00f3mo estos dos cines regionales y nacionales se relacionan y conectan en el \u00e1mbito internacional. O no.<\/p>\n<p>&nbsp;<\/p>\n<p><img loading=\"lazy\" decoding=\"async\" class=\"alignleft size-thumbnail wp-image-2611\" src=\"https:\/\/fecha.gr\/wp-content\/uploads\/2019\/05\/marina-diaz-150x150.jpg\" alt=\"\" width=\"150\" height=\"150\" \/><\/p>\n<p><strong>La presentaci\u00f3n ser\u00e1 en ingl\u00e9s.<\/strong><\/p>\n<p>Marina D\u00edaz L\u00f3pez es doctora en Historia del cine por la Universidad Aut\u00f3noma de Madrid. Trabaja como T\u00e9cnica de cine y audiovisual en el Departamento de Cultura del Instituto Cervantes. Tiene una extensa bibliograf\u00eda sobre historia del cine en espa\u00f1ol en libros de edici\u00f3n y revistas especializadas. Fue la editora, junto a Alberto Elena, de dos libros sobre cine latinoamericano: Tierra en trance y The Cinema of Latin America.<\/p>\n<p>&nbsp;<\/p>\n<h3>La distribuci\u00f3n del cortometraje \u00abjoven\u00bb. Estrategias en festivales de cine de Latinoam\u00e9rica y Espa\u00f1a.<\/h3>\n<p>&nbsp;<\/p>\n<p><strong>17.00<\/strong><br \/>\n<strong>Unio\u0301n Heleno-Americana(Masalias 22, Atenas. Metro: Panepistimio)<\/strong><\/p>\n<p>La estrategia de distribuci\u00f3n de cortometrajes debe ser entendida como una manera de trabajar din\u00e1mica que ir\u00e1 cambiando en funci\u00f3n no s\u00f3lo del tipo de pel\u00edcula, sino tambi\u00e9n de otras variables como la edad del propio director o equipo. Por ello trataremos de ver cu\u00e1l es la manera m\u00e1s efectiva de hacerlo, centr\u00e1ndonos especialmente en el mercado de festivales en Latinoam\u00e9rica y Espa\u00f1a.<\/p>\n<p><img loading=\"lazy\" decoding=\"async\" class=\"alignleft size-thumbnail wp-image-2617\" src=\"https:\/\/fecha.gr\/wp-content\/uploads\/2019\/05\/screen-shot-2019-05-06-at-15-49-19-150x150.png\" alt=\"\" width=\"150\" height=\"150\" \/><\/p>\n<p><strong>La presentaci\u00f3n ser\u00e1 en espa\u00f1ol con traducci\u00f3n al griego.<\/strong><\/p>\n<p>Marian Vel\u00e1zquez (Granada, 1986). Licenciada en Comunicaci\u00f3n Audiovisual por la Universidad de M\u00e1laga y m\u00e1ster en Gesti\u00f3n Cultural por la Universidad Carlos III de Madrid. Ha trabajado en el Departamento de Actividades Culturales del Instituto Cervantes de Roma y ha colaborado con el Festival de Cine Espa\u00f1ol de M\u00e1laga y el Festival de Cine de Roma, entre otros. Desde 2016 es encargada de la gesti\u00f3n de la plataforma online de inscripci\u00f3n a festivales de cine, Click for Festivals.<\/p>\n<p><em>Con el apoyo de Acci\u00f3n Cultural Espa\u00f1ola <a href=\"http:\/\/www.accioncultural.es\/\" target=\"_blank\" rel=\"noopener noreferrer\">PICE: Programme for the Internationalisation of Spanish Culture<\/a><\/em><\/p>\n","protected":false},"excerpt":{"rendered":"<p>El miercoles 29 de mayo se realizar\u00e1n en el marco del Festival presentaciones por Marina Diaz Lopez (responsable del Departamento de Cultura del Instituto Cervantes) sobre el cine en espa\u00f1ol y sobre la distribuci\u00f3n de cortometrajes en el mercado de festivales en Latinoam\u00e9rica y por Marian Velazquez(encargada de la gesti\u00f3n de la plataforma, Click for Festivals) Espa\u00f1a. Ambas con entrada&hellip;<\/p>\n","protected":false},"author":2,"featured_media":2624,"comment_status":"closed","ping_status":"closed","sticky":false,"template":"","format":"standard","meta":{"powered_cache_disable_cache":false,"footnotes":""},"categories":[31,53],"tags":[],"class_list":["post-2662","post","type-post","status-publish","format-standard","has-post-thumbnail","hentry","category-noticias","category-noticias-2019"],"yoast_head":"<!-- This site is optimized with the Yoast SEO plugin v27.4 - https:\/\/yoast.com\/product\/yoast-seo-wordpress\/ -->\n<title>Presentaciones: \u00bfCine espa\u00f1ol o cine en espa\u00f1ol? &amp; La distribuci\u00f3n del cortometraje &quot;joven&quot; | entrada libre - FeCHA - Festival de Cine Hispan\u00f3fono de Atenas \/ Hispanic Film Festival of Athens<\/title>\n<meta name=\"robots\" content=\"index, follow, max-snippet:-1, max-image-preview:large, max-video-preview:-1\" \/>\n<link rel=\"canonical\" href=\"https:\/\/fecha.gr\/es\/2662\/presentaciones-cine-espanol-o-cine-en-espanol-la-distribucion-del-cortometraje-joven-entrada-libre\/\" \/>\n<meta property=\"og:locale\" content=\"es_ES\" \/>\n<meta property=\"og:type\" content=\"article\" \/>\n<meta property=\"og:title\" content=\"Presentaciones: \u00bfCine espa\u00f1ol o cine en espa\u00f1ol? &amp; La distribuci\u00f3n del cortometraje &quot;joven&quot; | entrada libre - FeCHA - Festival de Cine Hispan\u00f3fono de Atenas \/ Hispanic Film Festival of Athens\" \/>\n<meta property=\"og:description\" content=\"El miercoles 29 de mayo se realizar\u00e1n en el marco del Festival presentaciones por Marina Diaz Lopez (responsable del Departamento de Cultura del Instituto Cervantes) sobre el cine en espa\u00f1ol y sobre la distribuci\u00f3n de cortometrajes en el mercado de festivales en Latinoam\u00e9rica y por Marian Velazquez(encargada de la gesti\u00f3n de la plataforma, Click for Festivals) Espa\u00f1a. Ambas con entrada&hellip;\" \/>\n<meta property=\"og:url\" content=\"https:\/\/fecha.gr\/es\/2662\/presentaciones-cine-espanol-o-cine-en-espanol-la-distribucion-del-cortometraje-joven-entrada-libre\/\" \/>\n<meta property=\"og:site_name\" content=\"FeCHA - Festival de Cine Hispan\u00f3fono de Atenas \/ Hispanic Film Festival of Athens\" \/>\n<meta property=\"article:published_time\" content=\"2019-05-08T08:51:07+00:00\" \/>\n<meta property=\"article:modified_time\" content=\"2019-05-24T08:51:23+00:00\" \/>\n<meta property=\"og:image\" content=\"https:\/\/fecha.gr\/wp-content\/uploads\/2019\/05\/cinema-wallpaper-14.jpg\" \/>\n\t<meta property=\"og:image:width\" content=\"2048\" \/>\n\t<meta property=\"og:image:height\" content=\"1536\" \/>\n\t<meta property=\"og:image:type\" content=\"image\/jpeg\" \/>\n<meta name=\"author\" content=\"fes\" \/>\n<meta name=\"twitter:card\" content=\"summary_large_image\" \/>\n<script type=\"application\/ld+json\" class=\"yoast-schema-graph\">{\"@context\":\"https:\\\/\\\/schema.org\",\"@graph\":[{\"@type\":\"Article\",\"@id\":\"https:\\\/\\\/fecha.gr\\\/es\\\/2662\\\/presentaciones-cine-espanol-o-cine-en-espanol-la-distribucion-del-cortometraje-joven-entrada-libre\\\/#article\",\"isPartOf\":{\"@id\":\"https:\\\/\\\/fecha.gr\\\/es\\\/2662\\\/presentaciones-cine-espanol-o-cine-en-espanol-la-distribucion-del-cortometraje-joven-entrada-libre\\\/\"},\"author\":{\"name\":\"fes\",\"@id\":\"https:\\\/\\\/fecha.gr\\\/#\\\/schema\\\/person\\\/7aeeb4cb445b980097bd9e97d4cc2e8d\"},\"headline\":\"Presentaciones: \u00bfCine espa\u00f1ol o cine en espa\u00f1ol? &#038; La distribuci\u00f3n del cortometraje \u00abjoven\u00bb | entrada libre\",\"datePublished\":\"2019-05-08T08:51:07+00:00\",\"dateModified\":\"2019-05-24T08:51:23+00:00\",\"mainEntityOfPage\":{\"@id\":\"https:\\\/\\\/fecha.gr\\\/es\\\/2662\\\/presentaciones-cine-espanol-o-cine-en-espanol-la-distribucion-del-cortometraje-joven-entrada-libre\\\/\"},\"wordCount\":592,\"publisher\":{\"@id\":\"https:\\\/\\\/fecha.gr\\\/#organization\"},\"image\":{\"@id\":\"https:\\\/\\\/fecha.gr\\\/es\\\/2662\\\/presentaciones-cine-espanol-o-cine-en-espanol-la-distribucion-del-cortometraje-joven-entrada-libre\\\/#primaryimage\"},\"thumbnailUrl\":\"https:\\\/\\\/fecha.gr\\\/wp-content\\\/uploads\\\/2019\\\/05\\\/cinema-wallpaper-14.jpg\",\"articleSection\":[\"Noticias\",\"Noticias 2019\"],\"inLanguage\":\"es\"},{\"@type\":\"WebPage\",\"@id\":\"https:\\\/\\\/fecha.gr\\\/es\\\/2662\\\/presentaciones-cine-espanol-o-cine-en-espanol-la-distribucion-del-cortometraje-joven-entrada-libre\\\/\",\"url\":\"https:\\\/\\\/fecha.gr\\\/es\\\/2662\\\/presentaciones-cine-espanol-o-cine-en-espanol-la-distribucion-del-cortometraje-joven-entrada-libre\\\/\",\"name\":\"Presentaciones: \u00bfCine espa\u00f1ol o cine en espa\u00f1ol? & La distribuci\u00f3n del cortometraje \\\"joven\\\" | entrada libre - FeCHA - Festival de Cine Hispan\u00f3fono de Atenas \\\/ Hispanic Film Festival of Athens\",\"isPartOf\":{\"@id\":\"https:\\\/\\\/fecha.gr\\\/#website\"},\"primaryImageOfPage\":{\"@id\":\"https:\\\/\\\/fecha.gr\\\/es\\\/2662\\\/presentaciones-cine-espanol-o-cine-en-espanol-la-distribucion-del-cortometraje-joven-entrada-libre\\\/#primaryimage\"},\"image\":{\"@id\":\"https:\\\/\\\/fecha.gr\\\/es\\\/2662\\\/presentaciones-cine-espanol-o-cine-en-espanol-la-distribucion-del-cortometraje-joven-entrada-libre\\\/#primaryimage\"},\"thumbnailUrl\":\"https:\\\/\\\/fecha.gr\\\/wp-content\\\/uploads\\\/2019\\\/05\\\/cinema-wallpaper-14.jpg\",\"datePublished\":\"2019-05-08T08:51:07+00:00\",\"dateModified\":\"2019-05-24T08:51:23+00:00\",\"breadcrumb\":{\"@id\":\"https:\\\/\\\/fecha.gr\\\/es\\\/2662\\\/presentaciones-cine-espanol-o-cine-en-espanol-la-distribucion-del-cortometraje-joven-entrada-libre\\\/#breadcrumb\"},\"inLanguage\":\"es\",\"potentialAction\":[{\"@type\":\"ReadAction\",\"target\":[\"https:\\\/\\\/fecha.gr\\\/es\\\/2662\\\/presentaciones-cine-espanol-o-cine-en-espanol-la-distribucion-del-cortometraje-joven-entrada-libre\\\/\"]}]},{\"@type\":\"ImageObject\",\"inLanguage\":\"es\",\"@id\":\"https:\\\/\\\/fecha.gr\\\/es\\\/2662\\\/presentaciones-cine-espanol-o-cine-en-espanol-la-distribucion-del-cortometraje-joven-entrada-libre\\\/#primaryimage\",\"url\":\"https:\\\/\\\/fecha.gr\\\/wp-content\\\/uploads\\\/2019\\\/05\\\/cinema-wallpaper-14.jpg\",\"contentUrl\":\"https:\\\/\\\/fecha.gr\\\/wp-content\\\/uploads\\\/2019\\\/05\\\/cinema-wallpaper-14.jpg\",\"width\":2048,\"height\":1536},{\"@type\":\"BreadcrumbList\",\"@id\":\"https:\\\/\\\/fecha.gr\\\/es\\\/2662\\\/presentaciones-cine-espanol-o-cine-en-espanol-la-distribucion-del-cortometraje-joven-entrada-libre\\\/#breadcrumb\",\"itemListElement\":[{\"@type\":\"ListItem\",\"position\":1,\"name\":\"Home\",\"item\":\"https:\\\/\\\/fecha.gr\\\/es\\\/coming-soon\\\/\"},{\"@type\":\"ListItem\",\"position\":2,\"name\":\"Presentaciones: \u00bfCine espa\u00f1ol o cine en espa\u00f1ol? &#038; La distribuci\u00f3n del cortometraje \u00abjoven\u00bb | entrada libre\"}]},{\"@type\":\"WebSite\",\"@id\":\"https:\\\/\\\/fecha.gr\\\/#website\",\"url\":\"https:\\\/\\\/fecha.gr\\\/\",\"name\":\"FeCHA - Festival de Cine Hispan\u00f3fono de Atenas \\\/ Hispanic Film Festival of Athens\",\"description\":\"\",\"publisher\":{\"@id\":\"https:\\\/\\\/fecha.gr\\\/#organization\"},\"potentialAction\":[{\"@type\":\"SearchAction\",\"target\":{\"@type\":\"EntryPoint\",\"urlTemplate\":\"https:\\\/\\\/fecha.gr\\\/?s={search_term_string}\"},\"query-input\":{\"@type\":\"PropertyValueSpecification\",\"valueRequired\":true,\"valueName\":\"search_term_string\"}}],\"inLanguage\":\"es\"},{\"@type\":\"Organization\",\"@id\":\"https:\\\/\\\/fecha.gr\\\/#organization\",\"name\":\"FeCHA - Festival de Cine Hispan\u00f3fono de Atenas\",\"url\":\"https:\\\/\\\/fecha.gr\\\/\",\"logo\":{\"@type\":\"ImageObject\",\"inLanguage\":\"es\",\"@id\":\"https:\\\/\\\/fecha.gr\\\/#\\\/schema\\\/logo\\\/image\\\/\",\"url\":\"https:\\\/\\\/fecha.gr\\\/wp-content\\\/uploads\\\/2016\\\/05\\\/favicon-fecha.png\",\"contentUrl\":\"https:\\\/\\\/fecha.gr\\\/wp-content\\\/uploads\\\/2016\\\/05\\\/favicon-fecha.png\",\"width\":1000,\"height\":1000,\"caption\":\"FeCHA - Festival de Cine Hispan\u00f3fono de Atenas\"},\"image\":{\"@id\":\"https:\\\/\\\/fecha.gr\\\/#\\\/schema\\\/logo\\\/image\\\/\"}},{\"@type\":\"Person\",\"@id\":\"https:\\\/\\\/fecha.gr\\\/#\\\/schema\\\/person\\\/7aeeb4cb445b980097bd9e97d4cc2e8d\",\"name\":\"fes\",\"url\":\"https:\\\/\\\/fecha.gr\\\/es\\\/author\\\/fes\\\/\"}]}<\/script>\n<!-- \/ Yoast SEO plugin. -->","yoast_head_json":{"title":"Presentaciones: \u00bfCine espa\u00f1ol o cine en espa\u00f1ol? & La distribuci\u00f3n del cortometraje \"joven\" | entrada libre - FeCHA - Festival de Cine Hispan\u00f3fono de Atenas \/ Hispanic Film Festival of Athens","robots":{"index":"index","follow":"follow","max-snippet":"max-snippet:-1","max-image-preview":"max-image-preview:large","max-video-preview":"max-video-preview:-1"},"canonical":"https:\/\/fecha.gr\/es\/2662\/presentaciones-cine-espanol-o-cine-en-espanol-la-distribucion-del-cortometraje-joven-entrada-libre\/","og_locale":"es_ES","og_type":"article","og_title":"Presentaciones: \u00bfCine espa\u00f1ol o cine en espa\u00f1ol? & La distribuci\u00f3n del cortometraje \"joven\" | entrada libre - FeCHA - Festival de Cine Hispan\u00f3fono de Atenas \/ Hispanic Film Festival of Athens","og_description":"El miercoles 29 de mayo se realizar\u00e1n en el marco del Festival presentaciones por Marina Diaz Lopez (responsable del Departamento de Cultura del Instituto Cervantes) sobre el cine en espa\u00f1ol y sobre la distribuci\u00f3n de cortometrajes en el mercado de festivales en Latinoam\u00e9rica y por Marian Velazquez(encargada de la gesti\u00f3n de la plataforma, Click for Festivals) Espa\u00f1a. Ambas con entrada&hellip;","og_url":"https:\/\/fecha.gr\/es\/2662\/presentaciones-cine-espanol-o-cine-en-espanol-la-distribucion-del-cortometraje-joven-entrada-libre\/","og_site_name":"FeCHA - Festival de Cine Hispan\u00f3fono de Atenas \/ Hispanic Film Festival of Athens","article_published_time":"2019-05-08T08:51:07+00:00","article_modified_time":"2019-05-24T08:51:23+00:00","og_image":[{"width":2048,"height":1536,"url":"https:\/\/fecha.gr\/wp-content\/uploads\/2019\/05\/cinema-wallpaper-14.jpg","type":"image\/jpeg"}],"author":"fes","twitter_card":"summary_large_image","schema":{"@context":"https:\/\/schema.org","@graph":[{"@type":"Article","@id":"https:\/\/fecha.gr\/es\/2662\/presentaciones-cine-espanol-o-cine-en-espanol-la-distribucion-del-cortometraje-joven-entrada-libre\/#article","isPartOf":{"@id":"https:\/\/fecha.gr\/es\/2662\/presentaciones-cine-espanol-o-cine-en-espanol-la-distribucion-del-cortometraje-joven-entrada-libre\/"},"author":{"name":"fes","@id":"https:\/\/fecha.gr\/#\/schema\/person\/7aeeb4cb445b980097bd9e97d4cc2e8d"},"headline":"Presentaciones: \u00bfCine espa\u00f1ol o cine en espa\u00f1ol? &#038; La distribuci\u00f3n del cortometraje \u00abjoven\u00bb | entrada libre","datePublished":"2019-05-08T08:51:07+00:00","dateModified":"2019-05-24T08:51:23+00:00","mainEntityOfPage":{"@id":"https:\/\/fecha.gr\/es\/2662\/presentaciones-cine-espanol-o-cine-en-espanol-la-distribucion-del-cortometraje-joven-entrada-libre\/"},"wordCount":592,"publisher":{"@id":"https:\/\/fecha.gr\/#organization"},"image":{"@id":"https:\/\/fecha.gr\/es\/2662\/presentaciones-cine-espanol-o-cine-en-espanol-la-distribucion-del-cortometraje-joven-entrada-libre\/#primaryimage"},"thumbnailUrl":"https:\/\/fecha.gr\/wp-content\/uploads\/2019\/05\/cinema-wallpaper-14.jpg","articleSection":["Noticias","Noticias 2019"],"inLanguage":"es"},{"@type":"WebPage","@id":"https:\/\/fecha.gr\/es\/2662\/presentaciones-cine-espanol-o-cine-en-espanol-la-distribucion-del-cortometraje-joven-entrada-libre\/","url":"https:\/\/fecha.gr\/es\/2662\/presentaciones-cine-espanol-o-cine-en-espanol-la-distribucion-del-cortometraje-joven-entrada-libre\/","name":"Presentaciones: \u00bfCine espa\u00f1ol o cine en espa\u00f1ol? & La distribuci\u00f3n del cortometraje \"joven\" | entrada libre - FeCHA - Festival de Cine Hispan\u00f3fono de Atenas \/ Hispanic Film Festival of Athens","isPartOf":{"@id":"https:\/\/fecha.gr\/#website"},"primaryImageOfPage":{"@id":"https:\/\/fecha.gr\/es\/2662\/presentaciones-cine-espanol-o-cine-en-espanol-la-distribucion-del-cortometraje-joven-entrada-libre\/#primaryimage"},"image":{"@id":"https:\/\/fecha.gr\/es\/2662\/presentaciones-cine-espanol-o-cine-en-espanol-la-distribucion-del-cortometraje-joven-entrada-libre\/#primaryimage"},"thumbnailUrl":"https:\/\/fecha.gr\/wp-content\/uploads\/2019\/05\/cinema-wallpaper-14.jpg","datePublished":"2019-05-08T08:51:07+00:00","dateModified":"2019-05-24T08:51:23+00:00","breadcrumb":{"@id":"https:\/\/fecha.gr\/es\/2662\/presentaciones-cine-espanol-o-cine-en-espanol-la-distribucion-del-cortometraje-joven-entrada-libre\/#breadcrumb"},"inLanguage":"es","potentialAction":[{"@type":"ReadAction","target":["https:\/\/fecha.gr\/es\/2662\/presentaciones-cine-espanol-o-cine-en-espanol-la-distribucion-del-cortometraje-joven-entrada-libre\/"]}]},{"@type":"ImageObject","inLanguage":"es","@id":"https:\/\/fecha.gr\/es\/2662\/presentaciones-cine-espanol-o-cine-en-espanol-la-distribucion-del-cortometraje-joven-entrada-libre\/#primaryimage","url":"https:\/\/fecha.gr\/wp-content\/uploads\/2019\/05\/cinema-wallpaper-14.jpg","contentUrl":"https:\/\/fecha.gr\/wp-content\/uploads\/2019\/05\/cinema-wallpaper-14.jpg","width":2048,"height":1536},{"@type":"BreadcrumbList","@id":"https:\/\/fecha.gr\/es\/2662\/presentaciones-cine-espanol-o-cine-en-espanol-la-distribucion-del-cortometraje-joven-entrada-libre\/#breadcrumb","itemListElement":[{"@type":"ListItem","position":1,"name":"Home","item":"https:\/\/fecha.gr\/es\/coming-soon\/"},{"@type":"ListItem","position":2,"name":"Presentaciones: \u00bfCine espa\u00f1ol o cine en espa\u00f1ol? &#038; La distribuci\u00f3n del cortometraje \u00abjoven\u00bb | entrada libre"}]},{"@type":"WebSite","@id":"https:\/\/fecha.gr\/#website","url":"https:\/\/fecha.gr\/","name":"FeCHA - Festival de Cine Hispan\u00f3fono de Atenas \/ Hispanic Film Festival of Athens","description":"","publisher":{"@id":"https:\/\/fecha.gr\/#organization"},"potentialAction":[{"@type":"SearchAction","target":{"@type":"EntryPoint","urlTemplate":"https:\/\/fecha.gr\/?s={search_term_string}"},"query-input":{"@type":"PropertyValueSpecification","valueRequired":true,"valueName":"search_term_string"}}],"inLanguage":"es"},{"@type":"Organization","@id":"https:\/\/fecha.gr\/#organization","name":"FeCHA - Festival de Cine Hispan\u00f3fono de Atenas","url":"https:\/\/fecha.gr\/","logo":{"@type":"ImageObject","inLanguage":"es","@id":"https:\/\/fecha.gr\/#\/schema\/logo\/image\/","url":"https:\/\/fecha.gr\/wp-content\/uploads\/2016\/05\/favicon-fecha.png","contentUrl":"https:\/\/fecha.gr\/wp-content\/uploads\/2016\/05\/favicon-fecha.png","width":1000,"height":1000,"caption":"FeCHA - Festival de Cine Hispan\u00f3fono de Atenas"},"image":{"@id":"https:\/\/fecha.gr\/#\/schema\/logo\/image\/"}},{"@type":"Person","@id":"https:\/\/fecha.gr\/#\/schema\/person\/7aeeb4cb445b980097bd9e97d4cc2e8d","name":"fes","url":"https:\/\/fecha.gr\/es\/author\/fes\/"}]}},"_links":{"self":[{"href":"https:\/\/fecha.gr\/es\/wp-json\/wp\/v2\/posts\/2662","targetHints":{"allow":["GET"]}}],"collection":[{"href":"https:\/\/fecha.gr\/es\/wp-json\/wp\/v2\/posts"}],"about":[{"href":"https:\/\/fecha.gr\/es\/wp-json\/wp\/v2\/types\/post"}],"author":[{"embeddable":true,"href":"https:\/\/fecha.gr\/es\/wp-json\/wp\/v2\/users\/2"}],"replies":[{"embeddable":true,"href":"https:\/\/fecha.gr\/es\/wp-json\/wp\/v2\/comments?post=2662"}],"version-history":[{"count":0,"href":"https:\/\/fecha.gr\/es\/wp-json\/wp\/v2\/posts\/2662\/revisions"}],"wp:featuredmedia":[{"embeddable":true,"href":"https:\/\/fecha.gr\/es\/wp-json\/wp\/v2\/media\/2624"}],"wp:attachment":[{"href":"https:\/\/fecha.gr\/es\/wp-json\/wp\/v2\/media?parent=2662"}],"wp:term":[{"taxonomy":"category","embeddable":true,"href":"https:\/\/fecha.gr\/es\/wp-json\/wp\/v2\/categories?post=2662"},{"taxonomy":"post_tag","embeddable":true,"href":"https:\/\/fecha.gr\/es\/wp-json\/wp\/v2\/tags?post=2662"}],"curies":[{"name":"wp","href":"https:\/\/api.w.org\/{rel}","templated":true}]}}