
{"id":2383,"date":"2019-04-27T13:46:41","date_gmt":"2019-04-27T10:46:41","guid":{"rendered":"https:\/\/fecha.gr\/?p=2383"},"modified":"2019-05-02T10:52:14","modified_gmt":"2019-05-02T07:52:14","slug":"cuando-dejes-de-quererme","status":"publish","type":"post","link":"https:\/\/fecha.gr\/es\/2383\/cuando-dejes-de-quererme\/","title":{"rendered":"Cuando Dejes de Quererme"},"content":{"rendered":"<p>Laura vive en Buenos Aires con su padrastro Fredo. Un d\u00eda recibe una llamada desde Espa\u00f1a: el cuerpo de su padre acaba de ser encontrado enterrado m\u00e1s de 30 a\u00f1os, fue asesinado de un disparo en la nuca. Laura y Fredo deciden volar a Espa\u00f1a y as\u00ed enterrar a su padre. En su viaje conocer\u00e1 a Javier, agente de seguros, que comunica a Laura la existencia de un seguro de vida firmado por su padre. Emprender\u00e1 junto a ella y Fredo una particular investigaci\u00f3n para descubrir qui\u00e9n acab\u00f3 con la vida de F\u00e9lix Careaga.<\/p>\n<p>Director: Igor Legarreta<br \/>\nPa\u00eds: Argentina, Espa\u00f1a<br \/>\nA\u00f1o: 2018<br \/>\nDuraci\u00f3n: 102\u2019<\/p>\n<div class=\"x-resp-embed x-is-video x-is-youtube\"><iframe loading=\"lazy\" title=\"\u038c\u03c4\u03b1\u03bd \u0388\u03c0\u03b1\u03c8\u03b5\u03c2 \u03bd\u03b1 \u03bc\u03b5 \u0391\u03b3\u03b1\u03c0\u03ac\u03c2 \/ Cuando Dejes de Quererme Trailer - \u0395\u03bb\u03bb\u03b7\u03bd\u03b9\u03ba\u03bf\u03af \u03a5\u03c0\u03cc\u03c4\u03b9\u03c4\u03bb\u03bf\u03b9\" width=\"500\" height=\"281\" src=\"https:\/\/www.youtube.com\/embed\/RBsd6IOsdUc?feature=oembed\" frameborder=\"0\" allow=\"accelerometer; autoplay; clipboard-write; encrypted-media; gyroscope; picture-in-picture; web-share\" referrerpolicy=\"strict-origin-when-cross-origin\" allowfullscreen><\/iframe><\/div>\n","protected":false},"excerpt":{"rendered":"<p>Laura vive en Buenos Aires con su padrastro Fredo. Un d\u00eda recibe una llamada desde Espa\u00f1a: el cuerpo de su padre acaba de ser encontrado enterrado m\u00e1s de 30 a\u00f1os, fue asesinado de un disparo en la nuca. Laura y Fredo deciden volar a Espa\u00f1a y as\u00ed enterrar a su padre. En su viaje conocer\u00e1 a Javier, agente de seguros,&hellip;<\/p>\n","protected":false},"author":2,"featured_media":2378,"comment_status":"closed","ping_status":"closed","sticky":false,"template":"","format":"standard","meta":{"powered_cache_disable_cache":false,"footnotes":""},"categories":[20,50],"tags":[],"class_list":["post-2383","post","type-post","status-publish","format-standard","has-post-thumbnail","hentry","category-pelicula","category-peliculas-2019"],"yoast_head":"<!-- This site is optimized with the Yoast SEO plugin v27.4 - https:\/\/yoast.com\/product\/yoast-seo-wordpress\/ -->\n<title>Cuando Dejes de Quererme - FeCHA - Festival de Cine Hispan\u00f3fono de Atenas \/ Hispanic Film Festival of Athens<\/title>\n<meta name=\"robots\" content=\"index, follow, max-snippet:-1, max-image-preview:large, max-video-preview:-1\" \/>\n<link rel=\"canonical\" href=\"https:\/\/fecha.gr\/es\/2383\/cuando-dejes-de-quererme\/\" \/>\n<meta property=\"og:locale\" content=\"es_ES\" \/>\n<meta property=\"og:type\" content=\"article\" \/>\n<meta property=\"og:title\" content=\"Cuando Dejes de Quererme - FeCHA - Festival de Cine Hispan\u00f3fono de Atenas \/ Hispanic Film Festival of Athens\" \/>\n<meta property=\"og:description\" content=\"Laura vive en Buenos Aires con su padrastro Fredo. Un d\u00eda recibe una llamada desde Espa\u00f1a: el cuerpo de su padre acaba de ser encontrado enterrado m\u00e1s de 30 a\u00f1os, fue asesinado de un disparo en la nuca. Laura y Fredo deciden volar a Espa\u00f1a y as\u00ed enterrar a su padre. En su viaje conocer\u00e1 a Javier, agente de seguros,&hellip;\" \/>\n<meta property=\"og:url\" content=\"https:\/\/fecha.gr\/es\/2383\/cuando-dejes-de-quererme\/\" \/>\n<meta property=\"og:site_name\" content=\"FeCHA - Festival de Cine Hispan\u00f3fono de Atenas \/ Hispanic Film Festival of Athens\" \/>\n<meta property=\"article:published_time\" content=\"2019-04-27T10:46:41+00:00\" \/>\n<meta property=\"article:modified_time\" content=\"2019-05-02T07:52:14+00:00\" \/>\n<meta property=\"og:image\" content=\"https:\/\/fecha.gr\/wp-content\/uploads\/2019\/04\/cuando-dejes-de-quererme-5.jpg\" \/>\n\t<meta property=\"og:image:width\" content=\"1200\" \/>\n\t<meta property=\"og:image:height\" content=\"675\" \/>\n\t<meta property=\"og:image:type\" content=\"image\/jpeg\" \/>\n<meta name=\"author\" content=\"fes\" \/>\n<meta name=\"twitter:card\" content=\"summary_large_image\" \/>\n<script type=\"application\/ld+json\" class=\"yoast-schema-graph\">{\"@context\":\"https:\\\/\\\/schema.org\",\"@graph\":[{\"@type\":\"Article\",\"@id\":\"https:\\\/\\\/fecha.gr\\\/es\\\/2383\\\/cuando-dejes-de-quererme\\\/#article\",\"isPartOf\":{\"@id\":\"https:\\\/\\\/fecha.gr\\\/es\\\/2383\\\/cuando-dejes-de-quererme\\\/\"},\"author\":{\"name\":\"fes\",\"@id\":\"https:\\\/\\\/fecha.gr\\\/#\\\/schema\\\/person\\\/7aeeb4cb445b980097bd9e97d4cc2e8d\"},\"headline\":\"Cuando Dejes de Quererme\",\"datePublished\":\"2019-04-27T10:46:41+00:00\",\"dateModified\":\"2019-05-02T07:52:14+00:00\",\"mainEntityOfPage\":{\"@id\":\"https:\\\/\\\/fecha.gr\\\/es\\\/2383\\\/cuando-dejes-de-quererme\\\/\"},\"wordCount\":122,\"publisher\":{\"@id\":\"https:\\\/\\\/fecha.gr\\\/#organization\"},\"image\":{\"@id\":\"https:\\\/\\\/fecha.gr\\\/es\\\/2383\\\/cuando-dejes-de-quererme\\\/#primaryimage\"},\"thumbnailUrl\":\"https:\\\/\\\/fecha.gr\\\/wp-content\\\/uploads\\\/2019\\\/04\\\/cuando-dejes-de-quererme-5.jpg\",\"articleSection\":[\"Pel\u00edcula\",\"Pel\u00edculas 2019\"],\"inLanguage\":\"es\"},{\"@type\":\"WebPage\",\"@id\":\"https:\\\/\\\/fecha.gr\\\/es\\\/2383\\\/cuando-dejes-de-quererme\\\/\",\"url\":\"https:\\\/\\\/fecha.gr\\\/es\\\/2383\\\/cuando-dejes-de-quererme\\\/\",\"name\":\"Cuando Dejes de Quererme - FeCHA - Festival de Cine Hispan\u00f3fono de Atenas \\\/ Hispanic Film Festival of Athens\",\"isPartOf\":{\"@id\":\"https:\\\/\\\/fecha.gr\\\/#website\"},\"primaryImageOfPage\":{\"@id\":\"https:\\\/\\\/fecha.gr\\\/es\\\/2383\\\/cuando-dejes-de-quererme\\\/#primaryimage\"},\"image\":{\"@id\":\"https:\\\/\\\/fecha.gr\\\/es\\\/2383\\\/cuando-dejes-de-quererme\\\/#primaryimage\"},\"thumbnailUrl\":\"https:\\\/\\\/fecha.gr\\\/wp-content\\\/uploads\\\/2019\\\/04\\\/cuando-dejes-de-quererme-5.jpg\",\"datePublished\":\"2019-04-27T10:46:41+00:00\",\"dateModified\":\"2019-05-02T07:52:14+00:00\",\"breadcrumb\":{\"@id\":\"https:\\\/\\\/fecha.gr\\\/es\\\/2383\\\/cuando-dejes-de-quererme\\\/#breadcrumb\"},\"inLanguage\":\"es\",\"potentialAction\":[{\"@type\":\"ReadAction\",\"target\":[\"https:\\\/\\\/fecha.gr\\\/es\\\/2383\\\/cuando-dejes-de-quererme\\\/\"]}]},{\"@type\":\"ImageObject\",\"inLanguage\":\"es\",\"@id\":\"https:\\\/\\\/fecha.gr\\\/es\\\/2383\\\/cuando-dejes-de-quererme\\\/#primaryimage\",\"url\":\"https:\\\/\\\/fecha.gr\\\/wp-content\\\/uploads\\\/2019\\\/04\\\/cuando-dejes-de-quererme-5.jpg\",\"contentUrl\":\"https:\\\/\\\/fecha.gr\\\/wp-content\\\/uploads\\\/2019\\\/04\\\/cuando-dejes-de-quererme-5.jpg\",\"width\":1200,\"height\":675},{\"@type\":\"BreadcrumbList\",\"@id\":\"https:\\\/\\\/fecha.gr\\\/es\\\/2383\\\/cuando-dejes-de-quererme\\\/#breadcrumb\",\"itemListElement\":[{\"@type\":\"ListItem\",\"position\":1,\"name\":\"Home\",\"item\":\"https:\\\/\\\/fecha.gr\\\/es\\\/coming-soon\\\/\"},{\"@type\":\"ListItem\",\"position\":2,\"name\":\"Cuando Dejes de Quererme\"}]},{\"@type\":\"WebSite\",\"@id\":\"https:\\\/\\\/fecha.gr\\\/#website\",\"url\":\"https:\\\/\\\/fecha.gr\\\/\",\"name\":\"FeCHA - Festival de Cine Hispan\u00f3fono de Atenas \\\/ Hispanic Film Festival of Athens\",\"description\":\"\",\"publisher\":{\"@id\":\"https:\\\/\\\/fecha.gr\\\/#organization\"},\"potentialAction\":[{\"@type\":\"SearchAction\",\"target\":{\"@type\":\"EntryPoint\",\"urlTemplate\":\"https:\\\/\\\/fecha.gr\\\/?s={search_term_string}\"},\"query-input\":{\"@type\":\"PropertyValueSpecification\",\"valueRequired\":true,\"valueName\":\"search_term_string\"}}],\"inLanguage\":\"es\"},{\"@type\":\"Organization\",\"@id\":\"https:\\\/\\\/fecha.gr\\\/#organization\",\"name\":\"FeCHA - Festival de Cine Hispan\u00f3fono de Atenas\",\"url\":\"https:\\\/\\\/fecha.gr\\\/\",\"logo\":{\"@type\":\"ImageObject\",\"inLanguage\":\"es\",\"@id\":\"https:\\\/\\\/fecha.gr\\\/#\\\/schema\\\/logo\\\/image\\\/\",\"url\":\"https:\\\/\\\/fecha.gr\\\/wp-content\\\/uploads\\\/2016\\\/05\\\/favicon-fecha.png\",\"contentUrl\":\"https:\\\/\\\/fecha.gr\\\/wp-content\\\/uploads\\\/2016\\\/05\\\/favicon-fecha.png\",\"width\":1000,\"height\":1000,\"caption\":\"FeCHA - Festival de Cine Hispan\u00f3fono de Atenas\"},\"image\":{\"@id\":\"https:\\\/\\\/fecha.gr\\\/#\\\/schema\\\/logo\\\/image\\\/\"}},{\"@type\":\"Person\",\"@id\":\"https:\\\/\\\/fecha.gr\\\/#\\\/schema\\\/person\\\/7aeeb4cb445b980097bd9e97d4cc2e8d\",\"name\":\"fes\",\"url\":\"https:\\\/\\\/fecha.gr\\\/es\\\/author\\\/fes\\\/\"}]}<\/script>\n<!-- \/ Yoast SEO plugin. -->","yoast_head_json":{"title":"Cuando Dejes de Quererme - FeCHA - Festival de Cine Hispan\u00f3fono de Atenas \/ Hispanic Film Festival of Athens","robots":{"index":"index","follow":"follow","max-snippet":"max-snippet:-1","max-image-preview":"max-image-preview:large","max-video-preview":"max-video-preview:-1"},"canonical":"https:\/\/fecha.gr\/es\/2383\/cuando-dejes-de-quererme\/","og_locale":"es_ES","og_type":"article","og_title":"Cuando Dejes de Quererme - FeCHA - Festival de Cine Hispan\u00f3fono de Atenas \/ Hispanic Film Festival of Athens","og_description":"Laura vive en Buenos Aires con su padrastro Fredo. Un d\u00eda recibe una llamada desde Espa\u00f1a: el cuerpo de su padre acaba de ser encontrado enterrado m\u00e1s de 30 a\u00f1os, fue asesinado de un disparo en la nuca. Laura y Fredo deciden volar a Espa\u00f1a y as\u00ed enterrar a su padre. En su viaje conocer\u00e1 a Javier, agente de seguros,&hellip;","og_url":"https:\/\/fecha.gr\/es\/2383\/cuando-dejes-de-quererme\/","og_site_name":"FeCHA - Festival de Cine Hispan\u00f3fono de Atenas \/ Hispanic Film Festival of Athens","article_published_time":"2019-04-27T10:46:41+00:00","article_modified_time":"2019-05-02T07:52:14+00:00","og_image":[{"width":1200,"height":675,"url":"https:\/\/fecha.gr\/wp-content\/uploads\/2019\/04\/cuando-dejes-de-quererme-5.jpg","type":"image\/jpeg"}],"author":"fes","twitter_card":"summary_large_image","schema":{"@context":"https:\/\/schema.org","@graph":[{"@type":"Article","@id":"https:\/\/fecha.gr\/es\/2383\/cuando-dejes-de-quererme\/#article","isPartOf":{"@id":"https:\/\/fecha.gr\/es\/2383\/cuando-dejes-de-quererme\/"},"author":{"name":"fes","@id":"https:\/\/fecha.gr\/#\/schema\/person\/7aeeb4cb445b980097bd9e97d4cc2e8d"},"headline":"Cuando Dejes de Quererme","datePublished":"2019-04-27T10:46:41+00:00","dateModified":"2019-05-02T07:52:14+00:00","mainEntityOfPage":{"@id":"https:\/\/fecha.gr\/es\/2383\/cuando-dejes-de-quererme\/"},"wordCount":122,"publisher":{"@id":"https:\/\/fecha.gr\/#organization"},"image":{"@id":"https:\/\/fecha.gr\/es\/2383\/cuando-dejes-de-quererme\/#primaryimage"},"thumbnailUrl":"https:\/\/fecha.gr\/wp-content\/uploads\/2019\/04\/cuando-dejes-de-quererme-5.jpg","articleSection":["Pel\u00edcula","Pel\u00edculas 2019"],"inLanguage":"es"},{"@type":"WebPage","@id":"https:\/\/fecha.gr\/es\/2383\/cuando-dejes-de-quererme\/","url":"https:\/\/fecha.gr\/es\/2383\/cuando-dejes-de-quererme\/","name":"Cuando Dejes de Quererme - FeCHA - Festival de Cine Hispan\u00f3fono de Atenas \/ Hispanic Film Festival of Athens","isPartOf":{"@id":"https:\/\/fecha.gr\/#website"},"primaryImageOfPage":{"@id":"https:\/\/fecha.gr\/es\/2383\/cuando-dejes-de-quererme\/#primaryimage"},"image":{"@id":"https:\/\/fecha.gr\/es\/2383\/cuando-dejes-de-quererme\/#primaryimage"},"thumbnailUrl":"https:\/\/fecha.gr\/wp-content\/uploads\/2019\/04\/cuando-dejes-de-quererme-5.jpg","datePublished":"2019-04-27T10:46:41+00:00","dateModified":"2019-05-02T07:52:14+00:00","breadcrumb":{"@id":"https:\/\/fecha.gr\/es\/2383\/cuando-dejes-de-quererme\/#breadcrumb"},"inLanguage":"es","potentialAction":[{"@type":"ReadAction","target":["https:\/\/fecha.gr\/es\/2383\/cuando-dejes-de-quererme\/"]}]},{"@type":"ImageObject","inLanguage":"es","@id":"https:\/\/fecha.gr\/es\/2383\/cuando-dejes-de-quererme\/#primaryimage","url":"https:\/\/fecha.gr\/wp-content\/uploads\/2019\/04\/cuando-dejes-de-quererme-5.jpg","contentUrl":"https:\/\/fecha.gr\/wp-content\/uploads\/2019\/04\/cuando-dejes-de-quererme-5.jpg","width":1200,"height":675},{"@type":"BreadcrumbList","@id":"https:\/\/fecha.gr\/es\/2383\/cuando-dejes-de-quererme\/#breadcrumb","itemListElement":[{"@type":"ListItem","position":1,"name":"Home","item":"https:\/\/fecha.gr\/es\/coming-soon\/"},{"@type":"ListItem","position":2,"name":"Cuando Dejes de Quererme"}]},{"@type":"WebSite","@id":"https:\/\/fecha.gr\/#website","url":"https:\/\/fecha.gr\/","name":"FeCHA - Festival de Cine Hispan\u00f3fono de Atenas \/ Hispanic Film Festival of Athens","description":"","publisher":{"@id":"https:\/\/fecha.gr\/#organization"},"potentialAction":[{"@type":"SearchAction","target":{"@type":"EntryPoint","urlTemplate":"https:\/\/fecha.gr\/?s={search_term_string}"},"query-input":{"@type":"PropertyValueSpecification","valueRequired":true,"valueName":"search_term_string"}}],"inLanguage":"es"},{"@type":"Organization","@id":"https:\/\/fecha.gr\/#organization","name":"FeCHA - Festival de Cine Hispan\u00f3fono de Atenas","url":"https:\/\/fecha.gr\/","logo":{"@type":"ImageObject","inLanguage":"es","@id":"https:\/\/fecha.gr\/#\/schema\/logo\/image\/","url":"https:\/\/fecha.gr\/wp-content\/uploads\/2016\/05\/favicon-fecha.png","contentUrl":"https:\/\/fecha.gr\/wp-content\/uploads\/2016\/05\/favicon-fecha.png","width":1000,"height":1000,"caption":"FeCHA - Festival de Cine Hispan\u00f3fono de Atenas"},"image":{"@id":"https:\/\/fecha.gr\/#\/schema\/logo\/image\/"}},{"@type":"Person","@id":"https:\/\/fecha.gr\/#\/schema\/person\/7aeeb4cb445b980097bd9e97d4cc2e8d","name":"fes","url":"https:\/\/fecha.gr\/es\/author\/fes\/"}]}},"_links":{"self":[{"href":"https:\/\/fecha.gr\/es\/wp-json\/wp\/v2\/posts\/2383","targetHints":{"allow":["GET"]}}],"collection":[{"href":"https:\/\/fecha.gr\/es\/wp-json\/wp\/v2\/posts"}],"about":[{"href":"https:\/\/fecha.gr\/es\/wp-json\/wp\/v2\/types\/post"}],"author":[{"embeddable":true,"href":"https:\/\/fecha.gr\/es\/wp-json\/wp\/v2\/users\/2"}],"replies":[{"embeddable":true,"href":"https:\/\/fecha.gr\/es\/wp-json\/wp\/v2\/comments?post=2383"}],"version-history":[{"count":0,"href":"https:\/\/fecha.gr\/es\/wp-json\/wp\/v2\/posts\/2383\/revisions"}],"wp:featuredmedia":[{"embeddable":true,"href":"https:\/\/fecha.gr\/es\/wp-json\/wp\/v2\/media\/2378"}],"wp:attachment":[{"href":"https:\/\/fecha.gr\/es\/wp-json\/wp\/v2\/media?parent=2383"}],"wp:term":[{"taxonomy":"category","embeddable":true,"href":"https:\/\/fecha.gr\/es\/wp-json\/wp\/v2\/categories?post=2383"},{"taxonomy":"post_tag","embeddable":true,"href":"https:\/\/fecha.gr\/es\/wp-json\/wp\/v2\/tags?post=2383"}],"curies":[{"name":"wp","href":"https:\/\/api.w.org\/{rel}","templated":true}]}}