
{"id":2346,"date":"2019-04-27T13:02:41","date_gmt":"2019-04-27T10:02:41","guid":{"rendered":"https:\/\/fecha.gr\/?p=2346"},"modified":"2019-05-02T10:55:32","modified_gmt":"2019-05-02T07:55:32","slug":"matar-a-jesus","status":"publish","type":"post","link":"https:\/\/fecha.gr\/es\/2346\/matar-a-jesus\/","title":{"rendered":"Matar a Jes\u00fas"},"content":{"rendered":"<p>Paula es una joven de 22 a\u00f1os que presencia el asesinato de su padre. Un par de meses despu\u00e9s del asesinato, Paula se cruza con Jes\u00fas, el joven que cometi\u00f3 el crimen, lo que provocar\u00e1 una lucha interna entre su moralidad y el deseo de querer vengar la muerte de su padre.<\/p>\n<p>Director: Laura Mora<br \/>\nPa\u00eds: Colombia, Argentina<br \/>\nA\u00f1o: 2017<br \/>\nDuraci\u00f3n: 100\u2019<\/p>\n<div class=\"x-resp-embed x-is-video x-is-youtube\"><iframe loading=\"lazy\" title=\"\u039f \u03a7\u03b5\u03c3\u03bf\u03cd\u03c2 \u03a0\u03c1\u03ad\u03c0\u03b5\u03b9 \u03bd\u03b1 \u03a0\u03b5\u03b8\u03ac\u03bd\u03b5\u03b9 \/ Matar a Jes\u00fas Trailer - \u0395\u03bb\u03bb\u03b7\u03bd\u03b9\u03ba\u03bf\u03af \u03a5\u03c0\u03cc\u03c4\u03b9\u03c4\u03bb\u03bf\u03b9\" width=\"500\" height=\"281\" src=\"https:\/\/www.youtube.com\/embed\/nXJlF1EhN-c?feature=oembed\" frameborder=\"0\" allow=\"accelerometer; autoplay; clipboard-write; encrypted-media; gyroscope; picture-in-picture; web-share\" referrerpolicy=\"strict-origin-when-cross-origin\" allowfullscreen><\/iframe><\/div>\n","protected":false},"excerpt":{"rendered":"<p>Paula es una joven de 22 a\u00f1os que presencia el asesinato de su padre. Un par de meses despu\u00e9s del asesinato, Paula se cruza con Jes\u00fas, el joven que cometi\u00f3 el crimen, lo que provocar\u00e1 una lucha interna entre su moralidad y el deseo de querer vengar la muerte de su padre. Director: Laura Mora Pa\u00eds: Colombia, Argentina A\u00f1o: 2017&hellip;<\/p>\n","protected":false},"author":2,"featured_media":2343,"comment_status":"closed","ping_status":"closed","sticky":false,"template":"","format":"standard","meta":{"powered_cache_disable_cache":false,"footnotes":""},"categories":[20,50],"tags":[],"class_list":["post-2346","post","type-post","status-publish","format-standard","has-post-thumbnail","hentry","category-pelicula","category-peliculas-2019"],"yoast_head":"<!-- This site is optimized with the Yoast SEO plugin v27.4 - https:\/\/yoast.com\/product\/yoast-seo-wordpress\/ -->\n<title>Matar a Jes\u00fas - FeCHA - Festival de Cine Hispan\u00f3fono de Atenas \/ Hispanic Film Festival of Athens<\/title>\n<meta name=\"robots\" content=\"index, follow, max-snippet:-1, max-image-preview:large, max-video-preview:-1\" \/>\n<link rel=\"canonical\" href=\"https:\/\/fecha.gr\/es\/2346\/matar-a-jesus\/\" \/>\n<meta property=\"og:locale\" content=\"es_ES\" \/>\n<meta property=\"og:type\" content=\"article\" \/>\n<meta property=\"og:title\" content=\"Matar a Jes\u00fas - FeCHA - Festival de Cine Hispan\u00f3fono de Atenas \/ Hispanic Film Festival of Athens\" \/>\n<meta property=\"og:description\" content=\"Paula es una joven de 22 a\u00f1os que presencia el asesinato de su padre. Un par de meses despu\u00e9s del asesinato, Paula se cruza con Jes\u00fas, el joven que cometi\u00f3 el crimen, lo que provocar\u00e1 una lucha interna entre su moralidad y el deseo de querer vengar la muerte de su padre. Director: Laura Mora Pa\u00eds: Colombia, Argentina A\u00f1o: 2017&hellip;\" \/>\n<meta property=\"og:url\" content=\"https:\/\/fecha.gr\/es\/2346\/matar-a-jesus\/\" \/>\n<meta property=\"og:site_name\" content=\"FeCHA - Festival de Cine Hispan\u00f3fono de Atenas \/ Hispanic Film Festival of Athens\" \/>\n<meta property=\"article:published_time\" content=\"2019-04-27T10:02:41+00:00\" \/>\n<meta property=\"article:modified_time\" content=\"2019-05-02T07:55:32+00:00\" \/>\n<meta property=\"og:image\" content=\"https:\/\/fecha.gr\/wp-content\/uploads\/2019\/04\/matar-jesus.jpg\" \/>\n\t<meta property=\"og:image:width\" content=\"1000\" \/>\n\t<meta property=\"og:image:height\" content=\"563\" \/>\n\t<meta property=\"og:image:type\" content=\"image\/jpeg\" \/>\n<meta name=\"author\" content=\"fes\" \/>\n<meta name=\"twitter:card\" content=\"summary_large_image\" \/>\n<script type=\"application\/ld+json\" class=\"yoast-schema-graph\">{\"@context\":\"https:\\\/\\\/schema.org\",\"@graph\":[{\"@type\":\"Article\",\"@id\":\"https:\\\/\\\/fecha.gr\\\/es\\\/2346\\\/matar-a-jesus\\\/#article\",\"isPartOf\":{\"@id\":\"https:\\\/\\\/fecha.gr\\\/es\\\/2346\\\/matar-a-jesus\\\/\"},\"author\":{\"name\":\"fes\",\"@id\":\"https:\\\/\\\/fecha.gr\\\/#\\\/schema\\\/person\\\/7aeeb4cb445b980097bd9e97d4cc2e8d\"},\"headline\":\"Matar a Jes\u00fas\",\"datePublished\":\"2019-04-27T10:02:41+00:00\",\"dateModified\":\"2019-05-02T07:55:32+00:00\",\"mainEntityOfPage\":{\"@id\":\"https:\\\/\\\/fecha.gr\\\/es\\\/2346\\\/matar-a-jesus\\\/\"},\"wordCount\":74,\"publisher\":{\"@id\":\"https:\\\/\\\/fecha.gr\\\/#organization\"},\"image\":{\"@id\":\"https:\\\/\\\/fecha.gr\\\/es\\\/2346\\\/matar-a-jesus\\\/#primaryimage\"},\"thumbnailUrl\":\"https:\\\/\\\/fecha.gr\\\/wp-content\\\/uploads\\\/2019\\\/04\\\/matar-jesus.jpg\",\"articleSection\":[\"Pel\u00edcula\",\"Pel\u00edculas 2019\"],\"inLanguage\":\"es\"},{\"@type\":\"WebPage\",\"@id\":\"https:\\\/\\\/fecha.gr\\\/es\\\/2346\\\/matar-a-jesus\\\/\",\"url\":\"https:\\\/\\\/fecha.gr\\\/es\\\/2346\\\/matar-a-jesus\\\/\",\"name\":\"Matar a Jes\u00fas - FeCHA - Festival de Cine Hispan\u00f3fono de Atenas \\\/ Hispanic Film Festival of Athens\",\"isPartOf\":{\"@id\":\"https:\\\/\\\/fecha.gr\\\/#website\"},\"primaryImageOfPage\":{\"@id\":\"https:\\\/\\\/fecha.gr\\\/es\\\/2346\\\/matar-a-jesus\\\/#primaryimage\"},\"image\":{\"@id\":\"https:\\\/\\\/fecha.gr\\\/es\\\/2346\\\/matar-a-jesus\\\/#primaryimage\"},\"thumbnailUrl\":\"https:\\\/\\\/fecha.gr\\\/wp-content\\\/uploads\\\/2019\\\/04\\\/matar-jesus.jpg\",\"datePublished\":\"2019-04-27T10:02:41+00:00\",\"dateModified\":\"2019-05-02T07:55:32+00:00\",\"breadcrumb\":{\"@id\":\"https:\\\/\\\/fecha.gr\\\/es\\\/2346\\\/matar-a-jesus\\\/#breadcrumb\"},\"inLanguage\":\"es\",\"potentialAction\":[{\"@type\":\"ReadAction\",\"target\":[\"https:\\\/\\\/fecha.gr\\\/es\\\/2346\\\/matar-a-jesus\\\/\"]}]},{\"@type\":\"ImageObject\",\"inLanguage\":\"es\",\"@id\":\"https:\\\/\\\/fecha.gr\\\/es\\\/2346\\\/matar-a-jesus\\\/#primaryimage\",\"url\":\"https:\\\/\\\/fecha.gr\\\/wp-content\\\/uploads\\\/2019\\\/04\\\/matar-jesus.jpg\",\"contentUrl\":\"https:\\\/\\\/fecha.gr\\\/wp-content\\\/uploads\\\/2019\\\/04\\\/matar-jesus.jpg\",\"width\":1000,\"height\":563},{\"@type\":\"BreadcrumbList\",\"@id\":\"https:\\\/\\\/fecha.gr\\\/es\\\/2346\\\/matar-a-jesus\\\/#breadcrumb\",\"itemListElement\":[{\"@type\":\"ListItem\",\"position\":1,\"name\":\"Home\",\"item\":\"https:\\\/\\\/fecha.gr\\\/es\\\/coming-soon\\\/\"},{\"@type\":\"ListItem\",\"position\":2,\"name\":\"Matar a Jes\u00fas\"}]},{\"@type\":\"WebSite\",\"@id\":\"https:\\\/\\\/fecha.gr\\\/#website\",\"url\":\"https:\\\/\\\/fecha.gr\\\/\",\"name\":\"FeCHA - Festival de Cine Hispan\u00f3fono de Atenas \\\/ Hispanic Film Festival of Athens\",\"description\":\"\",\"publisher\":{\"@id\":\"https:\\\/\\\/fecha.gr\\\/#organization\"},\"potentialAction\":[{\"@type\":\"SearchAction\",\"target\":{\"@type\":\"EntryPoint\",\"urlTemplate\":\"https:\\\/\\\/fecha.gr\\\/?s={search_term_string}\"},\"query-input\":{\"@type\":\"PropertyValueSpecification\",\"valueRequired\":true,\"valueName\":\"search_term_string\"}}],\"inLanguage\":\"es\"},{\"@type\":\"Organization\",\"@id\":\"https:\\\/\\\/fecha.gr\\\/#organization\",\"name\":\"FeCHA - Festival de Cine Hispan\u00f3fono de Atenas\",\"url\":\"https:\\\/\\\/fecha.gr\\\/\",\"logo\":{\"@type\":\"ImageObject\",\"inLanguage\":\"es\",\"@id\":\"https:\\\/\\\/fecha.gr\\\/#\\\/schema\\\/logo\\\/image\\\/\",\"url\":\"https:\\\/\\\/fecha.gr\\\/wp-content\\\/uploads\\\/2016\\\/05\\\/favicon-fecha.png\",\"contentUrl\":\"https:\\\/\\\/fecha.gr\\\/wp-content\\\/uploads\\\/2016\\\/05\\\/favicon-fecha.png\",\"width\":1000,\"height\":1000,\"caption\":\"FeCHA - Festival de Cine Hispan\u00f3fono de Atenas\"},\"image\":{\"@id\":\"https:\\\/\\\/fecha.gr\\\/#\\\/schema\\\/logo\\\/image\\\/\"}},{\"@type\":\"Person\",\"@id\":\"https:\\\/\\\/fecha.gr\\\/#\\\/schema\\\/person\\\/7aeeb4cb445b980097bd9e97d4cc2e8d\",\"name\":\"fes\",\"url\":\"https:\\\/\\\/fecha.gr\\\/es\\\/author\\\/fes\\\/\"}]}<\/script>\n<!-- \/ Yoast SEO plugin. -->","yoast_head_json":{"title":"Matar a Jes\u00fas - FeCHA - Festival de Cine Hispan\u00f3fono de Atenas \/ Hispanic Film Festival of Athens","robots":{"index":"index","follow":"follow","max-snippet":"max-snippet:-1","max-image-preview":"max-image-preview:large","max-video-preview":"max-video-preview:-1"},"canonical":"https:\/\/fecha.gr\/es\/2346\/matar-a-jesus\/","og_locale":"es_ES","og_type":"article","og_title":"Matar a Jes\u00fas - FeCHA - Festival de Cine Hispan\u00f3fono de Atenas \/ Hispanic Film Festival of Athens","og_description":"Paula es una joven de 22 a\u00f1os que presencia el asesinato de su padre. Un par de meses despu\u00e9s del asesinato, Paula se cruza con Jes\u00fas, el joven que cometi\u00f3 el crimen, lo que provocar\u00e1 una lucha interna entre su moralidad y el deseo de querer vengar la muerte de su padre. Director: Laura Mora Pa\u00eds: Colombia, Argentina A\u00f1o: 2017&hellip;","og_url":"https:\/\/fecha.gr\/es\/2346\/matar-a-jesus\/","og_site_name":"FeCHA - Festival de Cine Hispan\u00f3fono de Atenas \/ Hispanic Film Festival of Athens","article_published_time":"2019-04-27T10:02:41+00:00","article_modified_time":"2019-05-02T07:55:32+00:00","og_image":[{"width":1000,"height":563,"url":"https:\/\/fecha.gr\/wp-content\/uploads\/2019\/04\/matar-jesus.jpg","type":"image\/jpeg"}],"author":"fes","twitter_card":"summary_large_image","schema":{"@context":"https:\/\/schema.org","@graph":[{"@type":"Article","@id":"https:\/\/fecha.gr\/es\/2346\/matar-a-jesus\/#article","isPartOf":{"@id":"https:\/\/fecha.gr\/es\/2346\/matar-a-jesus\/"},"author":{"name":"fes","@id":"https:\/\/fecha.gr\/#\/schema\/person\/7aeeb4cb445b980097bd9e97d4cc2e8d"},"headline":"Matar a Jes\u00fas","datePublished":"2019-04-27T10:02:41+00:00","dateModified":"2019-05-02T07:55:32+00:00","mainEntityOfPage":{"@id":"https:\/\/fecha.gr\/es\/2346\/matar-a-jesus\/"},"wordCount":74,"publisher":{"@id":"https:\/\/fecha.gr\/#organization"},"image":{"@id":"https:\/\/fecha.gr\/es\/2346\/matar-a-jesus\/#primaryimage"},"thumbnailUrl":"https:\/\/fecha.gr\/wp-content\/uploads\/2019\/04\/matar-jesus.jpg","articleSection":["Pel\u00edcula","Pel\u00edculas 2019"],"inLanguage":"es"},{"@type":"WebPage","@id":"https:\/\/fecha.gr\/es\/2346\/matar-a-jesus\/","url":"https:\/\/fecha.gr\/es\/2346\/matar-a-jesus\/","name":"Matar a Jes\u00fas - FeCHA - Festival de Cine Hispan\u00f3fono de Atenas \/ Hispanic Film Festival of Athens","isPartOf":{"@id":"https:\/\/fecha.gr\/#website"},"primaryImageOfPage":{"@id":"https:\/\/fecha.gr\/es\/2346\/matar-a-jesus\/#primaryimage"},"image":{"@id":"https:\/\/fecha.gr\/es\/2346\/matar-a-jesus\/#primaryimage"},"thumbnailUrl":"https:\/\/fecha.gr\/wp-content\/uploads\/2019\/04\/matar-jesus.jpg","datePublished":"2019-04-27T10:02:41+00:00","dateModified":"2019-05-02T07:55:32+00:00","breadcrumb":{"@id":"https:\/\/fecha.gr\/es\/2346\/matar-a-jesus\/#breadcrumb"},"inLanguage":"es","potentialAction":[{"@type":"ReadAction","target":["https:\/\/fecha.gr\/es\/2346\/matar-a-jesus\/"]}]},{"@type":"ImageObject","inLanguage":"es","@id":"https:\/\/fecha.gr\/es\/2346\/matar-a-jesus\/#primaryimage","url":"https:\/\/fecha.gr\/wp-content\/uploads\/2019\/04\/matar-jesus.jpg","contentUrl":"https:\/\/fecha.gr\/wp-content\/uploads\/2019\/04\/matar-jesus.jpg","width":1000,"height":563},{"@type":"BreadcrumbList","@id":"https:\/\/fecha.gr\/es\/2346\/matar-a-jesus\/#breadcrumb","itemListElement":[{"@type":"ListItem","position":1,"name":"Home","item":"https:\/\/fecha.gr\/es\/coming-soon\/"},{"@type":"ListItem","position":2,"name":"Matar a Jes\u00fas"}]},{"@type":"WebSite","@id":"https:\/\/fecha.gr\/#website","url":"https:\/\/fecha.gr\/","name":"FeCHA - Festival de Cine Hispan\u00f3fono de Atenas \/ Hispanic Film Festival of Athens","description":"","publisher":{"@id":"https:\/\/fecha.gr\/#organization"},"potentialAction":[{"@type":"SearchAction","target":{"@type":"EntryPoint","urlTemplate":"https:\/\/fecha.gr\/?s={search_term_string}"},"query-input":{"@type":"PropertyValueSpecification","valueRequired":true,"valueName":"search_term_string"}}],"inLanguage":"es"},{"@type":"Organization","@id":"https:\/\/fecha.gr\/#organization","name":"FeCHA - Festival de Cine Hispan\u00f3fono de Atenas","url":"https:\/\/fecha.gr\/","logo":{"@type":"ImageObject","inLanguage":"es","@id":"https:\/\/fecha.gr\/#\/schema\/logo\/image\/","url":"https:\/\/fecha.gr\/wp-content\/uploads\/2016\/05\/favicon-fecha.png","contentUrl":"https:\/\/fecha.gr\/wp-content\/uploads\/2016\/05\/favicon-fecha.png","width":1000,"height":1000,"caption":"FeCHA - Festival de Cine Hispan\u00f3fono de Atenas"},"image":{"@id":"https:\/\/fecha.gr\/#\/schema\/logo\/image\/"}},{"@type":"Person","@id":"https:\/\/fecha.gr\/#\/schema\/person\/7aeeb4cb445b980097bd9e97d4cc2e8d","name":"fes","url":"https:\/\/fecha.gr\/es\/author\/fes\/"}]}},"_links":{"self":[{"href":"https:\/\/fecha.gr\/es\/wp-json\/wp\/v2\/posts\/2346","targetHints":{"allow":["GET"]}}],"collection":[{"href":"https:\/\/fecha.gr\/es\/wp-json\/wp\/v2\/posts"}],"about":[{"href":"https:\/\/fecha.gr\/es\/wp-json\/wp\/v2\/types\/post"}],"author":[{"embeddable":true,"href":"https:\/\/fecha.gr\/es\/wp-json\/wp\/v2\/users\/2"}],"replies":[{"embeddable":true,"href":"https:\/\/fecha.gr\/es\/wp-json\/wp\/v2\/comments?post=2346"}],"version-history":[{"count":0,"href":"https:\/\/fecha.gr\/es\/wp-json\/wp\/v2\/posts\/2346\/revisions"}],"wp:featuredmedia":[{"embeddable":true,"href":"https:\/\/fecha.gr\/es\/wp-json\/wp\/v2\/media\/2343"}],"wp:attachment":[{"href":"https:\/\/fecha.gr\/es\/wp-json\/wp\/v2\/media?parent=2346"}],"wp:term":[{"taxonomy":"category","embeddable":true,"href":"https:\/\/fecha.gr\/es\/wp-json\/wp\/v2\/categories?post=2346"},{"taxonomy":"post_tag","embeddable":true,"href":"https:\/\/fecha.gr\/es\/wp-json\/wp\/v2\/tags?post=2346"}],"curies":[{"name":"wp","href":"https:\/\/api.w.org\/{rel}","templated":true}]}}