
{"id":1562,"date":"2018-04-24T12:28:47","date_gmt":"2018-04-24T09:28:47","guid":{"rendered":"https:\/\/fecha.gr\/?p=1562"},"modified":"2018-05-08T13:12:37","modified_gmt":"2018-05-08T10:12:37","slug":"la-familia","status":"publish","type":"post","link":"https:\/\/fecha.gr\/es\/1562\/la-familia\/","title":{"rendered":"La Familia"},"content":{"rendered":"<p>Andr\u00e9s y su hijo Pedro, de 12 a\u00f1os, viven en una vecindad marginal de Caracas y apenas se ven. Mientras Andr\u00e9s utiliza su tiempo con sus trabajos, Pedro camina por las calles jugando con sus amigos y aprendiendo del lugar violento que le rodea.<\/p>\n<p>Director: Gustavo Rond\u00f3n C\u00f3rdova<br \/>\nPa\u00eds: Venezuela \u2013 Chile \u2013 Noruega<br \/>\nA\u00f1o: 2017<br \/>\nDuraci\u00f3n: 82\u2019<\/p>\n<div class=\"x-resp-embed x-is-video x-is-vimeo\"><iframe loading=\"lazy\" title=\"\u039f\u03b9\u03ba\u03bf\u03b3\u03ad\u03bd\u03b5\u03b9\u03b1 \/ La Familia - Trailer \u0395\u03bb\u03bb\u03b7\u03bd\u03b9\u03ba\u03bf\u03af \u03c5\u03c0\u03cc\u03c4\u03b9\u03c4\u03bb\u03bf\u03b9\" src=\"https:\/\/player.vimeo.com\/video\/268444493?dnt=1&amp;app_id=122963\" width=\"500\" height=\"281\" frameborder=\"0\" allow=\"autoplay; fullscreen; picture-in-picture; clipboard-write\"><\/iframe><\/div>\n","protected":false},"excerpt":{"rendered":"<p>Andr\u00e9s y su hijo Pedro, de 12 a\u00f1os, viven en una vecindad marginal de Caracas y apenas se ven. Mientras Andr\u00e9s utiliza su tiempo con sus trabajos, Pedro camina por las calles jugando con sus amigos y aprendiendo del lugar violento que le rodea. Director: Gustavo Rond\u00f3n C\u00f3rdova Pa\u00eds: Venezuela \u2013 Chile \u2013 Noruega A\u00f1o: 2017 Duraci\u00f3n: 82\u2019<\/p>\n","protected":false},"author":2,"featured_media":1560,"comment_status":"closed","ping_status":"closed","sticky":false,"template":"","format":"standard","meta":{"powered_cache_disable_cache":false,"footnotes":""},"categories":[20,45],"tags":[],"class_list":["post-1562","post","type-post","status-publish","format-standard","has-post-thumbnail","hentry","category-pelicula","category-peliculas-2018"],"yoast_head":"<!-- This site is optimized with the Yoast SEO plugin v27.4 - https:\/\/yoast.com\/product\/yoast-seo-wordpress\/ -->\n<title>La Familia - FeCHA - Festival de Cine Hispan\u00f3fono de Atenas \/ Hispanic Film Festival of Athens<\/title>\n<meta name=\"robots\" content=\"index, follow, max-snippet:-1, max-image-preview:large, max-video-preview:-1\" \/>\n<link rel=\"canonical\" href=\"https:\/\/fecha.gr\/es\/1562\/la-familia\/\" \/>\n<meta property=\"og:locale\" content=\"es_ES\" \/>\n<meta property=\"og:type\" content=\"article\" \/>\n<meta property=\"og:title\" content=\"La Familia - FeCHA - Festival de Cine Hispan\u00f3fono de Atenas \/ Hispanic Film Festival of Athens\" \/>\n<meta property=\"og:description\" content=\"Andr\u00e9s y su hijo Pedro, de 12 a\u00f1os, viven en una vecindad marginal de Caracas y apenas se ven. Mientras Andr\u00e9s utiliza su tiempo con sus trabajos, Pedro camina por las calles jugando con sus amigos y aprendiendo del lugar violento que le rodea. Director: Gustavo Rond\u00f3n C\u00f3rdova Pa\u00eds: Venezuela \u2013 Chile \u2013 Noruega A\u00f1o: 2017 Duraci\u00f3n: 82\u2019\" \/>\n<meta property=\"og:url\" content=\"https:\/\/fecha.gr\/es\/1562\/la-familia\/\" \/>\n<meta property=\"og:site_name\" content=\"FeCHA - Festival de Cine Hispan\u00f3fono de Atenas \/ Hispanic Film Festival of Athens\" \/>\n<meta property=\"article:published_time\" content=\"2018-04-24T09:28:47+00:00\" \/>\n<meta property=\"article:modified_time\" content=\"2018-05-08T10:12:37+00:00\" \/>\n<meta property=\"og:image\" content=\"https:\/\/fecha.gr\/wp-content\/uploads\/2018\/05\/familia.jpg\" \/>\n\t<meta property=\"og:image:width\" content=\"1200\" \/>\n\t<meta property=\"og:image:height\" content=\"649\" \/>\n\t<meta property=\"og:image:type\" content=\"image\/jpeg\" \/>\n<meta name=\"author\" content=\"fes\" \/>\n<meta name=\"twitter:card\" content=\"summary_large_image\" \/>\n<script type=\"application\/ld+json\" class=\"yoast-schema-graph\">{\"@context\":\"https:\\\/\\\/schema.org\",\"@graph\":[{\"@type\":\"Article\",\"@id\":\"https:\\\/\\\/fecha.gr\\\/es\\\/1562\\\/la-familia\\\/#article\",\"isPartOf\":{\"@id\":\"https:\\\/\\\/fecha.gr\\\/es\\\/1562\\\/la-familia\\\/\"},\"author\":{\"name\":\"fes\",\"@id\":\"https:\\\/\\\/fecha.gr\\\/#\\\/schema\\\/person\\\/7aeeb4cb445b980097bd9e97d4cc2e8d\"},\"headline\":\"La Familia\",\"datePublished\":\"2018-04-24T09:28:47+00:00\",\"dateModified\":\"2018-05-08T10:12:37+00:00\",\"mainEntityOfPage\":{\"@id\":\"https:\\\/\\\/fecha.gr\\\/es\\\/1562\\\/la-familia\\\/\"},\"wordCount\":66,\"publisher\":{\"@id\":\"https:\\\/\\\/fecha.gr\\\/#organization\"},\"image\":{\"@id\":\"https:\\\/\\\/fecha.gr\\\/es\\\/1562\\\/la-familia\\\/#primaryimage\"},\"thumbnailUrl\":\"https:\\\/\\\/fecha.gr\\\/wp-content\\\/uploads\\\/2018\\\/05\\\/familia.jpg\",\"articleSection\":[\"Pel\u00edcula\",\"Pel\u00edculas 2018\"],\"inLanguage\":\"es\"},{\"@type\":\"WebPage\",\"@id\":\"https:\\\/\\\/fecha.gr\\\/es\\\/1562\\\/la-familia\\\/\",\"url\":\"https:\\\/\\\/fecha.gr\\\/es\\\/1562\\\/la-familia\\\/\",\"name\":\"La Familia - FeCHA - Festival de Cine Hispan\u00f3fono de Atenas \\\/ Hispanic Film Festival of Athens\",\"isPartOf\":{\"@id\":\"https:\\\/\\\/fecha.gr\\\/#website\"},\"primaryImageOfPage\":{\"@id\":\"https:\\\/\\\/fecha.gr\\\/es\\\/1562\\\/la-familia\\\/#primaryimage\"},\"image\":{\"@id\":\"https:\\\/\\\/fecha.gr\\\/es\\\/1562\\\/la-familia\\\/#primaryimage\"},\"thumbnailUrl\":\"https:\\\/\\\/fecha.gr\\\/wp-content\\\/uploads\\\/2018\\\/05\\\/familia.jpg\",\"datePublished\":\"2018-04-24T09:28:47+00:00\",\"dateModified\":\"2018-05-08T10:12:37+00:00\",\"breadcrumb\":{\"@id\":\"https:\\\/\\\/fecha.gr\\\/es\\\/1562\\\/la-familia\\\/#breadcrumb\"},\"inLanguage\":\"es\",\"potentialAction\":[{\"@type\":\"ReadAction\",\"target\":[\"https:\\\/\\\/fecha.gr\\\/es\\\/1562\\\/la-familia\\\/\"]}]},{\"@type\":\"ImageObject\",\"inLanguage\":\"es\",\"@id\":\"https:\\\/\\\/fecha.gr\\\/es\\\/1562\\\/la-familia\\\/#primaryimage\",\"url\":\"https:\\\/\\\/fecha.gr\\\/wp-content\\\/uploads\\\/2018\\\/05\\\/familia.jpg\",\"contentUrl\":\"https:\\\/\\\/fecha.gr\\\/wp-content\\\/uploads\\\/2018\\\/05\\\/familia.jpg\",\"width\":1200,\"height\":649},{\"@type\":\"BreadcrumbList\",\"@id\":\"https:\\\/\\\/fecha.gr\\\/es\\\/1562\\\/la-familia\\\/#breadcrumb\",\"itemListElement\":[{\"@type\":\"ListItem\",\"position\":1,\"name\":\"Home\",\"item\":\"https:\\\/\\\/fecha.gr\\\/es\\\/coming-soon\\\/\"},{\"@type\":\"ListItem\",\"position\":2,\"name\":\"La Familia\"}]},{\"@type\":\"WebSite\",\"@id\":\"https:\\\/\\\/fecha.gr\\\/#website\",\"url\":\"https:\\\/\\\/fecha.gr\\\/\",\"name\":\"FeCHA - Festival de Cine Hispan\u00f3fono de Atenas \\\/ Hispanic Film Festival of Athens\",\"description\":\"\",\"publisher\":{\"@id\":\"https:\\\/\\\/fecha.gr\\\/#organization\"},\"potentialAction\":[{\"@type\":\"SearchAction\",\"target\":{\"@type\":\"EntryPoint\",\"urlTemplate\":\"https:\\\/\\\/fecha.gr\\\/?s={search_term_string}\"},\"query-input\":{\"@type\":\"PropertyValueSpecification\",\"valueRequired\":true,\"valueName\":\"search_term_string\"}}],\"inLanguage\":\"es\"},{\"@type\":\"Organization\",\"@id\":\"https:\\\/\\\/fecha.gr\\\/#organization\",\"name\":\"FeCHA - Festival de Cine Hispan\u00f3fono de Atenas\",\"url\":\"https:\\\/\\\/fecha.gr\\\/\",\"logo\":{\"@type\":\"ImageObject\",\"inLanguage\":\"es\",\"@id\":\"https:\\\/\\\/fecha.gr\\\/#\\\/schema\\\/logo\\\/image\\\/\",\"url\":\"https:\\\/\\\/fecha.gr\\\/wp-content\\\/uploads\\\/2016\\\/05\\\/favicon-fecha.png\",\"contentUrl\":\"https:\\\/\\\/fecha.gr\\\/wp-content\\\/uploads\\\/2016\\\/05\\\/favicon-fecha.png\",\"width\":1000,\"height\":1000,\"caption\":\"FeCHA - Festival de Cine Hispan\u00f3fono de Atenas\"},\"image\":{\"@id\":\"https:\\\/\\\/fecha.gr\\\/#\\\/schema\\\/logo\\\/image\\\/\"}},{\"@type\":\"Person\",\"@id\":\"https:\\\/\\\/fecha.gr\\\/#\\\/schema\\\/person\\\/7aeeb4cb445b980097bd9e97d4cc2e8d\",\"name\":\"fes\",\"url\":\"https:\\\/\\\/fecha.gr\\\/es\\\/author\\\/fes\\\/\"}]}<\/script>\n<!-- \/ Yoast SEO plugin. -->","yoast_head_json":{"title":"La Familia - FeCHA - Festival de Cine Hispan\u00f3fono de Atenas \/ Hispanic Film Festival of Athens","robots":{"index":"index","follow":"follow","max-snippet":"max-snippet:-1","max-image-preview":"max-image-preview:large","max-video-preview":"max-video-preview:-1"},"canonical":"https:\/\/fecha.gr\/es\/1562\/la-familia\/","og_locale":"es_ES","og_type":"article","og_title":"La Familia - FeCHA - Festival de Cine Hispan\u00f3fono de Atenas \/ Hispanic Film Festival of Athens","og_description":"Andr\u00e9s y su hijo Pedro, de 12 a\u00f1os, viven en una vecindad marginal de Caracas y apenas se ven. Mientras Andr\u00e9s utiliza su tiempo con sus trabajos, Pedro camina por las calles jugando con sus amigos y aprendiendo del lugar violento que le rodea. Director: Gustavo Rond\u00f3n C\u00f3rdova Pa\u00eds: Venezuela \u2013 Chile \u2013 Noruega A\u00f1o: 2017 Duraci\u00f3n: 82\u2019","og_url":"https:\/\/fecha.gr\/es\/1562\/la-familia\/","og_site_name":"FeCHA - Festival de Cine Hispan\u00f3fono de Atenas \/ Hispanic Film Festival of Athens","article_published_time":"2018-04-24T09:28:47+00:00","article_modified_time":"2018-05-08T10:12:37+00:00","og_image":[{"width":1200,"height":649,"url":"https:\/\/fecha.gr\/wp-content\/uploads\/2018\/05\/familia.jpg","type":"image\/jpeg"}],"author":"fes","twitter_card":"summary_large_image","schema":{"@context":"https:\/\/schema.org","@graph":[{"@type":"Article","@id":"https:\/\/fecha.gr\/es\/1562\/la-familia\/#article","isPartOf":{"@id":"https:\/\/fecha.gr\/es\/1562\/la-familia\/"},"author":{"name":"fes","@id":"https:\/\/fecha.gr\/#\/schema\/person\/7aeeb4cb445b980097bd9e97d4cc2e8d"},"headline":"La Familia","datePublished":"2018-04-24T09:28:47+00:00","dateModified":"2018-05-08T10:12:37+00:00","mainEntityOfPage":{"@id":"https:\/\/fecha.gr\/es\/1562\/la-familia\/"},"wordCount":66,"publisher":{"@id":"https:\/\/fecha.gr\/#organization"},"image":{"@id":"https:\/\/fecha.gr\/es\/1562\/la-familia\/#primaryimage"},"thumbnailUrl":"https:\/\/fecha.gr\/wp-content\/uploads\/2018\/05\/familia.jpg","articleSection":["Pel\u00edcula","Pel\u00edculas 2018"],"inLanguage":"es"},{"@type":"WebPage","@id":"https:\/\/fecha.gr\/es\/1562\/la-familia\/","url":"https:\/\/fecha.gr\/es\/1562\/la-familia\/","name":"La Familia - FeCHA - Festival de Cine Hispan\u00f3fono de Atenas \/ Hispanic Film Festival of Athens","isPartOf":{"@id":"https:\/\/fecha.gr\/#website"},"primaryImageOfPage":{"@id":"https:\/\/fecha.gr\/es\/1562\/la-familia\/#primaryimage"},"image":{"@id":"https:\/\/fecha.gr\/es\/1562\/la-familia\/#primaryimage"},"thumbnailUrl":"https:\/\/fecha.gr\/wp-content\/uploads\/2018\/05\/familia.jpg","datePublished":"2018-04-24T09:28:47+00:00","dateModified":"2018-05-08T10:12:37+00:00","breadcrumb":{"@id":"https:\/\/fecha.gr\/es\/1562\/la-familia\/#breadcrumb"},"inLanguage":"es","potentialAction":[{"@type":"ReadAction","target":["https:\/\/fecha.gr\/es\/1562\/la-familia\/"]}]},{"@type":"ImageObject","inLanguage":"es","@id":"https:\/\/fecha.gr\/es\/1562\/la-familia\/#primaryimage","url":"https:\/\/fecha.gr\/wp-content\/uploads\/2018\/05\/familia.jpg","contentUrl":"https:\/\/fecha.gr\/wp-content\/uploads\/2018\/05\/familia.jpg","width":1200,"height":649},{"@type":"BreadcrumbList","@id":"https:\/\/fecha.gr\/es\/1562\/la-familia\/#breadcrumb","itemListElement":[{"@type":"ListItem","position":1,"name":"Home","item":"https:\/\/fecha.gr\/es\/coming-soon\/"},{"@type":"ListItem","position":2,"name":"La Familia"}]},{"@type":"WebSite","@id":"https:\/\/fecha.gr\/#website","url":"https:\/\/fecha.gr\/","name":"FeCHA - Festival de Cine Hispan\u00f3fono de Atenas \/ Hispanic Film Festival of Athens","description":"","publisher":{"@id":"https:\/\/fecha.gr\/#organization"},"potentialAction":[{"@type":"SearchAction","target":{"@type":"EntryPoint","urlTemplate":"https:\/\/fecha.gr\/?s={search_term_string}"},"query-input":{"@type":"PropertyValueSpecification","valueRequired":true,"valueName":"search_term_string"}}],"inLanguage":"es"},{"@type":"Organization","@id":"https:\/\/fecha.gr\/#organization","name":"FeCHA - Festival de Cine Hispan\u00f3fono de Atenas","url":"https:\/\/fecha.gr\/","logo":{"@type":"ImageObject","inLanguage":"es","@id":"https:\/\/fecha.gr\/#\/schema\/logo\/image\/","url":"https:\/\/fecha.gr\/wp-content\/uploads\/2016\/05\/favicon-fecha.png","contentUrl":"https:\/\/fecha.gr\/wp-content\/uploads\/2016\/05\/favicon-fecha.png","width":1000,"height":1000,"caption":"FeCHA - Festival de Cine Hispan\u00f3fono de Atenas"},"image":{"@id":"https:\/\/fecha.gr\/#\/schema\/logo\/image\/"}},{"@type":"Person","@id":"https:\/\/fecha.gr\/#\/schema\/person\/7aeeb4cb445b980097bd9e97d4cc2e8d","name":"fes","url":"https:\/\/fecha.gr\/es\/author\/fes\/"}]}},"_links":{"self":[{"href":"https:\/\/fecha.gr\/es\/wp-json\/wp\/v2\/posts\/1562","targetHints":{"allow":["GET"]}}],"collection":[{"href":"https:\/\/fecha.gr\/es\/wp-json\/wp\/v2\/posts"}],"about":[{"href":"https:\/\/fecha.gr\/es\/wp-json\/wp\/v2\/types\/post"}],"author":[{"embeddable":true,"href":"https:\/\/fecha.gr\/es\/wp-json\/wp\/v2\/users\/2"}],"replies":[{"embeddable":true,"href":"https:\/\/fecha.gr\/es\/wp-json\/wp\/v2\/comments?post=1562"}],"version-history":[{"count":0,"href":"https:\/\/fecha.gr\/es\/wp-json\/wp\/v2\/posts\/1562\/revisions"}],"wp:featuredmedia":[{"embeddable":true,"href":"https:\/\/fecha.gr\/es\/wp-json\/wp\/v2\/media\/1560"}],"wp:attachment":[{"href":"https:\/\/fecha.gr\/es\/wp-json\/wp\/v2\/media?parent=1562"}],"wp:term":[{"taxonomy":"category","embeddable":true,"href":"https:\/\/fecha.gr\/es\/wp-json\/wp\/v2\/categories?post=1562"},{"taxonomy":"post_tag","embeddable":true,"href":"https:\/\/fecha.gr\/es\/wp-json\/wp\/v2\/tags?post=1562"}],"curies":[{"name":"wp","href":"https:\/\/api.w.org\/{rel}","templated":true}]}}