
{"id":1552,"date":"2018-04-27T12:19:39","date_gmt":"2018-04-27T09:19:39","guid":{"rendered":"https:\/\/fecha.gr\/?p=1552"},"modified":"2018-05-08T13:11:18","modified_gmt":"2018-05-08T10:11:18","slug":"el-ultimo-traje","status":"publish","type":"post","link":"https:\/\/fecha.gr\/es\/1552\/el-ultimo-traje\/","title":{"rendered":"El \u00daltimo Traje"},"content":{"rendered":"<p>Abraham Bursztein (Miguel \u00c1ngel Sol\u00e1) es un sastre de origen jud\u00edo que, a pesar de su avanzada edad, decide ir en busca de un viejo amigo que le salv\u00f3 la vida durante la Segunda Guerra Mundial. Despu\u00e9s de siete d\u00e9cadas sin verse, este modisto viaja desde Buenos Aires hasta Polonia solo para encontrarse con \u00e9l.<\/p>\n<p>Director: Pablo Solarz<br \/>\nPa\u00eds: Argentina &#8211; Espa\u00f1a<br \/>\nA\u00f1o: 2017<br \/>\nDuraci\u00f3n: 86\u2019<\/p>\n<div class=\"x-resp-embed x-is-video x-is-vimeo\"><iframe loading=\"lazy\" title=\"\u03a4\u03bf \u03a4\u03b5\u03bb\u03b5\u03c5\u03c4\u03b1\u03af\u03bf \u039a\u03bf\u03c3\u03c4\u03bf\u03cd\u03bc\u03b9 \/ El \u00daltimo Traje  - Trailer \u0395\u03bb\u03bb\u03b7\u03bd\u03b9\u03ba\u03bf\u03af \u03c5\u03c0\u03cc\u03c4\u03b9\u03c4\u03bb\u03bf\u03b9\" src=\"https:\/\/player.vimeo.com\/video\/268404710?dnt=1&amp;app_id=122963\" width=\"500\" height=\"281\" frameborder=\"0\" allow=\"autoplay; fullscreen; picture-in-picture; clipboard-write\"><\/iframe><\/div>\n","protected":false},"excerpt":{"rendered":"<p>Abraham Bursztein (Miguel \u00c1ngel Sol\u00e1) es un sastre de origen jud\u00edo que, a pesar de su avanzada edad, decide ir en busca de un viejo amigo que le salv\u00f3 la vida durante la Segunda Guerra Mundial. Despu\u00e9s de siete d\u00e9cadas sin verse, este modisto viaja desde Buenos Aires hasta Polonia solo para encontrarse con \u00e9l. Director: Pablo Solarz Pa\u00eds: Argentina&hellip;<\/p>\n","protected":false},"author":2,"featured_media":1550,"comment_status":"closed","ping_status":"closed","sticky":false,"template":"","format":"standard","meta":{"powered_cache_disable_cache":false,"footnotes":""},"categories":[20,45],"tags":[],"class_list":["post-1552","post","type-post","status-publish","format-standard","has-post-thumbnail","hentry","category-pelicula","category-peliculas-2018"],"yoast_head":"<!-- This site is optimized with the Yoast SEO plugin v27.5 - https:\/\/yoast.com\/product\/yoast-seo-wordpress\/ -->\n<title>El \u00daltimo Traje - FeCHA - Festival de Cine Hispan\u00f3fono de Atenas \/ Hispanic Film Festival of Athens<\/title>\n<meta name=\"robots\" content=\"index, follow, max-snippet:-1, max-image-preview:large, max-video-preview:-1\" \/>\n<link rel=\"canonical\" href=\"https:\/\/fecha.gr\/es\/1552\/el-ultimo-traje\/\" \/>\n<meta property=\"og:locale\" content=\"es_ES\" \/>\n<meta property=\"og:type\" content=\"article\" \/>\n<meta property=\"og:title\" content=\"El \u00daltimo Traje - FeCHA - Festival de Cine Hispan\u00f3fono de Atenas \/ Hispanic Film Festival of Athens\" \/>\n<meta property=\"og:description\" content=\"Abraham Bursztein (Miguel \u00c1ngel Sol\u00e1) es un sastre de origen jud\u00edo que, a pesar de su avanzada edad, decide ir en busca de un viejo amigo que le salv\u00f3 la vida durante la Segunda Guerra Mundial. Despu\u00e9s de siete d\u00e9cadas sin verse, este modisto viaja desde Buenos Aires hasta Polonia solo para encontrarse con \u00e9l. Director: Pablo Solarz Pa\u00eds: Argentina&hellip;\" \/>\n<meta property=\"og:url\" content=\"https:\/\/fecha.gr\/es\/1552\/el-ultimo-traje\/\" \/>\n<meta property=\"og:site_name\" content=\"FeCHA - Festival de Cine Hispan\u00f3fono de Atenas \/ Hispanic Film Festival of Athens\" \/>\n<meta property=\"article:published_time\" content=\"2018-04-27T09:19:39+00:00\" \/>\n<meta property=\"article:modified_time\" content=\"2018-05-08T10:11:18+00:00\" \/>\n<meta property=\"og:image\" content=\"https:\/\/fecha.gr\/wp-content\/uploads\/2018\/05\/ultimo-traje.jpg\" \/>\n\t<meta property=\"og:image:width\" content=\"1200\" \/>\n\t<meta property=\"og:image:height\" content=\"561\" \/>\n\t<meta property=\"og:image:type\" content=\"image\/jpeg\" \/>\n<meta name=\"author\" content=\"fes\" \/>\n<meta name=\"twitter:card\" content=\"summary_large_image\" \/>\n<script type=\"application\/ld+json\" class=\"yoast-schema-graph\">{\"@context\":\"https:\\\/\\\/schema.org\",\"@graph\":[{\"@type\":\"Article\",\"@id\":\"https:\\\/\\\/fecha.gr\\\/es\\\/1552\\\/el-ultimo-traje\\\/#article\",\"isPartOf\":{\"@id\":\"https:\\\/\\\/fecha.gr\\\/es\\\/1552\\\/el-ultimo-traje\\\/\"},\"author\":{\"name\":\"fes\",\"@id\":\"https:\\\/\\\/fecha.gr\\\/#\\\/schema\\\/person\\\/7aeeb4cb445b980097bd9e97d4cc2e8d\"},\"headline\":\"El \u00daltimo Traje\",\"datePublished\":\"2018-04-27T09:19:39+00:00\",\"dateModified\":\"2018-05-08T10:11:18+00:00\",\"mainEntityOfPage\":{\"@id\":\"https:\\\/\\\/fecha.gr\\\/es\\\/1552\\\/el-ultimo-traje\\\/\"},\"wordCount\":77,\"publisher\":{\"@id\":\"https:\\\/\\\/fecha.gr\\\/#organization\"},\"image\":{\"@id\":\"https:\\\/\\\/fecha.gr\\\/es\\\/1552\\\/el-ultimo-traje\\\/#primaryimage\"},\"thumbnailUrl\":\"https:\\\/\\\/fecha.gr\\\/wp-content\\\/uploads\\\/2018\\\/05\\\/ultimo-traje.jpg\",\"articleSection\":[\"Pel\u00edcula\",\"Pel\u00edculas 2018\"],\"inLanguage\":\"es\"},{\"@type\":\"WebPage\",\"@id\":\"https:\\\/\\\/fecha.gr\\\/es\\\/1552\\\/el-ultimo-traje\\\/\",\"url\":\"https:\\\/\\\/fecha.gr\\\/es\\\/1552\\\/el-ultimo-traje\\\/\",\"name\":\"El \u00daltimo Traje - FeCHA - Festival de Cine Hispan\u00f3fono de Atenas \\\/ Hispanic Film Festival of Athens\",\"isPartOf\":{\"@id\":\"https:\\\/\\\/fecha.gr\\\/#website\"},\"primaryImageOfPage\":{\"@id\":\"https:\\\/\\\/fecha.gr\\\/es\\\/1552\\\/el-ultimo-traje\\\/#primaryimage\"},\"image\":{\"@id\":\"https:\\\/\\\/fecha.gr\\\/es\\\/1552\\\/el-ultimo-traje\\\/#primaryimage\"},\"thumbnailUrl\":\"https:\\\/\\\/fecha.gr\\\/wp-content\\\/uploads\\\/2018\\\/05\\\/ultimo-traje.jpg\",\"datePublished\":\"2018-04-27T09:19:39+00:00\",\"dateModified\":\"2018-05-08T10:11:18+00:00\",\"breadcrumb\":{\"@id\":\"https:\\\/\\\/fecha.gr\\\/es\\\/1552\\\/el-ultimo-traje\\\/#breadcrumb\"},\"inLanguage\":\"es\",\"potentialAction\":[{\"@type\":\"ReadAction\",\"target\":[\"https:\\\/\\\/fecha.gr\\\/es\\\/1552\\\/el-ultimo-traje\\\/\"]}]},{\"@type\":\"ImageObject\",\"inLanguage\":\"es\",\"@id\":\"https:\\\/\\\/fecha.gr\\\/es\\\/1552\\\/el-ultimo-traje\\\/#primaryimage\",\"url\":\"https:\\\/\\\/fecha.gr\\\/wp-content\\\/uploads\\\/2018\\\/05\\\/ultimo-traje.jpg\",\"contentUrl\":\"https:\\\/\\\/fecha.gr\\\/wp-content\\\/uploads\\\/2018\\\/05\\\/ultimo-traje.jpg\",\"width\":1200,\"height\":561},{\"@type\":\"BreadcrumbList\",\"@id\":\"https:\\\/\\\/fecha.gr\\\/es\\\/1552\\\/el-ultimo-traje\\\/#breadcrumb\",\"itemListElement\":[{\"@type\":\"ListItem\",\"position\":1,\"name\":\"Home\",\"item\":\"https:\\\/\\\/fecha.gr\\\/es\\\/coming-soon\\\/\"},{\"@type\":\"ListItem\",\"position\":2,\"name\":\"El \u00daltimo Traje\"}]},{\"@type\":\"WebSite\",\"@id\":\"https:\\\/\\\/fecha.gr\\\/#website\",\"url\":\"https:\\\/\\\/fecha.gr\\\/\",\"name\":\"FeCHA - Festival de Cine Hispan\u00f3fono de Atenas \\\/ Hispanic Film Festival of Athens\",\"description\":\"\",\"publisher\":{\"@id\":\"https:\\\/\\\/fecha.gr\\\/#organization\"},\"potentialAction\":[{\"@type\":\"SearchAction\",\"target\":{\"@type\":\"EntryPoint\",\"urlTemplate\":\"https:\\\/\\\/fecha.gr\\\/?s={search_term_string}\"},\"query-input\":{\"@type\":\"PropertyValueSpecification\",\"valueRequired\":true,\"valueName\":\"search_term_string\"}}],\"inLanguage\":\"es\"},{\"@type\":\"Organization\",\"@id\":\"https:\\\/\\\/fecha.gr\\\/#organization\",\"name\":\"FeCHA - Festival de Cine Hispan\u00f3fono de Atenas\",\"url\":\"https:\\\/\\\/fecha.gr\\\/\",\"logo\":{\"@type\":\"ImageObject\",\"inLanguage\":\"es\",\"@id\":\"https:\\\/\\\/fecha.gr\\\/#\\\/schema\\\/logo\\\/image\\\/\",\"url\":\"https:\\\/\\\/fecha.gr\\\/wp-content\\\/uploads\\\/2016\\\/05\\\/favicon-fecha.png\",\"contentUrl\":\"https:\\\/\\\/fecha.gr\\\/wp-content\\\/uploads\\\/2016\\\/05\\\/favicon-fecha.png\",\"width\":1000,\"height\":1000,\"caption\":\"FeCHA - Festival de Cine Hispan\u00f3fono de Atenas\"},\"image\":{\"@id\":\"https:\\\/\\\/fecha.gr\\\/#\\\/schema\\\/logo\\\/image\\\/\"}},{\"@type\":\"Person\",\"@id\":\"https:\\\/\\\/fecha.gr\\\/#\\\/schema\\\/person\\\/7aeeb4cb445b980097bd9e97d4cc2e8d\",\"name\":\"fes\",\"url\":\"https:\\\/\\\/fecha.gr\\\/es\\\/author\\\/fes\\\/\"}]}<\/script>\n<!-- \/ Yoast SEO plugin. -->","yoast_head_json":{"title":"El \u00daltimo Traje - FeCHA - Festival de Cine Hispan\u00f3fono de Atenas \/ Hispanic Film Festival of Athens","robots":{"index":"index","follow":"follow","max-snippet":"max-snippet:-1","max-image-preview":"max-image-preview:large","max-video-preview":"max-video-preview:-1"},"canonical":"https:\/\/fecha.gr\/es\/1552\/el-ultimo-traje\/","og_locale":"es_ES","og_type":"article","og_title":"El \u00daltimo Traje - FeCHA - Festival de Cine Hispan\u00f3fono de Atenas \/ Hispanic Film Festival of Athens","og_description":"Abraham Bursztein (Miguel \u00c1ngel Sol\u00e1) es un sastre de origen jud\u00edo que, a pesar de su avanzada edad, decide ir en busca de un viejo amigo que le salv\u00f3 la vida durante la Segunda Guerra Mundial. Despu\u00e9s de siete d\u00e9cadas sin verse, este modisto viaja desde Buenos Aires hasta Polonia solo para encontrarse con \u00e9l. Director: Pablo Solarz Pa\u00eds: Argentina&hellip;","og_url":"https:\/\/fecha.gr\/es\/1552\/el-ultimo-traje\/","og_site_name":"FeCHA - Festival de Cine Hispan\u00f3fono de Atenas \/ Hispanic Film Festival of Athens","article_published_time":"2018-04-27T09:19:39+00:00","article_modified_time":"2018-05-08T10:11:18+00:00","og_image":[{"width":1200,"height":561,"url":"https:\/\/fecha.gr\/wp-content\/uploads\/2018\/05\/ultimo-traje.jpg","type":"image\/jpeg"}],"author":"fes","twitter_card":"summary_large_image","schema":{"@context":"https:\/\/schema.org","@graph":[{"@type":"Article","@id":"https:\/\/fecha.gr\/es\/1552\/el-ultimo-traje\/#article","isPartOf":{"@id":"https:\/\/fecha.gr\/es\/1552\/el-ultimo-traje\/"},"author":{"name":"fes","@id":"https:\/\/fecha.gr\/#\/schema\/person\/7aeeb4cb445b980097bd9e97d4cc2e8d"},"headline":"El \u00daltimo Traje","datePublished":"2018-04-27T09:19:39+00:00","dateModified":"2018-05-08T10:11:18+00:00","mainEntityOfPage":{"@id":"https:\/\/fecha.gr\/es\/1552\/el-ultimo-traje\/"},"wordCount":77,"publisher":{"@id":"https:\/\/fecha.gr\/#organization"},"image":{"@id":"https:\/\/fecha.gr\/es\/1552\/el-ultimo-traje\/#primaryimage"},"thumbnailUrl":"https:\/\/fecha.gr\/wp-content\/uploads\/2018\/05\/ultimo-traje.jpg","articleSection":["Pel\u00edcula","Pel\u00edculas 2018"],"inLanguage":"es"},{"@type":"WebPage","@id":"https:\/\/fecha.gr\/es\/1552\/el-ultimo-traje\/","url":"https:\/\/fecha.gr\/es\/1552\/el-ultimo-traje\/","name":"El \u00daltimo Traje - FeCHA - Festival de Cine Hispan\u00f3fono de Atenas \/ Hispanic Film Festival of Athens","isPartOf":{"@id":"https:\/\/fecha.gr\/#website"},"primaryImageOfPage":{"@id":"https:\/\/fecha.gr\/es\/1552\/el-ultimo-traje\/#primaryimage"},"image":{"@id":"https:\/\/fecha.gr\/es\/1552\/el-ultimo-traje\/#primaryimage"},"thumbnailUrl":"https:\/\/fecha.gr\/wp-content\/uploads\/2018\/05\/ultimo-traje.jpg","datePublished":"2018-04-27T09:19:39+00:00","dateModified":"2018-05-08T10:11:18+00:00","breadcrumb":{"@id":"https:\/\/fecha.gr\/es\/1552\/el-ultimo-traje\/#breadcrumb"},"inLanguage":"es","potentialAction":[{"@type":"ReadAction","target":["https:\/\/fecha.gr\/es\/1552\/el-ultimo-traje\/"]}]},{"@type":"ImageObject","inLanguage":"es","@id":"https:\/\/fecha.gr\/es\/1552\/el-ultimo-traje\/#primaryimage","url":"https:\/\/fecha.gr\/wp-content\/uploads\/2018\/05\/ultimo-traje.jpg","contentUrl":"https:\/\/fecha.gr\/wp-content\/uploads\/2018\/05\/ultimo-traje.jpg","width":1200,"height":561},{"@type":"BreadcrumbList","@id":"https:\/\/fecha.gr\/es\/1552\/el-ultimo-traje\/#breadcrumb","itemListElement":[{"@type":"ListItem","position":1,"name":"Home","item":"https:\/\/fecha.gr\/es\/coming-soon\/"},{"@type":"ListItem","position":2,"name":"El \u00daltimo Traje"}]},{"@type":"WebSite","@id":"https:\/\/fecha.gr\/#website","url":"https:\/\/fecha.gr\/","name":"FeCHA - Festival de Cine Hispan\u00f3fono de Atenas \/ Hispanic Film Festival of Athens","description":"","publisher":{"@id":"https:\/\/fecha.gr\/#organization"},"potentialAction":[{"@type":"SearchAction","target":{"@type":"EntryPoint","urlTemplate":"https:\/\/fecha.gr\/?s={search_term_string}"},"query-input":{"@type":"PropertyValueSpecification","valueRequired":true,"valueName":"search_term_string"}}],"inLanguage":"es"},{"@type":"Organization","@id":"https:\/\/fecha.gr\/#organization","name":"FeCHA - Festival de Cine Hispan\u00f3fono de Atenas","url":"https:\/\/fecha.gr\/","logo":{"@type":"ImageObject","inLanguage":"es","@id":"https:\/\/fecha.gr\/#\/schema\/logo\/image\/","url":"https:\/\/fecha.gr\/wp-content\/uploads\/2016\/05\/favicon-fecha.png","contentUrl":"https:\/\/fecha.gr\/wp-content\/uploads\/2016\/05\/favicon-fecha.png","width":1000,"height":1000,"caption":"FeCHA - Festival de Cine Hispan\u00f3fono de Atenas"},"image":{"@id":"https:\/\/fecha.gr\/#\/schema\/logo\/image\/"}},{"@type":"Person","@id":"https:\/\/fecha.gr\/#\/schema\/person\/7aeeb4cb445b980097bd9e97d4cc2e8d","name":"fes","url":"https:\/\/fecha.gr\/es\/author\/fes\/"}]}},"_links":{"self":[{"href":"https:\/\/fecha.gr\/es\/wp-json\/wp\/v2\/posts\/1552","targetHints":{"allow":["GET"]}}],"collection":[{"href":"https:\/\/fecha.gr\/es\/wp-json\/wp\/v2\/posts"}],"about":[{"href":"https:\/\/fecha.gr\/es\/wp-json\/wp\/v2\/types\/post"}],"author":[{"embeddable":true,"href":"https:\/\/fecha.gr\/es\/wp-json\/wp\/v2\/users\/2"}],"replies":[{"embeddable":true,"href":"https:\/\/fecha.gr\/es\/wp-json\/wp\/v2\/comments?post=1552"}],"version-history":[{"count":0,"href":"https:\/\/fecha.gr\/es\/wp-json\/wp\/v2\/posts\/1552\/revisions"}],"wp:featuredmedia":[{"embeddable":true,"href":"https:\/\/fecha.gr\/es\/wp-json\/wp\/v2\/media\/1550"}],"wp:attachment":[{"href":"https:\/\/fecha.gr\/es\/wp-json\/wp\/v2\/media?parent=1552"}],"wp:term":[{"taxonomy":"category","embeddable":true,"href":"https:\/\/fecha.gr\/es\/wp-json\/wp\/v2\/categories?post=1552"},{"taxonomy":"post_tag","embeddable":true,"href":"https:\/\/fecha.gr\/es\/wp-json\/wp\/v2\/tags?post=1552"}],"curies":[{"name":"wp","href":"https:\/\/api.w.org\/{rel}","templated":true}]}}