
{"id":1026,"date":"2017-05-15T15:00:30","date_gmt":"2017-05-15T12:00:30","guid":{"rendered":"http:\/\/fecha.gr\/?p=1026\/"},"modified":"2017-05-18T14:39:58","modified_gmt":"2017-05-18T11:39:58","slug":"contratiempo","status":"publish","type":"post","link":"https:\/\/fecha.gr\/es\/1026\/contratiempo\/","title":{"rendered":"Contratiempo"},"content":{"rendered":"<p>Adri\u00e1n Doria, un joven y exitoso empresario, despierta en la habitaci\u00f3n de un hotel junto al cad\u00e1ver de su amante. Acusado de asesinato, decide contratar los servicios de Virginia Goodman, la mejor preparadora de testigos del pa\u00eds. En el transcurso de una noche, asesora y cliente trabajar\u00e1n para encontrar una duda razonable que le libre de la c\u00e1rcel.<\/p>\n<p>Director: Oriol Paulo<br \/>\nPa\u00eds: Espa\u00f1a<br \/>\nA\u00f1o: 2016<br \/>\nDuraci\u00f3n: 104\u2019<\/p>\n<div class=\"x-resp-embed x-is-video x-is-youtube\"><iframe loading=\"lazy\" title=\"\u0391\u03cc\u03c1\u03b1\u03c4\u03bf\u03c2 \u0395\u03c0\u03b9\u03c3\u03ba\u03ad\u03c0\u03c4\u03b7\u03c2 (Contratiempo) - Trailer (Gr Subs)\" width=\"500\" height=\"281\" src=\"https:\/\/www.youtube.com\/embed\/RS463nj1iy4?feature=oembed\" frameborder=\"0\" allow=\"accelerometer; autoplay; clipboard-write; encrypted-media; gyroscope; picture-in-picture; web-share\" referrerpolicy=\"strict-origin-when-cross-origin\" allowfullscreen><\/iframe><\/div>\n","protected":false},"excerpt":{"rendered":"<p>Adri\u00e1n Doria, un joven y exitoso empresario, despierta en la habitaci\u00f3n de un hotel junto al cad\u00e1ver de su amante. Acusado de asesinato, decide contratar los servicios de Virginia Goodman, la mejor preparadora de testigos del pa\u00eds. En el transcurso de una noche, asesora y cliente trabajar\u00e1n para encontrar una duda razonable que le libre de la c\u00e1rcel. Director: Oriol&hellip;<\/p>\n","protected":false},"author":2,"featured_media":1021,"comment_status":"closed","ping_status":"closed","sticky":false,"template":"","format":"standard","meta":{"powered_cache_disable_cache":false,"footnotes":""},"categories":[20,36],"tags":[],"class_list":["post-1026","post","type-post","status-publish","format-standard","has-post-thumbnail","hentry","category-pelicula","category-peliculas-2017"],"yoast_head":"<!-- This site is optimized with the Yoast SEO plugin v27.4 - https:\/\/yoast.com\/product\/yoast-seo-wordpress\/ -->\n<title>Contratiempo - FeCHA - Festival de Cine Hispan\u00f3fono de Atenas \/ Hispanic Film Festival of Athens<\/title>\n<meta name=\"robots\" content=\"index, follow, max-snippet:-1, max-image-preview:large, max-video-preview:-1\" \/>\n<link rel=\"canonical\" href=\"https:\/\/fecha.gr\/es\/1026\/contratiempo\/\" \/>\n<meta property=\"og:locale\" content=\"es_ES\" \/>\n<meta property=\"og:type\" content=\"article\" \/>\n<meta property=\"og:title\" content=\"Contratiempo - FeCHA - Festival de Cine Hispan\u00f3fono de Atenas \/ Hispanic Film Festival of Athens\" \/>\n<meta property=\"og:description\" content=\"Adri\u00e1n Doria, un joven y exitoso empresario, despierta en la habitaci\u00f3n de un hotel junto al cad\u00e1ver de su amante. Acusado de asesinato, decide contratar los servicios de Virginia Goodman, la mejor preparadora de testigos del pa\u00eds. En el transcurso de una noche, asesora y cliente trabajar\u00e1n para encontrar una duda razonable que le libre de la c\u00e1rcel. Director: Oriol&hellip;\" \/>\n<meta property=\"og:url\" content=\"https:\/\/fecha.gr\/es\/1026\/contratiempo\/\" \/>\n<meta property=\"og:site_name\" content=\"FeCHA - Festival de Cine Hispan\u00f3fono de Atenas \/ Hispanic Film Festival of Athens\" \/>\n<meta property=\"article:published_time\" content=\"2017-05-15T12:00:30+00:00\" \/>\n<meta property=\"article:modified_time\" content=\"2017-05-18T11:39:58+00:00\" \/>\n<meta property=\"og:image\" content=\"https:\/\/fecha.gr\/wp-content\/uploads\/2017\/05\/contratiempo1.jpg\" \/>\n\t<meta property=\"og:image:width\" content=\"1600\" \/>\n\t<meta property=\"og:image:height\" content=\"1230\" \/>\n\t<meta property=\"og:image:type\" content=\"image\/jpeg\" \/>\n<meta name=\"author\" content=\"fes\" \/>\n<meta name=\"twitter:card\" content=\"summary_large_image\" \/>\n<script type=\"application\/ld+json\" class=\"yoast-schema-graph\">{\"@context\":\"https:\\\/\\\/schema.org\",\"@graph\":[{\"@type\":\"Article\",\"@id\":\"https:\\\/\\\/fecha.gr\\\/es\\\/1026\\\/contratiempo\\\/#article\",\"isPartOf\":{\"@id\":\"https:\\\/\\\/fecha.gr\\\/es\\\/1026\\\/contratiempo\\\/\"},\"author\":{\"name\":\"fes\",\"@id\":\"https:\\\/\\\/fecha.gr\\\/#\\\/schema\\\/person\\\/7aeeb4cb445b980097bd9e97d4cc2e8d\"},\"headline\":\"Contratiempo\",\"datePublished\":\"2017-05-15T12:00:30+00:00\",\"dateModified\":\"2017-05-18T11:39:58+00:00\",\"mainEntityOfPage\":{\"@id\":\"https:\\\/\\\/fecha.gr\\\/es\\\/1026\\\/contratiempo\\\/\"},\"wordCount\":82,\"publisher\":{\"@id\":\"https:\\\/\\\/fecha.gr\\\/#organization\"},\"image\":{\"@id\":\"https:\\\/\\\/fecha.gr\\\/es\\\/1026\\\/contratiempo\\\/#primaryimage\"},\"thumbnailUrl\":\"https:\\\/\\\/fecha.gr\\\/wp-content\\\/uploads\\\/2017\\\/05\\\/contratiempo1.jpg\",\"articleSection\":[\"Pel\u00edcula\",\"Pel\u00edculas 2017\"],\"inLanguage\":\"es\"},{\"@type\":\"WebPage\",\"@id\":\"https:\\\/\\\/fecha.gr\\\/es\\\/1026\\\/contratiempo\\\/\",\"url\":\"https:\\\/\\\/fecha.gr\\\/es\\\/1026\\\/contratiempo\\\/\",\"name\":\"Contratiempo - FeCHA - Festival de Cine Hispan\u00f3fono de Atenas \\\/ Hispanic Film Festival of Athens\",\"isPartOf\":{\"@id\":\"https:\\\/\\\/fecha.gr\\\/#website\"},\"primaryImageOfPage\":{\"@id\":\"https:\\\/\\\/fecha.gr\\\/es\\\/1026\\\/contratiempo\\\/#primaryimage\"},\"image\":{\"@id\":\"https:\\\/\\\/fecha.gr\\\/es\\\/1026\\\/contratiempo\\\/#primaryimage\"},\"thumbnailUrl\":\"https:\\\/\\\/fecha.gr\\\/wp-content\\\/uploads\\\/2017\\\/05\\\/contratiempo1.jpg\",\"datePublished\":\"2017-05-15T12:00:30+00:00\",\"dateModified\":\"2017-05-18T11:39:58+00:00\",\"breadcrumb\":{\"@id\":\"https:\\\/\\\/fecha.gr\\\/es\\\/1026\\\/contratiempo\\\/#breadcrumb\"},\"inLanguage\":\"es\",\"potentialAction\":[{\"@type\":\"ReadAction\",\"target\":[\"https:\\\/\\\/fecha.gr\\\/es\\\/1026\\\/contratiempo\\\/\"]}]},{\"@type\":\"ImageObject\",\"inLanguage\":\"es\",\"@id\":\"https:\\\/\\\/fecha.gr\\\/es\\\/1026\\\/contratiempo\\\/#primaryimage\",\"url\":\"https:\\\/\\\/fecha.gr\\\/wp-content\\\/uploads\\\/2017\\\/05\\\/contratiempo1.jpg\",\"contentUrl\":\"https:\\\/\\\/fecha.gr\\\/wp-content\\\/uploads\\\/2017\\\/05\\\/contratiempo1.jpg\",\"width\":1600,\"height\":1230,\"caption\":\"\u039f \u0391\u03cc\u03c1\u03b1\u03c4\u03bf\u03c2 \u0395\u03c0\u03b9\u03c3\u03ba\u03ad\u03c0\u03c4\u03b7\u03c2 \\\/ Contratiempo\"},{\"@type\":\"BreadcrumbList\",\"@id\":\"https:\\\/\\\/fecha.gr\\\/es\\\/1026\\\/contratiempo\\\/#breadcrumb\",\"itemListElement\":[{\"@type\":\"ListItem\",\"position\":1,\"name\":\"Home\",\"item\":\"https:\\\/\\\/fecha.gr\\\/es\\\/coming-soon\\\/\"},{\"@type\":\"ListItem\",\"position\":2,\"name\":\"Contratiempo\"}]},{\"@type\":\"WebSite\",\"@id\":\"https:\\\/\\\/fecha.gr\\\/#website\",\"url\":\"https:\\\/\\\/fecha.gr\\\/\",\"name\":\"FeCHA - Festival de Cine Hispan\u00f3fono de Atenas \\\/ Hispanic Film Festival of Athens\",\"description\":\"\",\"publisher\":{\"@id\":\"https:\\\/\\\/fecha.gr\\\/#organization\"},\"potentialAction\":[{\"@type\":\"SearchAction\",\"target\":{\"@type\":\"EntryPoint\",\"urlTemplate\":\"https:\\\/\\\/fecha.gr\\\/?s={search_term_string}\"},\"query-input\":{\"@type\":\"PropertyValueSpecification\",\"valueRequired\":true,\"valueName\":\"search_term_string\"}}],\"inLanguage\":\"es\"},{\"@type\":\"Organization\",\"@id\":\"https:\\\/\\\/fecha.gr\\\/#organization\",\"name\":\"FeCHA - Festival de Cine Hispan\u00f3fono de Atenas\",\"url\":\"https:\\\/\\\/fecha.gr\\\/\",\"logo\":{\"@type\":\"ImageObject\",\"inLanguage\":\"es\",\"@id\":\"https:\\\/\\\/fecha.gr\\\/#\\\/schema\\\/logo\\\/image\\\/\",\"url\":\"https:\\\/\\\/fecha.gr\\\/wp-content\\\/uploads\\\/2016\\\/05\\\/favicon-fecha.png\",\"contentUrl\":\"https:\\\/\\\/fecha.gr\\\/wp-content\\\/uploads\\\/2016\\\/05\\\/favicon-fecha.png\",\"width\":1000,\"height\":1000,\"caption\":\"FeCHA - Festival de Cine Hispan\u00f3fono de Atenas\"},\"image\":{\"@id\":\"https:\\\/\\\/fecha.gr\\\/#\\\/schema\\\/logo\\\/image\\\/\"}},{\"@type\":\"Person\",\"@id\":\"https:\\\/\\\/fecha.gr\\\/#\\\/schema\\\/person\\\/7aeeb4cb445b980097bd9e97d4cc2e8d\",\"name\":\"fes\",\"url\":\"https:\\\/\\\/fecha.gr\\\/es\\\/author\\\/fes\\\/\"}]}<\/script>\n<!-- \/ Yoast SEO plugin. -->","yoast_head_json":{"title":"Contratiempo - FeCHA - Festival de Cine Hispan\u00f3fono de Atenas \/ Hispanic Film Festival of Athens","robots":{"index":"index","follow":"follow","max-snippet":"max-snippet:-1","max-image-preview":"max-image-preview:large","max-video-preview":"max-video-preview:-1"},"canonical":"https:\/\/fecha.gr\/es\/1026\/contratiempo\/","og_locale":"es_ES","og_type":"article","og_title":"Contratiempo - FeCHA - Festival de Cine Hispan\u00f3fono de Atenas \/ Hispanic Film Festival of Athens","og_description":"Adri\u00e1n Doria, un joven y exitoso empresario, despierta en la habitaci\u00f3n de un hotel junto al cad\u00e1ver de su amante. Acusado de asesinato, decide contratar los servicios de Virginia Goodman, la mejor preparadora de testigos del pa\u00eds. En el transcurso de una noche, asesora y cliente trabajar\u00e1n para encontrar una duda razonable que le libre de la c\u00e1rcel. Director: Oriol&hellip;","og_url":"https:\/\/fecha.gr\/es\/1026\/contratiempo\/","og_site_name":"FeCHA - Festival de Cine Hispan\u00f3fono de Atenas \/ Hispanic Film Festival of Athens","article_published_time":"2017-05-15T12:00:30+00:00","article_modified_time":"2017-05-18T11:39:58+00:00","og_image":[{"width":1600,"height":1230,"url":"https:\/\/fecha.gr\/wp-content\/uploads\/2017\/05\/contratiempo1.jpg","type":"image\/jpeg"}],"author":"fes","twitter_card":"summary_large_image","schema":{"@context":"https:\/\/schema.org","@graph":[{"@type":"Article","@id":"https:\/\/fecha.gr\/es\/1026\/contratiempo\/#article","isPartOf":{"@id":"https:\/\/fecha.gr\/es\/1026\/contratiempo\/"},"author":{"name":"fes","@id":"https:\/\/fecha.gr\/#\/schema\/person\/7aeeb4cb445b980097bd9e97d4cc2e8d"},"headline":"Contratiempo","datePublished":"2017-05-15T12:00:30+00:00","dateModified":"2017-05-18T11:39:58+00:00","mainEntityOfPage":{"@id":"https:\/\/fecha.gr\/es\/1026\/contratiempo\/"},"wordCount":82,"publisher":{"@id":"https:\/\/fecha.gr\/#organization"},"image":{"@id":"https:\/\/fecha.gr\/es\/1026\/contratiempo\/#primaryimage"},"thumbnailUrl":"https:\/\/fecha.gr\/wp-content\/uploads\/2017\/05\/contratiempo1.jpg","articleSection":["Pel\u00edcula","Pel\u00edculas 2017"],"inLanguage":"es"},{"@type":"WebPage","@id":"https:\/\/fecha.gr\/es\/1026\/contratiempo\/","url":"https:\/\/fecha.gr\/es\/1026\/contratiempo\/","name":"Contratiempo - FeCHA - Festival de Cine Hispan\u00f3fono de Atenas \/ Hispanic Film Festival of Athens","isPartOf":{"@id":"https:\/\/fecha.gr\/#website"},"primaryImageOfPage":{"@id":"https:\/\/fecha.gr\/es\/1026\/contratiempo\/#primaryimage"},"image":{"@id":"https:\/\/fecha.gr\/es\/1026\/contratiempo\/#primaryimage"},"thumbnailUrl":"https:\/\/fecha.gr\/wp-content\/uploads\/2017\/05\/contratiempo1.jpg","datePublished":"2017-05-15T12:00:30+00:00","dateModified":"2017-05-18T11:39:58+00:00","breadcrumb":{"@id":"https:\/\/fecha.gr\/es\/1026\/contratiempo\/#breadcrumb"},"inLanguage":"es","potentialAction":[{"@type":"ReadAction","target":["https:\/\/fecha.gr\/es\/1026\/contratiempo\/"]}]},{"@type":"ImageObject","inLanguage":"es","@id":"https:\/\/fecha.gr\/es\/1026\/contratiempo\/#primaryimage","url":"https:\/\/fecha.gr\/wp-content\/uploads\/2017\/05\/contratiempo1.jpg","contentUrl":"https:\/\/fecha.gr\/wp-content\/uploads\/2017\/05\/contratiempo1.jpg","width":1600,"height":1230,"caption":"\u039f \u0391\u03cc\u03c1\u03b1\u03c4\u03bf\u03c2 \u0395\u03c0\u03b9\u03c3\u03ba\u03ad\u03c0\u03c4\u03b7\u03c2 \/ Contratiempo"},{"@type":"BreadcrumbList","@id":"https:\/\/fecha.gr\/es\/1026\/contratiempo\/#breadcrumb","itemListElement":[{"@type":"ListItem","position":1,"name":"Home","item":"https:\/\/fecha.gr\/es\/coming-soon\/"},{"@type":"ListItem","position":2,"name":"Contratiempo"}]},{"@type":"WebSite","@id":"https:\/\/fecha.gr\/#website","url":"https:\/\/fecha.gr\/","name":"FeCHA - Festival de Cine Hispan\u00f3fono de Atenas \/ Hispanic Film Festival of Athens","description":"","publisher":{"@id":"https:\/\/fecha.gr\/#organization"},"potentialAction":[{"@type":"SearchAction","target":{"@type":"EntryPoint","urlTemplate":"https:\/\/fecha.gr\/?s={search_term_string}"},"query-input":{"@type":"PropertyValueSpecification","valueRequired":true,"valueName":"search_term_string"}}],"inLanguage":"es"},{"@type":"Organization","@id":"https:\/\/fecha.gr\/#organization","name":"FeCHA - Festival de Cine Hispan\u00f3fono de Atenas","url":"https:\/\/fecha.gr\/","logo":{"@type":"ImageObject","inLanguage":"es","@id":"https:\/\/fecha.gr\/#\/schema\/logo\/image\/","url":"https:\/\/fecha.gr\/wp-content\/uploads\/2016\/05\/favicon-fecha.png","contentUrl":"https:\/\/fecha.gr\/wp-content\/uploads\/2016\/05\/favicon-fecha.png","width":1000,"height":1000,"caption":"FeCHA - Festival de Cine Hispan\u00f3fono de Atenas"},"image":{"@id":"https:\/\/fecha.gr\/#\/schema\/logo\/image\/"}},{"@type":"Person","@id":"https:\/\/fecha.gr\/#\/schema\/person\/7aeeb4cb445b980097bd9e97d4cc2e8d","name":"fes","url":"https:\/\/fecha.gr\/es\/author\/fes\/"}]}},"_links":{"self":[{"href":"https:\/\/fecha.gr\/es\/wp-json\/wp\/v2\/posts\/1026","targetHints":{"allow":["GET"]}}],"collection":[{"href":"https:\/\/fecha.gr\/es\/wp-json\/wp\/v2\/posts"}],"about":[{"href":"https:\/\/fecha.gr\/es\/wp-json\/wp\/v2\/types\/post"}],"author":[{"embeddable":true,"href":"https:\/\/fecha.gr\/es\/wp-json\/wp\/v2\/users\/2"}],"replies":[{"embeddable":true,"href":"https:\/\/fecha.gr\/es\/wp-json\/wp\/v2\/comments?post=1026"}],"version-history":[{"count":0,"href":"https:\/\/fecha.gr\/es\/wp-json\/wp\/v2\/posts\/1026\/revisions"}],"wp:featuredmedia":[{"embeddable":true,"href":"https:\/\/fecha.gr\/es\/wp-json\/wp\/v2\/media\/1021"}],"wp:attachment":[{"href":"https:\/\/fecha.gr\/es\/wp-json\/wp\/v2\/media?parent=1026"}],"wp:term":[{"taxonomy":"category","embeddable":true,"href":"https:\/\/fecha.gr\/es\/wp-json\/wp\/v2\/categories?post=1026"},{"taxonomy":"post_tag","embeddable":true,"href":"https:\/\/fecha.gr\/es\/wp-json\/wp\/v2\/tags?post=1026"}],"curies":[{"name":"wp","href":"https:\/\/api.w.org\/{rel}","templated":true}]}}