
{"id":656,"date":"2016-05-03T20:07:51","date_gmt":"2016-05-03T17:07:51","guid":{"rendered":"http:\/\/fecha.gr\/en\/?p=656"},"modified":"2016-05-03T20:08:55","modified_gmt":"2016-05-03T17:08:55","slug":"truman","status":"publish","type":"post","link":"https:\/\/fecha.gr\/en\/656\/truman\/","title":{"rendered":"Truman"},"content":{"rendered":"<h1 style=\"text-align: center;\">Truman<\/h1>\n<h2 style=\"text-align: center;\">a film by\u00a0Cesc Gay<\/h2>\n<p>Juli\u00e1n receives an unexpected visit from his friend Tom\u00e1s, who lives in Canada. For four intense days, the two men, accompanied by Juli\u00e1n\u2019s faithful dog, Truman, will share emotional and surprising moments prompted by Juli\u00e1n\u2019s complicated situation.<\/p>\n<p>GOYA AWARDS<\/p>\n<p>\u2022 Best Film<br \/>\n\u2022 Director<br \/>\n\u2022 Original Script<br \/>\n\u2022 Leading Actor \u2013 RICARDO DARIN<br \/>\n\u2022 Supporting Actor \u2013 JAVIER C\u00c1MARA<\/p>\n<p>Director: Cesc Gay<br \/>\nCountry:\u00a0Spain<br \/>\nYear: 2015<br \/>\nDuration: 108\u2019<\/p>\n<div class=\"x-resp-embed x-is-video x-is-youtube\"><iframe loading=\"lazy\" title=\"Truman Full HD  trailler  GR SUBS\" width=\"500\" height=\"281\" src=\"https:\/\/www.youtube.com\/embed\/YjHiY_qP7EE?feature=oembed\" frameborder=\"0\" allow=\"accelerometer; autoplay; clipboard-write; encrypted-media; gyroscope; picture-in-picture; web-share\" referrerpolicy=\"strict-origin-when-cross-origin\" allowfullscreen><\/iframe><\/div>\n","protected":false},"excerpt":{"rendered":"<p>Truman a film by\u00a0Cesc Gay Juli\u00e1n receives an unexpected visit from his friend Tom\u00e1s, who lives in Canada. For four intense days, the two men, accompanied by Juli\u00e1n\u2019s faithful dog, Truman, will share emotional and surprising moments prompted by Juli\u00e1n\u2019s complicated situation. GOYA AWARDS \u2022 Best Film \u2022 Director \u2022 Original Script \u2022 Leading Actor \u2013 RICARDO DARIN \u2022 Supporting&hellip;<\/p>\n","protected":false},"author":2,"featured_media":653,"comment_status":"closed","ping_status":"closed","sticky":false,"template":"","format":"standard","meta":{"powered_cache_disable_cache":false,"footnotes":""},"categories":[18,30],"tags":[],"class_list":["post-656","post","type-post","status-publish","format-standard","has-post-thumbnail","hentry","category-movie","category-movies-2016"],"yoast_head":"<!-- This site is optimized with the Yoast SEO plugin v27.5 - https:\/\/yoast.com\/product\/yoast-seo-wordpress\/ -->\n<title>Truman - FeCHA - Festival de Cine Hispan\u00f3fono de Atenas \/ Hispanic Film Festival of Athens<\/title>\n<meta name=\"robots\" content=\"index, follow, max-snippet:-1, max-image-preview:large, max-video-preview:-1\" \/>\n<link rel=\"canonical\" href=\"https:\/\/fecha.gr\/en\/656\/truman\/\" \/>\n<meta property=\"og:locale\" content=\"en_US\" \/>\n<meta property=\"og:type\" content=\"article\" \/>\n<meta property=\"og:title\" content=\"Truman - FeCHA - Festival de Cine Hispan\u00f3fono de Atenas \/ Hispanic Film Festival of Athens\" \/>\n<meta property=\"og:description\" content=\"Truman a film by\u00a0Cesc Gay Juli\u00e1n receives an unexpected visit from his friend Tom\u00e1s, who lives in Canada. For four intense days, the two men, accompanied by Juli\u00e1n\u2019s faithful dog, Truman, will share emotional and surprising moments prompted by Juli\u00e1n\u2019s complicated situation. GOYA AWARDS \u2022 Best Film \u2022 Director \u2022 Original Script \u2022 Leading Actor \u2013 RICARDO DARIN \u2022 Supporting&hellip;\" \/>\n<meta property=\"og:url\" content=\"https:\/\/fecha.gr\/en\/656\/truman\/\" \/>\n<meta property=\"og:site_name\" content=\"FeCHA - Festival de Cine Hispan\u00f3fono de Atenas \/ Hispanic Film Festival of Athens\" \/>\n<meta property=\"article:published_time\" content=\"2016-05-03T17:07:51+00:00\" \/>\n<meta property=\"article:modified_time\" content=\"2016-05-03T17:08:55+00:00\" \/>\n<meta property=\"og:image\" content=\"https:\/\/fecha.gr\/wp-content\/uploads\/2016\/05\/truman-web.jpg\" \/>\n\t<meta property=\"og:image:width\" content=\"1200\" \/>\n\t<meta property=\"og:image:height\" content=\"801\" \/>\n\t<meta property=\"og:image:type\" content=\"image\/jpeg\" \/>\n<meta name=\"author\" content=\"fes\" \/>\n<meta name=\"twitter:card\" content=\"summary_large_image\" \/>\n<script type=\"application\/ld+json\" class=\"yoast-schema-graph\">{\"@context\":\"https:\\\/\\\/schema.org\",\"@graph\":[{\"@type\":\"Article\",\"@id\":\"https:\\\/\\\/fecha.gr\\\/en\\\/656\\\/truman\\\/#article\",\"isPartOf\":{\"@id\":\"https:\\\/\\\/fecha.gr\\\/en\\\/656\\\/truman\\\/\"},\"author\":{\"name\":\"fes\",\"@id\":\"https:\\\/\\\/fecha.gr\\\/#\\\/schema\\\/person\\\/7aeeb4cb445b980097bd9e97d4cc2e8d\"},\"headline\":\"Truman\",\"datePublished\":\"2016-05-03T17:07:51+00:00\",\"dateModified\":\"2016-05-03T17:08:55+00:00\",\"mainEntityOfPage\":{\"@id\":\"https:\\\/\\\/fecha.gr\\\/en\\\/656\\\/truman\\\/\"},\"wordCount\":79,\"publisher\":{\"@id\":\"https:\\\/\\\/fecha.gr\\\/#organization\"},\"image\":{\"@id\":\"https:\\\/\\\/fecha.gr\\\/en\\\/656\\\/truman\\\/#primaryimage\"},\"thumbnailUrl\":\"https:\\\/\\\/fecha.gr\\\/wp-content\\\/uploads\\\/2016\\\/05\\\/truman-web.jpg\",\"articleSection\":[\"Movie\",\"Movies 2016\"],\"inLanguage\":\"en-US\"},{\"@type\":\"WebPage\",\"@id\":\"https:\\\/\\\/fecha.gr\\\/en\\\/656\\\/truman\\\/\",\"url\":\"https:\\\/\\\/fecha.gr\\\/en\\\/656\\\/truman\\\/\",\"name\":\"Truman - FeCHA - Festival de Cine Hispan\u00f3fono de Atenas \\\/ Hispanic Film Festival of Athens\",\"isPartOf\":{\"@id\":\"https:\\\/\\\/fecha.gr\\\/#website\"},\"primaryImageOfPage\":{\"@id\":\"https:\\\/\\\/fecha.gr\\\/en\\\/656\\\/truman\\\/#primaryimage\"},\"image\":{\"@id\":\"https:\\\/\\\/fecha.gr\\\/en\\\/656\\\/truman\\\/#primaryimage\"},\"thumbnailUrl\":\"https:\\\/\\\/fecha.gr\\\/wp-content\\\/uploads\\\/2016\\\/05\\\/truman-web.jpg\",\"datePublished\":\"2016-05-03T17:07:51+00:00\",\"dateModified\":\"2016-05-03T17:08:55+00:00\",\"breadcrumb\":{\"@id\":\"https:\\\/\\\/fecha.gr\\\/en\\\/656\\\/truman\\\/#breadcrumb\"},\"inLanguage\":\"en-US\",\"potentialAction\":[{\"@type\":\"ReadAction\",\"target\":[\"https:\\\/\\\/fecha.gr\\\/en\\\/656\\\/truman\\\/\"]}]},{\"@type\":\"ImageObject\",\"inLanguage\":\"en-US\",\"@id\":\"https:\\\/\\\/fecha.gr\\\/en\\\/656\\\/truman\\\/#primaryimage\",\"url\":\"https:\\\/\\\/fecha.gr\\\/wp-content\\\/uploads\\\/2016\\\/05\\\/truman-web.jpg\",\"contentUrl\":\"https:\\\/\\\/fecha.gr\\\/wp-content\\\/uploads\\\/2016\\\/05\\\/truman-web.jpg\",\"width\":1200,\"height\":801,\"caption\":\"Truman \u03c4\u03b1\u03b9\u03bd\u03af\u03b1 \u03c4\u03bf\u03c5 Cesc Gay FeCHA \u03a6\u03b5\u03c3\u03c4\u03b9\u03b2\u03ac\u03bb \u0399\u03c3\u03c0\u03b1\u03bd\u03cc\u03c6\u03c9\u03bd\u03bf\u03c5 \u039a\u03b9\u03bd\u03b7\u03bc\u03b1\u03c4\u03bf\u03b3\u03c1\u03ac\u03c6\u03bf\u03c5\"},{\"@type\":\"BreadcrumbList\",\"@id\":\"https:\\\/\\\/fecha.gr\\\/en\\\/656\\\/truman\\\/#breadcrumb\",\"itemListElement\":[{\"@type\":\"ListItem\",\"position\":1,\"name\":\"Home\",\"item\":\"https:\\\/\\\/fecha.gr\\\/en\\\/coming-soon\\\/\"},{\"@type\":\"ListItem\",\"position\":2,\"name\":\"Truman\"}]},{\"@type\":\"WebSite\",\"@id\":\"https:\\\/\\\/fecha.gr\\\/#website\",\"url\":\"https:\\\/\\\/fecha.gr\\\/\",\"name\":\"FeCHA - Festival de Cine Hispan\u00f3fono de Atenas \\\/ Hispanic Film Festival of Athens\",\"description\":\"\",\"publisher\":{\"@id\":\"https:\\\/\\\/fecha.gr\\\/#organization\"},\"potentialAction\":[{\"@type\":\"SearchAction\",\"target\":{\"@type\":\"EntryPoint\",\"urlTemplate\":\"https:\\\/\\\/fecha.gr\\\/?s={search_term_string}\"},\"query-input\":{\"@type\":\"PropertyValueSpecification\",\"valueRequired\":true,\"valueName\":\"search_term_string\"}}],\"inLanguage\":\"en-US\"},{\"@type\":\"Organization\",\"@id\":\"https:\\\/\\\/fecha.gr\\\/#organization\",\"name\":\"FeCHA - Festival de Cine Hispan\u00f3fono de Atenas\",\"url\":\"https:\\\/\\\/fecha.gr\\\/\",\"logo\":{\"@type\":\"ImageObject\",\"inLanguage\":\"en-US\",\"@id\":\"https:\\\/\\\/fecha.gr\\\/#\\\/schema\\\/logo\\\/image\\\/\",\"url\":\"https:\\\/\\\/fecha.gr\\\/wp-content\\\/uploads\\\/2016\\\/05\\\/favicon-fecha.png\",\"contentUrl\":\"https:\\\/\\\/fecha.gr\\\/wp-content\\\/uploads\\\/2016\\\/05\\\/favicon-fecha.png\",\"width\":1000,\"height\":1000,\"caption\":\"FeCHA - Festival de Cine Hispan\u00f3fono de Atenas\"},\"image\":{\"@id\":\"https:\\\/\\\/fecha.gr\\\/#\\\/schema\\\/logo\\\/image\\\/\"}},{\"@type\":\"Person\",\"@id\":\"https:\\\/\\\/fecha.gr\\\/#\\\/schema\\\/person\\\/7aeeb4cb445b980097bd9e97d4cc2e8d\",\"name\":\"fes\",\"url\":\"https:\\\/\\\/fecha.gr\\\/en\\\/author\\\/fes\\\/\"}]}<\/script>\n<!-- \/ Yoast SEO plugin. -->","yoast_head_json":{"title":"Truman - FeCHA - Festival de Cine Hispan\u00f3fono de Atenas \/ Hispanic Film Festival of Athens","robots":{"index":"index","follow":"follow","max-snippet":"max-snippet:-1","max-image-preview":"max-image-preview:large","max-video-preview":"max-video-preview:-1"},"canonical":"https:\/\/fecha.gr\/en\/656\/truman\/","og_locale":"en_US","og_type":"article","og_title":"Truman - FeCHA - Festival de Cine Hispan\u00f3fono de Atenas \/ Hispanic Film Festival of Athens","og_description":"Truman a film by\u00a0Cesc Gay Juli\u00e1n receives an unexpected visit from his friend Tom\u00e1s, who lives in Canada. For four intense days, the two men, accompanied by Juli\u00e1n\u2019s faithful dog, Truman, will share emotional and surprising moments prompted by Juli\u00e1n\u2019s complicated situation. GOYA AWARDS \u2022 Best Film \u2022 Director \u2022 Original Script \u2022 Leading Actor \u2013 RICARDO DARIN \u2022 Supporting&hellip;","og_url":"https:\/\/fecha.gr\/en\/656\/truman\/","og_site_name":"FeCHA - Festival de Cine Hispan\u00f3fono de Atenas \/ Hispanic Film Festival of Athens","article_published_time":"2016-05-03T17:07:51+00:00","article_modified_time":"2016-05-03T17:08:55+00:00","og_image":[{"width":1200,"height":801,"url":"https:\/\/fecha.gr\/wp-content\/uploads\/2016\/05\/truman-web.jpg","type":"image\/jpeg"}],"author":"fes","twitter_card":"summary_large_image","schema":{"@context":"https:\/\/schema.org","@graph":[{"@type":"Article","@id":"https:\/\/fecha.gr\/en\/656\/truman\/#article","isPartOf":{"@id":"https:\/\/fecha.gr\/en\/656\/truman\/"},"author":{"name":"fes","@id":"https:\/\/fecha.gr\/#\/schema\/person\/7aeeb4cb445b980097bd9e97d4cc2e8d"},"headline":"Truman","datePublished":"2016-05-03T17:07:51+00:00","dateModified":"2016-05-03T17:08:55+00:00","mainEntityOfPage":{"@id":"https:\/\/fecha.gr\/en\/656\/truman\/"},"wordCount":79,"publisher":{"@id":"https:\/\/fecha.gr\/#organization"},"image":{"@id":"https:\/\/fecha.gr\/en\/656\/truman\/#primaryimage"},"thumbnailUrl":"https:\/\/fecha.gr\/wp-content\/uploads\/2016\/05\/truman-web.jpg","articleSection":["Movie","Movies 2016"],"inLanguage":"en-US"},{"@type":"WebPage","@id":"https:\/\/fecha.gr\/en\/656\/truman\/","url":"https:\/\/fecha.gr\/en\/656\/truman\/","name":"Truman - FeCHA - Festival de Cine Hispan\u00f3fono de Atenas \/ Hispanic Film Festival of Athens","isPartOf":{"@id":"https:\/\/fecha.gr\/#website"},"primaryImageOfPage":{"@id":"https:\/\/fecha.gr\/en\/656\/truman\/#primaryimage"},"image":{"@id":"https:\/\/fecha.gr\/en\/656\/truman\/#primaryimage"},"thumbnailUrl":"https:\/\/fecha.gr\/wp-content\/uploads\/2016\/05\/truman-web.jpg","datePublished":"2016-05-03T17:07:51+00:00","dateModified":"2016-05-03T17:08:55+00:00","breadcrumb":{"@id":"https:\/\/fecha.gr\/en\/656\/truman\/#breadcrumb"},"inLanguage":"en-US","potentialAction":[{"@type":"ReadAction","target":["https:\/\/fecha.gr\/en\/656\/truman\/"]}]},{"@type":"ImageObject","inLanguage":"en-US","@id":"https:\/\/fecha.gr\/en\/656\/truman\/#primaryimage","url":"https:\/\/fecha.gr\/wp-content\/uploads\/2016\/05\/truman-web.jpg","contentUrl":"https:\/\/fecha.gr\/wp-content\/uploads\/2016\/05\/truman-web.jpg","width":1200,"height":801,"caption":"Truman \u03c4\u03b1\u03b9\u03bd\u03af\u03b1 \u03c4\u03bf\u03c5 Cesc Gay FeCHA \u03a6\u03b5\u03c3\u03c4\u03b9\u03b2\u03ac\u03bb \u0399\u03c3\u03c0\u03b1\u03bd\u03cc\u03c6\u03c9\u03bd\u03bf\u03c5 \u039a\u03b9\u03bd\u03b7\u03bc\u03b1\u03c4\u03bf\u03b3\u03c1\u03ac\u03c6\u03bf\u03c5"},{"@type":"BreadcrumbList","@id":"https:\/\/fecha.gr\/en\/656\/truman\/#breadcrumb","itemListElement":[{"@type":"ListItem","position":1,"name":"Home","item":"https:\/\/fecha.gr\/en\/coming-soon\/"},{"@type":"ListItem","position":2,"name":"Truman"}]},{"@type":"WebSite","@id":"https:\/\/fecha.gr\/#website","url":"https:\/\/fecha.gr\/","name":"FeCHA - Festival de Cine Hispan\u00f3fono de Atenas \/ Hispanic Film Festival of Athens","description":"","publisher":{"@id":"https:\/\/fecha.gr\/#organization"},"potentialAction":[{"@type":"SearchAction","target":{"@type":"EntryPoint","urlTemplate":"https:\/\/fecha.gr\/?s={search_term_string}"},"query-input":{"@type":"PropertyValueSpecification","valueRequired":true,"valueName":"search_term_string"}}],"inLanguage":"en-US"},{"@type":"Organization","@id":"https:\/\/fecha.gr\/#organization","name":"FeCHA - Festival de Cine Hispan\u00f3fono de Atenas","url":"https:\/\/fecha.gr\/","logo":{"@type":"ImageObject","inLanguage":"en-US","@id":"https:\/\/fecha.gr\/#\/schema\/logo\/image\/","url":"https:\/\/fecha.gr\/wp-content\/uploads\/2016\/05\/favicon-fecha.png","contentUrl":"https:\/\/fecha.gr\/wp-content\/uploads\/2016\/05\/favicon-fecha.png","width":1000,"height":1000,"caption":"FeCHA - Festival de Cine Hispan\u00f3fono de Atenas"},"image":{"@id":"https:\/\/fecha.gr\/#\/schema\/logo\/image\/"}},{"@type":"Person","@id":"https:\/\/fecha.gr\/#\/schema\/person\/7aeeb4cb445b980097bd9e97d4cc2e8d","name":"fes","url":"https:\/\/fecha.gr\/en\/author\/fes\/"}]}},"_links":{"self":[{"href":"https:\/\/fecha.gr\/en\/wp-json\/wp\/v2\/posts\/656","targetHints":{"allow":["GET"]}}],"collection":[{"href":"https:\/\/fecha.gr\/en\/wp-json\/wp\/v2\/posts"}],"about":[{"href":"https:\/\/fecha.gr\/en\/wp-json\/wp\/v2\/types\/post"}],"author":[{"embeddable":true,"href":"https:\/\/fecha.gr\/en\/wp-json\/wp\/v2\/users\/2"}],"replies":[{"embeddable":true,"href":"https:\/\/fecha.gr\/en\/wp-json\/wp\/v2\/comments?post=656"}],"version-history":[{"count":0,"href":"https:\/\/fecha.gr\/en\/wp-json\/wp\/v2\/posts\/656\/revisions"}],"wp:featuredmedia":[{"embeddable":true,"href":"https:\/\/fecha.gr\/en\/wp-json\/wp\/v2\/media\/653"}],"wp:attachment":[{"href":"https:\/\/fecha.gr\/en\/wp-json\/wp\/v2\/media?parent=656"}],"wp:term":[{"taxonomy":"category","embeddable":true,"href":"https:\/\/fecha.gr\/en\/wp-json\/wp\/v2\/categories?post=656"},{"taxonomy":"post_tag","embeddable":true,"href":"https:\/\/fecha.gr\/en\/wp-json\/wp\/v2\/tags?post=656"}],"curies":[{"name":"wp","href":"https:\/\/api.w.org\/{rel}","templated":true}]}}