
{"id":3715,"date":"2020-10-02T14:46:59","date_gmt":"2020-10-02T11:46:59","guid":{"rendered":"https:\/\/fecha.gr\/3715\/days-of-hispanic-cinema-2020\/"},"modified":"2020-10-02T14:46:59","modified_gmt":"2020-10-02T11:46:59","slug":"days-of-hispanic-cinema-2020","status":"publish","type":"post","link":"https:\/\/fecha.gr\/en\/3715\/days-of-hispanic-cinema-2020\/","title":{"rendered":"Days of Hispanic Cinema 2020"},"content":{"rendered":"\n<p>Festival de Cine Hispan\u00f3fono de Atenas &#8211; FeCHA presents &#8220;Days of Hispanic Cinema&#8221; on 12-14 October 2020, a new initiative which coincides with the &#8220;D\u00eda de la Hispanidad\/ D\u00eda de la Raza&#8221;<\/p>\n\n<p>During the event, 6 award-winning films from Spain and Latin America will be presented via online viewing for free to all of Greece<\/p>\n\n<p><p>Each film will be available for 24h and for devices within Greece.<\/p>&#13;\n<p>Screenings on<strong>\u00a0<a href=\"https:\/\/video.fecha.gr\" target=\"_blank\" rel=\"noreferrer noopener\">https:\/\/video.fecha.gr<\/a>.<\/strong><\/p><\/p>\n\n<p><p><strong>A few words about &#8220;D\u00eda de la Hispanidad\/D\u00eda de la Raza&#8221; (Day of Hispanicity\/Day of Race)<\/strong><br\/>On account of the &#8220;discovery&#8221; of America on the 12th October 1492 by Christopher Colombus -who thought he was in India- this date is celebrated in Spain\u00a0 as &#8220;D\u00eda de la Hispanidad&#8221; . The term Hispanidad, represents the whole of spanish speaking peoples and cultures.<br\/>In Latin America the same day is celebrated as &#8220;D\u00eda de la Raza&#8221; and focuses on the co-existence of the Europeans with the indigenous races.<\/p><\/p>\n\n<p><p>Texts in Spanish: Nicoleta Xinariu &#8211; nksinar@hotmail.com<br\/>Production of Spot: @george1417<\/p><\/p>\n\n<figure class=\"wp-block-image size-large\"><img loading=\"lazy\" decoding=\"async\" width=\"720\" height=\"1024\" src=\"https:\/\/fecha.gr\/wp-content\/uploads\/2020\/10\/artboard-720x1024.jpg\" alt=\"\" class=\"wp-image-3696\" srcset=\"https:\/\/fecha.gr\/wp-content\/uploads\/2020\/10\/artboard-720x1024.jpg 720w, https:\/\/fecha.gr\/wp-content\/uploads\/2020\/10\/artboard-211x300.jpg 211w, https:\/\/fecha.gr\/wp-content\/uploads\/2020\/10\/artboard-1081x1536.jpg 1081w, https:\/\/fecha.gr\/wp-content\/uploads\/2020\/10\/artboard-1441x2048.jpg 1441w, https:\/\/fecha.gr\/wp-content\/uploads\/2020\/10\/artboard-scaled.jpg 1801w\" sizes=\"auto, (max-width: 720px) 100vw, 720px\" \/><\/figure>\n<p>The films:<\/p>\n\n<p><p><strong>Monday 12th of October<\/strong><\/p><\/p>\n\n<p><p><strong>Wave of Crimes \/ Ola de Cr\u00edmenes<\/strong><br\/>(Gracia Querejeta, Spain, 2018, 98\u2019)<\/p><\/p>\n\n<p>Leyre is a well-to-do woman who has always lived an easy life. That is, until the day her teenage son kills her ex-husband in a senseless fit of rage. Looking to protect her only son, Leyre tries to hide the crime from the police, which is not an easy task for someone unaccustomed to having problems. Things go from bad to worse when her sick mother and a friend of her son\u2019s who is in love with her decide to help Leyre out, unleashing a series of unavoidable and catastrophic events.<\/p>\n\n<figure class=\"wp-block-image size-large\"><img loading=\"lazy\" decoding=\"async\" width=\"1000\" height=\"667\" src=\"https:\/\/fecha.gr\/wp-content\/uploads\/2020\/10\/crimewave_1.jpg\" alt=\"\" class=\"wp-image-3671\" srcset=\"https:\/\/fecha.gr\/wp-content\/uploads\/2020\/10\/crimewave_1.jpg 1000w, https:\/\/fecha.gr\/wp-content\/uploads\/2020\/10\/crimewave_1-300x200.jpg 300w\" sizes=\"auto, (max-width: 1000px) 100vw, 1000px\" \/><\/figure>\n<p><p><strong>Retablo<\/strong><br\/>(Alvaro Delgado Aparicio, Peru\/Germany\/Norway, 2017, 95\u2019)<\/p><\/p>\n\n<p>Segundo Paucar, a 14-year-old artisan-in-training, starts searching for meaning after stumbling across a family secret. Having spent his life idolising his father No\u00e9 and preparing to follow in his footsteps in their patriarchal mountainside village, his entire sense of self quickly crumbles.<\/p>\n\n<figure class=\"wp-block-image size-large\"><img loading=\"lazy\" decoding=\"async\" width=\"1000\" height=\"563\" src=\"https:\/\/fecha.gr\/wp-content\/uploads\/2020\/10\/retablo_1.jpg\" alt=\"\" class=\"wp-image-3674\" srcset=\"https:\/\/fecha.gr\/wp-content\/uploads\/2020\/10\/retablo_1.jpg 1000w, https:\/\/fecha.gr\/wp-content\/uploads\/2020\/10\/retablo_1-300x169.jpg 300w\" sizes=\"auto, (max-width: 1000px) 100vw, 1000px\" \/><\/figure>\n<p><p><strong>Tuesday 13th of October<\/strong><\/p><\/p>\n\n<p><p><strong>Retribution \/ El Desconocido<\/strong><br\/>(Dani de la Torre, Spain, 2015, 91\u2019)<\/p><\/p>\n\n<p>A bank executive receives an anonymous phone call informing him he has just a few hours to obtain a large amount of money or a bomb under his seat will explode.<\/p>\n\n<figure class=\"wp-block-image size-large\"><img loading=\"lazy\" decoding=\"async\" width=\"1000\" height=\"420\" src=\"https:\/\/fecha.gr\/wp-content\/uploads\/2020\/10\/desconocido_ftg_00261856.jpg\" alt=\"\" class=\"wp-image-3677\" srcset=\"https:\/\/fecha.gr\/wp-content\/uploads\/2020\/10\/desconocido_ftg_00261856.jpg 1000w, https:\/\/fecha.gr\/wp-content\/uploads\/2020\/10\/desconocido_ftg_00261856-300x126.jpg 300w\" sizes=\"auto, (max-width: 1000px) 100vw, 1000px\" \/><\/figure>\n<p><p><strong>The Sower \/ El Sembrador<\/strong><br\/>(Melissa Elizondo Moreno, Mexico, 2018, 86\u2019)<\/p><\/p>\n\n<p>Bartolom\u00e9, a teacher in a multigrade school on the mountains of Chiapas in Mexico, knows well that pedagogy is not based on textbooks and cannot fit behind the four walls of a classroom. A true sower of knowledge unravels his philosophy and method and becomes a beacon of hope for the creation of a humanistic model of education based on curiosity and love for the outside world.<\/p>\n\n<figure class=\"wp-block-image size-large\"><img loading=\"lazy\" decoding=\"async\" width=\"1000\" height=\"563\" src=\"https:\/\/fecha.gr\/wp-content\/uploads\/2020\/10\/still-4-el-sembrador.jpg\" alt=\"\" class=\"wp-image-3680\" srcset=\"https:\/\/fecha.gr\/wp-content\/uploads\/2020\/10\/still-4-el-sembrador.jpg 1000w, https:\/\/fecha.gr\/wp-content\/uploads\/2020\/10\/still-4-el-sembrador-300x169.jpg 300w\" sizes=\"auto, (max-width: 1000px) 100vw, 1000px\" \/><\/figure>\n<p><p><strong>Wednesday 14th of October<\/strong><\/p><\/p>\n\n<p><p><strong>Bu\u00f1uel in the Labyrinth of the Turtles \/ Bu\u00f1uel en el laberinto de las tortugas<\/strong><br\/>(Salvador Sim\u00f3 Busom, Spain, 2018, 86\u2019)<\/p><\/p>\n\n<p>In Paris in 1930, Luis Bu\u00f1uel is left penniless after a film leads to a falling out with Salvador Dal\u00ed. On a whim, Bu\u00f1uel&#8217;s good friend, sculptor Ram\u00f3n Ac\u00edn, buys a lottery ticket and promises to devote his winnings to fund Bu\u00f1uel&#8217;s next film.<\/p>\n\n<figure class=\"wp-block-image size-large\"><img loading=\"lazy\" decoding=\"async\" width=\"1000\" height=\"480\" src=\"https:\/\/fecha.gr\/wp-content\/uploads\/2020\/10\/bunuel.jpg\" alt=\"\" class=\"wp-image-3683\" srcset=\"https:\/\/fecha.gr\/wp-content\/uploads\/2020\/10\/bunuel.jpg 1000w, https:\/\/fecha.gr\/wp-content\/uploads\/2020\/10\/bunuel-300x144.jpg 300w\" sizes=\"auto, (max-width: 1000px) 100vw, 1000px\" \/><\/figure>\n<p><p><strong>The Angel \/ El \u00e1ngel<\/strong><br\/>(Luis Ortega, Argentina, 2018, 117\u2019)<\/p><\/p>\n\n<p>Carlitos is a 17-year-old youth with movie star swagger, blond curls and a baby face. As a young boy, he coveted other people&#8217;s things, but it wasn&#8217;t until his early adolescence that his true calling&#8211;to be a thief&#8211;manifested itself. When he meets Ramon at his new school, Carlitos is immediately drawn to him and starts showing off to get his attention. Together they will embark on a journey of discoveries, love and crime. Killing is just a random offshoot of the violence, which continues to escalate until Carlitos is finally apprehended. Because of his angelic appearance, the press dubs Carlitos &#8220;The Angel of Death&#8221;.<\/p>\n\n<figure class=\"wp-block-image size-large\"><img loading=\"lazy\" decoding=\"async\" width=\"1000\" height=\"541\" src=\"https:\/\/fecha.gr\/wp-content\/uploads\/2020\/10\/angel1.jpg\" alt=\"\" class=\"wp-image-3686\" srcset=\"https:\/\/fecha.gr\/wp-content\/uploads\/2020\/10\/angel1.jpg 1000w, https:\/\/fecha.gr\/wp-content\/uploads\/2020\/10\/angel1-300x162.jpg 300w\" sizes=\"auto, (max-width: 1000px) 100vw, 1000px\" \/><\/figure>\n<figure class=\"wp-block-embed-vimeo wp-block-embed is-type-video is-provider-vimeo wp-embed-aspect-16-9 wp-has-aspect-ratio\"><div class=\"wp-block-embed__wrapper\">\n<div class=\"x-resp-embed x-is-video x-is-vimeo\"><iframe loading=\"lazy\" title=\"\u0397\u03bc\u03ad\u03c1\u03b5\u03c2 \u0399\u03c3\u03c0\u03b1\u03bd\u03cc\u03c6\u03c9\u03bd\u03bf\u03c5 \u039a\u03b9\u03bd\u03b7\u03bc\u03b1\u03c4\u03bf\u03b3\u03c1\u03ac\u03c6\u03bf\u03c5 \/ D\u00edas de Cine Hispan\u00f3fono\" src=\"https:\/\/player.vimeo.com\/video\/463758383?dnt=1&amp;app_id=122963\" width=\"500\" height=\"281\" frameborder=\"0\" allow=\"autoplay; fullscreen; picture-in-picture; clipboard-write\"><\/iframe><\/div>\n<\/div><\/figure>","protected":false},"excerpt":{"rendered":"<p>Festival de Cine Hispan\u00f3fono de Atenas &#8211; FeCHA presents &#8220;Days of Hispanic Cinema&#8221; on 12-14 October 2020, a new initiative which coincides with the &#8220;D\u00eda de la Hispanidad\/ D\u00eda de la Raza&#8221; During the event, 6 award-winning films from Spain and Latin America will be presented via online viewing for free to all of Greece Each film will be available&hellip;<\/p>\n","protected":false},"author":2,"featured_media":3705,"comment_status":"closed","ping_status":"closed","sticky":false,"template":"","format":"standard","meta":{"powered_cache_disable_cache":false,"footnotes":""},"categories":[28,56],"tags":[],"class_list":["post-3715","post","type-post","status-publish","format-standard","has-post-thumbnail","hentry","category-news","category-news-2020"],"yoast_head":"<!-- This site is optimized with the Yoast SEO plugin v27.5 - https:\/\/yoast.com\/product\/yoast-seo-wordpress\/ -->\n<title>Days of Hispanic Cinema 2020 - FeCHA - Festival de Cine Hispan\u00f3fono de Atenas \/ Hispanic Film Festival of Athens<\/title>\n<meta name=\"robots\" content=\"index, follow, max-snippet:-1, max-image-preview:large, max-video-preview:-1\" \/>\n<link rel=\"canonical\" href=\"https:\/\/fecha.gr\/en\/3715\/days-of-hispanic-cinema-2020\/\" \/>\n<meta property=\"og:locale\" content=\"en_US\" \/>\n<meta property=\"og:type\" content=\"article\" \/>\n<meta property=\"og:title\" content=\"Days of Hispanic Cinema 2020 - FeCHA - Festival de Cine Hispan\u00f3fono de Atenas \/ Hispanic Film Festival of Athens\" \/>\n<meta property=\"og:description\" content=\"Festival de Cine Hispan\u00f3fono de Atenas &#8211; FeCHA presents &#8220;Days of Hispanic Cinema&#8221; on 12-14 October 2020, a new initiative which coincides with the &#8220;D\u00eda de la Hispanidad\/ D\u00eda de la Raza&#8221; During the event, 6 award-winning films from Spain and Latin America will be presented via online viewing for free to all of Greece Each film will be available&hellip;\" \/>\n<meta property=\"og:url\" content=\"https:\/\/fecha.gr\/en\/3715\/days-of-hispanic-cinema-2020\/\" \/>\n<meta property=\"og:site_name\" content=\"FeCHA - Festival de Cine Hispan\u00f3fono de Atenas \/ Hispanic Film Festival of Athens\" \/>\n<meta property=\"article:published_time\" content=\"2020-10-02T11:46:59+00:00\" \/>\n<meta property=\"og:image\" content=\"https:\/\/fecha.gr\/wp-content\/uploads\/2020\/10\/tilezoom.jpeg\" \/>\n\t<meta property=\"og:image:width\" content=\"1500\" \/>\n\t<meta property=\"og:image:height\" content=\"844\" \/>\n\t<meta property=\"og:image:type\" content=\"image\/jpeg\" \/>\n<meta name=\"author\" content=\"fes\" \/>\n<meta name=\"twitter:card\" content=\"summary_large_image\" \/>\n<script type=\"application\/ld+json\" class=\"yoast-schema-graph\">{\"@context\":\"https:\\\/\\\/schema.org\",\"@graph\":[{\"@type\":\"Article\",\"@id\":\"https:\\\/\\\/fecha.gr\\\/en\\\/3715\\\/days-of-hispanic-cinema-2020\\\/#article\",\"isPartOf\":{\"@id\":\"https:\\\/\\\/fecha.gr\\\/en\\\/3715\\\/days-of-hispanic-cinema-2020\\\/\"},\"author\":{\"name\":\"fes\",\"@id\":\"https:\\\/\\\/fecha.gr\\\/#\\\/schema\\\/person\\\/7aeeb4cb445b980097bd9e97d4cc2e8d\"},\"headline\":\"Days of Hispanic Cinema 2020\",\"datePublished\":\"2020-10-02T11:46:59+00:00\",\"mainEntityOfPage\":{\"@id\":\"https:\\\/\\\/fecha.gr\\\/en\\\/3715\\\/days-of-hispanic-cinema-2020\\\/\"},\"wordCount\":645,\"publisher\":{\"@id\":\"https:\\\/\\\/fecha.gr\\\/#organization\"},\"image\":{\"@id\":\"https:\\\/\\\/fecha.gr\\\/en\\\/3715\\\/days-of-hispanic-cinema-2020\\\/#primaryimage\"},\"thumbnailUrl\":\"https:\\\/\\\/fecha.gr\\\/wp-content\\\/uploads\\\/2020\\\/10\\\/tilezoom.jpeg\",\"articleSection\":[\"News\",\"News 2020\"],\"inLanguage\":\"en-US\"},{\"@type\":\"WebPage\",\"@id\":\"https:\\\/\\\/fecha.gr\\\/en\\\/3715\\\/days-of-hispanic-cinema-2020\\\/\",\"url\":\"https:\\\/\\\/fecha.gr\\\/en\\\/3715\\\/days-of-hispanic-cinema-2020\\\/\",\"name\":\"Days of Hispanic Cinema 2020 - FeCHA - Festival de Cine Hispan\u00f3fono de Atenas \\\/ Hispanic Film Festival of Athens\",\"isPartOf\":{\"@id\":\"https:\\\/\\\/fecha.gr\\\/#website\"},\"primaryImageOfPage\":{\"@id\":\"https:\\\/\\\/fecha.gr\\\/en\\\/3715\\\/days-of-hispanic-cinema-2020\\\/#primaryimage\"},\"image\":{\"@id\":\"https:\\\/\\\/fecha.gr\\\/en\\\/3715\\\/days-of-hispanic-cinema-2020\\\/#primaryimage\"},\"thumbnailUrl\":\"https:\\\/\\\/fecha.gr\\\/wp-content\\\/uploads\\\/2020\\\/10\\\/tilezoom.jpeg\",\"datePublished\":\"2020-10-02T11:46:59+00:00\",\"breadcrumb\":{\"@id\":\"https:\\\/\\\/fecha.gr\\\/en\\\/3715\\\/days-of-hispanic-cinema-2020\\\/#breadcrumb\"},\"inLanguage\":\"en-US\",\"potentialAction\":[{\"@type\":\"ReadAction\",\"target\":[\"https:\\\/\\\/fecha.gr\\\/en\\\/3715\\\/days-of-hispanic-cinema-2020\\\/\"]}]},{\"@type\":\"ImageObject\",\"inLanguage\":\"en-US\",\"@id\":\"https:\\\/\\\/fecha.gr\\\/en\\\/3715\\\/days-of-hispanic-cinema-2020\\\/#primaryimage\",\"url\":\"https:\\\/\\\/fecha.gr\\\/wp-content\\\/uploads\\\/2020\\\/10\\\/tilezoom.jpeg\",\"contentUrl\":\"https:\\\/\\\/fecha.gr\\\/wp-content\\\/uploads\\\/2020\\\/10\\\/tilezoom.jpeg\",\"width\":1500,\"height\":844},{\"@type\":\"BreadcrumbList\",\"@id\":\"https:\\\/\\\/fecha.gr\\\/en\\\/3715\\\/days-of-hispanic-cinema-2020\\\/#breadcrumb\",\"itemListElement\":[{\"@type\":\"ListItem\",\"position\":1,\"name\":\"Home\",\"item\":\"https:\\\/\\\/fecha.gr\\\/en\\\/coming-soon\\\/\"},{\"@type\":\"ListItem\",\"position\":2,\"name\":\"Days of Hispanic Cinema 2020\"}]},{\"@type\":\"WebSite\",\"@id\":\"https:\\\/\\\/fecha.gr\\\/#website\",\"url\":\"https:\\\/\\\/fecha.gr\\\/\",\"name\":\"FeCHA - Festival de Cine Hispan\u00f3fono de Atenas \\\/ Hispanic Film Festival of Athens\",\"description\":\"\",\"publisher\":{\"@id\":\"https:\\\/\\\/fecha.gr\\\/#organization\"},\"potentialAction\":[{\"@type\":\"SearchAction\",\"target\":{\"@type\":\"EntryPoint\",\"urlTemplate\":\"https:\\\/\\\/fecha.gr\\\/?s={search_term_string}\"},\"query-input\":{\"@type\":\"PropertyValueSpecification\",\"valueRequired\":true,\"valueName\":\"search_term_string\"}}],\"inLanguage\":\"en-US\"},{\"@type\":\"Organization\",\"@id\":\"https:\\\/\\\/fecha.gr\\\/#organization\",\"name\":\"FeCHA - Festival de Cine Hispan\u00f3fono de Atenas\",\"url\":\"https:\\\/\\\/fecha.gr\\\/\",\"logo\":{\"@type\":\"ImageObject\",\"inLanguage\":\"en-US\",\"@id\":\"https:\\\/\\\/fecha.gr\\\/#\\\/schema\\\/logo\\\/image\\\/\",\"url\":\"https:\\\/\\\/fecha.gr\\\/wp-content\\\/uploads\\\/2016\\\/05\\\/favicon-fecha.png\",\"contentUrl\":\"https:\\\/\\\/fecha.gr\\\/wp-content\\\/uploads\\\/2016\\\/05\\\/favicon-fecha.png\",\"width\":1000,\"height\":1000,\"caption\":\"FeCHA - Festival de Cine Hispan\u00f3fono de Atenas\"},\"image\":{\"@id\":\"https:\\\/\\\/fecha.gr\\\/#\\\/schema\\\/logo\\\/image\\\/\"}},{\"@type\":\"Person\",\"@id\":\"https:\\\/\\\/fecha.gr\\\/#\\\/schema\\\/person\\\/7aeeb4cb445b980097bd9e97d4cc2e8d\",\"name\":\"fes\",\"url\":\"https:\\\/\\\/fecha.gr\\\/en\\\/author\\\/fes\\\/\"}]}<\/script>\n<!-- \/ Yoast SEO plugin. -->","yoast_head_json":{"title":"Days of Hispanic Cinema 2020 - FeCHA - Festival de Cine Hispan\u00f3fono de Atenas \/ Hispanic Film Festival of Athens","robots":{"index":"index","follow":"follow","max-snippet":"max-snippet:-1","max-image-preview":"max-image-preview:large","max-video-preview":"max-video-preview:-1"},"canonical":"https:\/\/fecha.gr\/en\/3715\/days-of-hispanic-cinema-2020\/","og_locale":"en_US","og_type":"article","og_title":"Days of Hispanic Cinema 2020 - FeCHA - Festival de Cine Hispan\u00f3fono de Atenas \/ Hispanic Film Festival of Athens","og_description":"Festival de Cine Hispan\u00f3fono de Atenas &#8211; FeCHA presents &#8220;Days of Hispanic Cinema&#8221; on 12-14 October 2020, a new initiative which coincides with the &#8220;D\u00eda de la Hispanidad\/ D\u00eda de la Raza&#8221; During the event, 6 award-winning films from Spain and Latin America will be presented via online viewing for free to all of Greece Each film will be available&hellip;","og_url":"https:\/\/fecha.gr\/en\/3715\/days-of-hispanic-cinema-2020\/","og_site_name":"FeCHA - Festival de Cine Hispan\u00f3fono de Atenas \/ Hispanic Film Festival of Athens","article_published_time":"2020-10-02T11:46:59+00:00","og_image":[{"width":1500,"height":844,"url":"https:\/\/fecha.gr\/wp-content\/uploads\/2020\/10\/tilezoom.jpeg","type":"image\/jpeg"}],"author":"fes","twitter_card":"summary_large_image","schema":{"@context":"https:\/\/schema.org","@graph":[{"@type":"Article","@id":"https:\/\/fecha.gr\/en\/3715\/days-of-hispanic-cinema-2020\/#article","isPartOf":{"@id":"https:\/\/fecha.gr\/en\/3715\/days-of-hispanic-cinema-2020\/"},"author":{"name":"fes","@id":"https:\/\/fecha.gr\/#\/schema\/person\/7aeeb4cb445b980097bd9e97d4cc2e8d"},"headline":"Days of Hispanic Cinema 2020","datePublished":"2020-10-02T11:46:59+00:00","mainEntityOfPage":{"@id":"https:\/\/fecha.gr\/en\/3715\/days-of-hispanic-cinema-2020\/"},"wordCount":645,"publisher":{"@id":"https:\/\/fecha.gr\/#organization"},"image":{"@id":"https:\/\/fecha.gr\/en\/3715\/days-of-hispanic-cinema-2020\/#primaryimage"},"thumbnailUrl":"https:\/\/fecha.gr\/wp-content\/uploads\/2020\/10\/tilezoom.jpeg","articleSection":["News","News 2020"],"inLanguage":"en-US"},{"@type":"WebPage","@id":"https:\/\/fecha.gr\/en\/3715\/days-of-hispanic-cinema-2020\/","url":"https:\/\/fecha.gr\/en\/3715\/days-of-hispanic-cinema-2020\/","name":"Days of Hispanic Cinema 2020 - FeCHA - Festival de Cine Hispan\u00f3fono de Atenas \/ Hispanic Film Festival of Athens","isPartOf":{"@id":"https:\/\/fecha.gr\/#website"},"primaryImageOfPage":{"@id":"https:\/\/fecha.gr\/en\/3715\/days-of-hispanic-cinema-2020\/#primaryimage"},"image":{"@id":"https:\/\/fecha.gr\/en\/3715\/days-of-hispanic-cinema-2020\/#primaryimage"},"thumbnailUrl":"https:\/\/fecha.gr\/wp-content\/uploads\/2020\/10\/tilezoom.jpeg","datePublished":"2020-10-02T11:46:59+00:00","breadcrumb":{"@id":"https:\/\/fecha.gr\/en\/3715\/days-of-hispanic-cinema-2020\/#breadcrumb"},"inLanguage":"en-US","potentialAction":[{"@type":"ReadAction","target":["https:\/\/fecha.gr\/en\/3715\/days-of-hispanic-cinema-2020\/"]}]},{"@type":"ImageObject","inLanguage":"en-US","@id":"https:\/\/fecha.gr\/en\/3715\/days-of-hispanic-cinema-2020\/#primaryimage","url":"https:\/\/fecha.gr\/wp-content\/uploads\/2020\/10\/tilezoom.jpeg","contentUrl":"https:\/\/fecha.gr\/wp-content\/uploads\/2020\/10\/tilezoom.jpeg","width":1500,"height":844},{"@type":"BreadcrumbList","@id":"https:\/\/fecha.gr\/en\/3715\/days-of-hispanic-cinema-2020\/#breadcrumb","itemListElement":[{"@type":"ListItem","position":1,"name":"Home","item":"https:\/\/fecha.gr\/en\/coming-soon\/"},{"@type":"ListItem","position":2,"name":"Days of Hispanic Cinema 2020"}]},{"@type":"WebSite","@id":"https:\/\/fecha.gr\/#website","url":"https:\/\/fecha.gr\/","name":"FeCHA - Festival de Cine Hispan\u00f3fono de Atenas \/ Hispanic Film Festival of Athens","description":"","publisher":{"@id":"https:\/\/fecha.gr\/#organization"},"potentialAction":[{"@type":"SearchAction","target":{"@type":"EntryPoint","urlTemplate":"https:\/\/fecha.gr\/?s={search_term_string}"},"query-input":{"@type":"PropertyValueSpecification","valueRequired":true,"valueName":"search_term_string"}}],"inLanguage":"en-US"},{"@type":"Organization","@id":"https:\/\/fecha.gr\/#organization","name":"FeCHA - Festival de Cine Hispan\u00f3fono de Atenas","url":"https:\/\/fecha.gr\/","logo":{"@type":"ImageObject","inLanguage":"en-US","@id":"https:\/\/fecha.gr\/#\/schema\/logo\/image\/","url":"https:\/\/fecha.gr\/wp-content\/uploads\/2016\/05\/favicon-fecha.png","contentUrl":"https:\/\/fecha.gr\/wp-content\/uploads\/2016\/05\/favicon-fecha.png","width":1000,"height":1000,"caption":"FeCHA - Festival de Cine Hispan\u00f3fono de Atenas"},"image":{"@id":"https:\/\/fecha.gr\/#\/schema\/logo\/image\/"}},{"@type":"Person","@id":"https:\/\/fecha.gr\/#\/schema\/person\/7aeeb4cb445b980097bd9e97d4cc2e8d","name":"fes","url":"https:\/\/fecha.gr\/en\/author\/fes\/"}]}},"_links":{"self":[{"href":"https:\/\/fecha.gr\/en\/wp-json\/wp\/v2\/posts\/3715","targetHints":{"allow":["GET"]}}],"collection":[{"href":"https:\/\/fecha.gr\/en\/wp-json\/wp\/v2\/posts"}],"about":[{"href":"https:\/\/fecha.gr\/en\/wp-json\/wp\/v2\/types\/post"}],"author":[{"embeddable":true,"href":"https:\/\/fecha.gr\/en\/wp-json\/wp\/v2\/users\/2"}],"replies":[{"embeddable":true,"href":"https:\/\/fecha.gr\/en\/wp-json\/wp\/v2\/comments?post=3715"}],"version-history":[{"count":0,"href":"https:\/\/fecha.gr\/en\/wp-json\/wp\/v2\/posts\/3715\/revisions"}],"wp:featuredmedia":[{"embeddable":true,"href":"https:\/\/fecha.gr\/en\/wp-json\/wp\/v2\/media\/3705"}],"wp:attachment":[{"href":"https:\/\/fecha.gr\/en\/wp-json\/wp\/v2\/media?parent=3715"}],"wp:term":[{"taxonomy":"category","embeddable":true,"href":"https:\/\/fecha.gr\/en\/wp-json\/wp\/v2\/categories?post=3715"},{"taxonomy":"post_tag","embeddable":true,"href":"https:\/\/fecha.gr\/en\/wp-json\/wp\/v2\/tags?post=3715"}],"curies":[{"name":"wp","href":"https:\/\/api.w.org\/{rel}","templated":true}]}}