
{"id":3098,"date":"2020-05-11T14:07:29","date_gmt":"2020-05-11T11:07:29","guid":{"rendered":"https:\/\/fecha.gr\/?p=3098"},"modified":"2020-06-02T10:17:42","modified_gmt":"2020-06-02T07:17:42","slug":"announcement-for-the-5th-fecha-athens-hispanic-film-festival","status":"publish","type":"post","link":"https:\/\/fecha.gr\/en\/3098\/announcement-for-the-5th-fecha-athens-hispanic-film-festival\/","title":{"rendered":"Announcement for the 5th FeCHA &#8211; Athens&#8217; Hispanic Film Festival"},"content":{"rendered":"<p>Due to the COVID-19 pandemic and the restrictions imposed on gatherings for the safety of the public, FeCHA festival will be unable to keep its annual gathering at the end of May \u2013 early June for 2020.<br \/>\nWe are working on trying to have the festival or some part of it at a later date, if the circumstances allow.<br \/>\nWe will post more news once it is available to us.<\/p>\n<p>In the meantime we would like to announce the short films and documentaries that were selected for FeCHA 2020.<\/p>\n<p><strong>cortoFeCHA<\/strong><\/p>\n<p>Girasol &#8211; Maria Victoria Sanchez Lara<br \/>\nDetras De La Puerta &#8211; Andres Borghi<br \/>\nCazatalentos &#8211; Jose Herrera<br \/>\nNine Steps &#8211; Mois\u00e9s Romera P\u00e9rez<br \/>\nBest Seller &#8211; Max Lemcke<br \/>\nBajo La Palmera &#8211; Pau Bacardit<br \/>\nAffection &#8211; \u00c1ngel G\u00f3mez Hern\u00e1ndez<br \/>\nTrivial &#8211; Fran Mench\u00f3n &amp; Sandra Reina<br \/>\nA Little Hornless Goat &#8211; Sebastian Dietsch<\/p>\n<p><strong>docuFeCHA<\/strong><\/p>\n<p>El Sembrador &#8211; Melissa Elizondo Moreno<br \/>\nDerechos Y Humanos &#8211; Ignacio Ibarra<\/p>\n<p><strong>Diversidad<\/strong><\/p>\n<p>Borra La Foto &#8211; Martin Van Hassel Rolle<br \/>\nMoros En La Costa &#8211; Dami\u00e0 Serra Cauchetiez<br \/>\nUna Noche Cualquiera &#8211; Juanlu Moreno Some<br \/>\nCocodrilo &#8211; Jorge Yudice<br \/>\nLa Nada (Y La Mujer) &#8211; Luis S\u00e1nchez-Gij\u00f3n<\/p>\n<p><strong>Verde<\/strong><\/p>\n<p>Abril, Y La Isla Del Tibur\u00f3n Ballena &#8211; Isabel C\u00e1rdenas Cort\u00e9s<br \/>\nSemilla &#8211; Jose Javier Castro &amp; Sebasti\u00e1n Betancur<br \/>\nEden &#8211; Eva Mar\u00eda Urbano Mora<br \/>\nMechanical Liquid &#8211; Andry Torres<br \/>\nMelty Hearts &#8211; Patricio Cisterna &amp; Manuel Cisterna<\/p>\n","protected":false},"excerpt":{"rendered":"<p>Due to the COVID-19 pandemic and the restrictions imposed on gatherings for the safety of the public, FeCHA festival will be unable to keep its annual gathering at the end of May \u2013 early June for 2020. We are working on trying to have the festival or some part of it at a later date, if the circumstances allow. We&hellip;<\/p>\n","protected":false},"author":2,"featured_media":3101,"comment_status":"closed","ping_status":"closed","sticky":false,"template":"","format":"standard","meta":{"powered_cache_disable_cache":false,"footnotes":""},"categories":[28,56],"tags":[],"class_list":["post-3098","post","type-post","status-publish","format-standard","has-post-thumbnail","hentry","category-news","category-news-2020"],"yoast_head":"<!-- This site is optimized with the Yoast SEO plugin v27.5 - https:\/\/yoast.com\/product\/yoast-seo-wordpress\/ -->\n<title>Announcement for the 5th FeCHA - Athens&#039; Hispanic Film Festival - FeCHA - Festival de Cine Hispan\u00f3fono de Atenas \/ Hispanic Film Festival of Athens<\/title>\n<meta name=\"robots\" content=\"index, follow, max-snippet:-1, max-image-preview:large, max-video-preview:-1\" \/>\n<link rel=\"canonical\" href=\"https:\/\/fecha.gr\/en\/3098\/announcement-for-the-5th-fecha-athens-hispanic-film-festival\/\" \/>\n<meta property=\"og:locale\" content=\"en_US\" \/>\n<meta property=\"og:type\" content=\"article\" \/>\n<meta property=\"og:title\" content=\"Announcement for the 5th FeCHA - Athens&#039; Hispanic Film Festival - FeCHA - Festival de Cine Hispan\u00f3fono de Atenas \/ Hispanic Film Festival of Athens\" \/>\n<meta property=\"og:description\" content=\"Due to the COVID-19 pandemic and the restrictions imposed on gatherings for the safety of the public, FeCHA festival will be unable to keep its annual gathering at the end of May \u2013 early June for 2020. We are working on trying to have the festival or some part of it at a later date, if the circumstances allow. We&hellip;\" \/>\n<meta property=\"og:url\" content=\"https:\/\/fecha.gr\/en\/3098\/announcement-for-the-5th-fecha-athens-hispanic-film-festival\/\" \/>\n<meta property=\"og:site_name\" content=\"FeCHA - Festival de Cine Hispan\u00f3fono de Atenas \/ Hispanic Film Festival of Athens\" \/>\n<meta property=\"article:published_time\" content=\"2020-05-11T11:07:29+00:00\" \/>\n<meta property=\"article:modified_time\" content=\"2020-06-02T07:17:42+00:00\" \/>\n<meta property=\"og:image\" content=\"https:\/\/fecha.gr\/wp-content\/uploads\/2020\/05\/unnamed-1.jpg\" \/>\n\t<meta property=\"og:image:width\" content=\"512\" \/>\n\t<meta property=\"og:image:height\" content=\"384\" \/>\n\t<meta property=\"og:image:type\" content=\"image\/jpeg\" \/>\n<meta name=\"author\" content=\"fes\" \/>\n<meta name=\"twitter:card\" content=\"summary_large_image\" \/>\n<script type=\"application\/ld+json\" class=\"yoast-schema-graph\">{\"@context\":\"https:\\\/\\\/schema.org\",\"@graph\":[{\"@type\":\"Article\",\"@id\":\"https:\\\/\\\/fecha.gr\\\/en\\\/3098\\\/announcement-for-the-5th-fecha-athens-hispanic-film-festival\\\/#article\",\"isPartOf\":{\"@id\":\"https:\\\/\\\/fecha.gr\\\/en\\\/3098\\\/announcement-for-the-5th-fecha-athens-hispanic-film-festival\\\/\"},\"author\":{\"name\":\"fes\",\"@id\":\"https:\\\/\\\/fecha.gr\\\/#\\\/schema\\\/person\\\/7aeeb4cb445b980097bd9e97d4cc2e8d\"},\"headline\":\"Announcement for the 5th FeCHA &#8211; Athens&#8217; Hispanic Film Festival\",\"datePublished\":\"2020-05-11T11:07:29+00:00\",\"dateModified\":\"2020-06-02T07:17:42+00:00\",\"mainEntityOfPage\":{\"@id\":\"https:\\\/\\\/fecha.gr\\\/en\\\/3098\\\/announcement-for-the-5th-fecha-athens-hispanic-film-festival\\\/\"},\"wordCount\":250,\"publisher\":{\"@id\":\"https:\\\/\\\/fecha.gr\\\/#organization\"},\"image\":{\"@id\":\"https:\\\/\\\/fecha.gr\\\/en\\\/3098\\\/announcement-for-the-5th-fecha-athens-hispanic-film-festival\\\/#primaryimage\"},\"thumbnailUrl\":\"https:\\\/\\\/fecha.gr\\\/wp-content\\\/uploads\\\/2020\\\/05\\\/unnamed-1.jpg\",\"articleSection\":[\"News\",\"News 2020\"],\"inLanguage\":\"en-US\"},{\"@type\":\"WebPage\",\"@id\":\"https:\\\/\\\/fecha.gr\\\/en\\\/3098\\\/announcement-for-the-5th-fecha-athens-hispanic-film-festival\\\/\",\"url\":\"https:\\\/\\\/fecha.gr\\\/en\\\/3098\\\/announcement-for-the-5th-fecha-athens-hispanic-film-festival\\\/\",\"name\":\"Announcement for the 5th FeCHA - Athens' Hispanic Film Festival - FeCHA - Festival de Cine Hispan\u00f3fono de Atenas \\\/ Hispanic Film Festival of Athens\",\"isPartOf\":{\"@id\":\"https:\\\/\\\/fecha.gr\\\/#website\"},\"primaryImageOfPage\":{\"@id\":\"https:\\\/\\\/fecha.gr\\\/en\\\/3098\\\/announcement-for-the-5th-fecha-athens-hispanic-film-festival\\\/#primaryimage\"},\"image\":{\"@id\":\"https:\\\/\\\/fecha.gr\\\/en\\\/3098\\\/announcement-for-the-5th-fecha-athens-hispanic-film-festival\\\/#primaryimage\"},\"thumbnailUrl\":\"https:\\\/\\\/fecha.gr\\\/wp-content\\\/uploads\\\/2020\\\/05\\\/unnamed-1.jpg\",\"datePublished\":\"2020-05-11T11:07:29+00:00\",\"dateModified\":\"2020-06-02T07:17:42+00:00\",\"breadcrumb\":{\"@id\":\"https:\\\/\\\/fecha.gr\\\/en\\\/3098\\\/announcement-for-the-5th-fecha-athens-hispanic-film-festival\\\/#breadcrumb\"},\"inLanguage\":\"en-US\",\"potentialAction\":[{\"@type\":\"ReadAction\",\"target\":[\"https:\\\/\\\/fecha.gr\\\/en\\\/3098\\\/announcement-for-the-5th-fecha-athens-hispanic-film-festival\\\/\"]}]},{\"@type\":\"ImageObject\",\"inLanguage\":\"en-US\",\"@id\":\"https:\\\/\\\/fecha.gr\\\/en\\\/3098\\\/announcement-for-the-5th-fecha-athens-hispanic-film-festival\\\/#primaryimage\",\"url\":\"https:\\\/\\\/fecha.gr\\\/wp-content\\\/uploads\\\/2020\\\/05\\\/unnamed-1.jpg\",\"contentUrl\":\"https:\\\/\\\/fecha.gr\\\/wp-content\\\/uploads\\\/2020\\\/05\\\/unnamed-1.jpg\",\"width\":512,\"height\":384},{\"@type\":\"BreadcrumbList\",\"@id\":\"https:\\\/\\\/fecha.gr\\\/en\\\/3098\\\/announcement-for-the-5th-fecha-athens-hispanic-film-festival\\\/#breadcrumb\",\"itemListElement\":[{\"@type\":\"ListItem\",\"position\":1,\"name\":\"Home\",\"item\":\"https:\\\/\\\/fecha.gr\\\/en\\\/coming-soon\\\/\"},{\"@type\":\"ListItem\",\"position\":2,\"name\":\"Announcement for the 5th FeCHA &#8211; Athens&#8217; Hispanic Film Festival\"}]},{\"@type\":\"WebSite\",\"@id\":\"https:\\\/\\\/fecha.gr\\\/#website\",\"url\":\"https:\\\/\\\/fecha.gr\\\/\",\"name\":\"FeCHA - Festival de Cine Hispan\u00f3fono de Atenas \\\/ Hispanic Film Festival of Athens\",\"description\":\"\",\"publisher\":{\"@id\":\"https:\\\/\\\/fecha.gr\\\/#organization\"},\"potentialAction\":[{\"@type\":\"SearchAction\",\"target\":{\"@type\":\"EntryPoint\",\"urlTemplate\":\"https:\\\/\\\/fecha.gr\\\/?s={search_term_string}\"},\"query-input\":{\"@type\":\"PropertyValueSpecification\",\"valueRequired\":true,\"valueName\":\"search_term_string\"}}],\"inLanguage\":\"en-US\"},{\"@type\":\"Organization\",\"@id\":\"https:\\\/\\\/fecha.gr\\\/#organization\",\"name\":\"FeCHA - Festival de Cine Hispan\u00f3fono de Atenas\",\"url\":\"https:\\\/\\\/fecha.gr\\\/\",\"logo\":{\"@type\":\"ImageObject\",\"inLanguage\":\"en-US\",\"@id\":\"https:\\\/\\\/fecha.gr\\\/#\\\/schema\\\/logo\\\/image\\\/\",\"url\":\"https:\\\/\\\/fecha.gr\\\/wp-content\\\/uploads\\\/2016\\\/05\\\/favicon-fecha.png\",\"contentUrl\":\"https:\\\/\\\/fecha.gr\\\/wp-content\\\/uploads\\\/2016\\\/05\\\/favicon-fecha.png\",\"width\":1000,\"height\":1000,\"caption\":\"FeCHA - Festival de Cine Hispan\u00f3fono de Atenas\"},\"image\":{\"@id\":\"https:\\\/\\\/fecha.gr\\\/#\\\/schema\\\/logo\\\/image\\\/\"}},{\"@type\":\"Person\",\"@id\":\"https:\\\/\\\/fecha.gr\\\/#\\\/schema\\\/person\\\/7aeeb4cb445b980097bd9e97d4cc2e8d\",\"name\":\"fes\",\"url\":\"https:\\\/\\\/fecha.gr\\\/en\\\/author\\\/fes\\\/\"}]}<\/script>\n<!-- \/ Yoast SEO plugin. -->","yoast_head_json":{"title":"Announcement for the 5th FeCHA - Athens' Hispanic Film Festival - FeCHA - Festival de Cine Hispan\u00f3fono de Atenas \/ Hispanic Film Festival of Athens","robots":{"index":"index","follow":"follow","max-snippet":"max-snippet:-1","max-image-preview":"max-image-preview:large","max-video-preview":"max-video-preview:-1"},"canonical":"https:\/\/fecha.gr\/en\/3098\/announcement-for-the-5th-fecha-athens-hispanic-film-festival\/","og_locale":"en_US","og_type":"article","og_title":"Announcement for the 5th FeCHA - Athens' Hispanic Film Festival - FeCHA - Festival de Cine Hispan\u00f3fono de Atenas \/ Hispanic Film Festival of Athens","og_description":"Due to the COVID-19 pandemic and the restrictions imposed on gatherings for the safety of the public, FeCHA festival will be unable to keep its annual gathering at the end of May \u2013 early June for 2020. We are working on trying to have the festival or some part of it at a later date, if the circumstances allow. We&hellip;","og_url":"https:\/\/fecha.gr\/en\/3098\/announcement-for-the-5th-fecha-athens-hispanic-film-festival\/","og_site_name":"FeCHA - Festival de Cine Hispan\u00f3fono de Atenas \/ Hispanic Film Festival of Athens","article_published_time":"2020-05-11T11:07:29+00:00","article_modified_time":"2020-06-02T07:17:42+00:00","og_image":[{"width":512,"height":384,"url":"https:\/\/fecha.gr\/wp-content\/uploads\/2020\/05\/unnamed-1.jpg","type":"image\/jpeg"}],"author":"fes","twitter_card":"summary_large_image","schema":{"@context":"https:\/\/schema.org","@graph":[{"@type":"Article","@id":"https:\/\/fecha.gr\/en\/3098\/announcement-for-the-5th-fecha-athens-hispanic-film-festival\/#article","isPartOf":{"@id":"https:\/\/fecha.gr\/en\/3098\/announcement-for-the-5th-fecha-athens-hispanic-film-festival\/"},"author":{"name":"fes","@id":"https:\/\/fecha.gr\/#\/schema\/person\/7aeeb4cb445b980097bd9e97d4cc2e8d"},"headline":"Announcement for the 5th FeCHA &#8211; Athens&#8217; Hispanic Film Festival","datePublished":"2020-05-11T11:07:29+00:00","dateModified":"2020-06-02T07:17:42+00:00","mainEntityOfPage":{"@id":"https:\/\/fecha.gr\/en\/3098\/announcement-for-the-5th-fecha-athens-hispanic-film-festival\/"},"wordCount":250,"publisher":{"@id":"https:\/\/fecha.gr\/#organization"},"image":{"@id":"https:\/\/fecha.gr\/en\/3098\/announcement-for-the-5th-fecha-athens-hispanic-film-festival\/#primaryimage"},"thumbnailUrl":"https:\/\/fecha.gr\/wp-content\/uploads\/2020\/05\/unnamed-1.jpg","articleSection":["News","News 2020"],"inLanguage":"en-US"},{"@type":"WebPage","@id":"https:\/\/fecha.gr\/en\/3098\/announcement-for-the-5th-fecha-athens-hispanic-film-festival\/","url":"https:\/\/fecha.gr\/en\/3098\/announcement-for-the-5th-fecha-athens-hispanic-film-festival\/","name":"Announcement for the 5th FeCHA - Athens' Hispanic Film Festival - FeCHA - Festival de Cine Hispan\u00f3fono de Atenas \/ Hispanic Film Festival of Athens","isPartOf":{"@id":"https:\/\/fecha.gr\/#website"},"primaryImageOfPage":{"@id":"https:\/\/fecha.gr\/en\/3098\/announcement-for-the-5th-fecha-athens-hispanic-film-festival\/#primaryimage"},"image":{"@id":"https:\/\/fecha.gr\/en\/3098\/announcement-for-the-5th-fecha-athens-hispanic-film-festival\/#primaryimage"},"thumbnailUrl":"https:\/\/fecha.gr\/wp-content\/uploads\/2020\/05\/unnamed-1.jpg","datePublished":"2020-05-11T11:07:29+00:00","dateModified":"2020-06-02T07:17:42+00:00","breadcrumb":{"@id":"https:\/\/fecha.gr\/en\/3098\/announcement-for-the-5th-fecha-athens-hispanic-film-festival\/#breadcrumb"},"inLanguage":"en-US","potentialAction":[{"@type":"ReadAction","target":["https:\/\/fecha.gr\/en\/3098\/announcement-for-the-5th-fecha-athens-hispanic-film-festival\/"]}]},{"@type":"ImageObject","inLanguage":"en-US","@id":"https:\/\/fecha.gr\/en\/3098\/announcement-for-the-5th-fecha-athens-hispanic-film-festival\/#primaryimage","url":"https:\/\/fecha.gr\/wp-content\/uploads\/2020\/05\/unnamed-1.jpg","contentUrl":"https:\/\/fecha.gr\/wp-content\/uploads\/2020\/05\/unnamed-1.jpg","width":512,"height":384},{"@type":"BreadcrumbList","@id":"https:\/\/fecha.gr\/en\/3098\/announcement-for-the-5th-fecha-athens-hispanic-film-festival\/#breadcrumb","itemListElement":[{"@type":"ListItem","position":1,"name":"Home","item":"https:\/\/fecha.gr\/en\/coming-soon\/"},{"@type":"ListItem","position":2,"name":"Announcement for the 5th FeCHA &#8211; Athens&#8217; Hispanic Film Festival"}]},{"@type":"WebSite","@id":"https:\/\/fecha.gr\/#website","url":"https:\/\/fecha.gr\/","name":"FeCHA - Festival de Cine Hispan\u00f3fono de Atenas \/ Hispanic Film Festival of Athens","description":"","publisher":{"@id":"https:\/\/fecha.gr\/#organization"},"potentialAction":[{"@type":"SearchAction","target":{"@type":"EntryPoint","urlTemplate":"https:\/\/fecha.gr\/?s={search_term_string}"},"query-input":{"@type":"PropertyValueSpecification","valueRequired":true,"valueName":"search_term_string"}}],"inLanguage":"en-US"},{"@type":"Organization","@id":"https:\/\/fecha.gr\/#organization","name":"FeCHA - Festival de Cine Hispan\u00f3fono de Atenas","url":"https:\/\/fecha.gr\/","logo":{"@type":"ImageObject","inLanguage":"en-US","@id":"https:\/\/fecha.gr\/#\/schema\/logo\/image\/","url":"https:\/\/fecha.gr\/wp-content\/uploads\/2016\/05\/favicon-fecha.png","contentUrl":"https:\/\/fecha.gr\/wp-content\/uploads\/2016\/05\/favicon-fecha.png","width":1000,"height":1000,"caption":"FeCHA - Festival de Cine Hispan\u00f3fono de Atenas"},"image":{"@id":"https:\/\/fecha.gr\/#\/schema\/logo\/image\/"}},{"@type":"Person","@id":"https:\/\/fecha.gr\/#\/schema\/person\/7aeeb4cb445b980097bd9e97d4cc2e8d","name":"fes","url":"https:\/\/fecha.gr\/en\/author\/fes\/"}]}},"_links":{"self":[{"href":"https:\/\/fecha.gr\/en\/wp-json\/wp\/v2\/posts\/3098","targetHints":{"allow":["GET"]}}],"collection":[{"href":"https:\/\/fecha.gr\/en\/wp-json\/wp\/v2\/posts"}],"about":[{"href":"https:\/\/fecha.gr\/en\/wp-json\/wp\/v2\/types\/post"}],"author":[{"embeddable":true,"href":"https:\/\/fecha.gr\/en\/wp-json\/wp\/v2\/users\/2"}],"replies":[{"embeddable":true,"href":"https:\/\/fecha.gr\/en\/wp-json\/wp\/v2\/comments?post=3098"}],"version-history":[{"count":0,"href":"https:\/\/fecha.gr\/en\/wp-json\/wp\/v2\/posts\/3098\/revisions"}],"wp:featuredmedia":[{"embeddable":true,"href":"https:\/\/fecha.gr\/en\/wp-json\/wp\/v2\/media\/3101"}],"wp:attachment":[{"href":"https:\/\/fecha.gr\/en\/wp-json\/wp\/v2\/media?parent=3098"}],"wp:term":[{"taxonomy":"category","embeddable":true,"href":"https:\/\/fecha.gr\/en\/wp-json\/wp\/v2\/categories?post=3098"},{"taxonomy":"post_tag","embeddable":true,"href":"https:\/\/fecha.gr\/en\/wp-json\/wp\/v2\/tags?post=3098"}],"curies":[{"name":"wp","href":"https:\/\/api.w.org\/{rel}","templated":true}]}}